{"id":19965,"date":"2022-08-03T12:12:03","date_gmt":"2022-08-03T15:12:03","guid":{"rendered":"https:\/\/radiorevelacionfm.cl\/?p=19965"},"modified":"2022-08-03T12:12:03","modified_gmt":"2022-08-03T15:12:03","slug":"alcalde-s-de-aysen-se-reune-con-representante-de-movimiento-regional-no-mas-impuesto-especifico","status":"publish","type":"post","link":"https:\/\/radiorevelacionfm.cl\/?p=19965","title":{"rendered":"Alcalde (s) de Ays\u00e9n se re\u00fane con representante de Movimiento regional No m\u00e1s impuesto espec\u00edfico"},"content":{"rendered":"<div class=\"flex_column av_one_full  flex_column_div av-zero-column-padding first  avia-builder-el-0  el_before_av_one_full  avia-builder-el-first  \" style='border-radius:0px; '><div  class='avia-image-container  av-styling-    avia-builder-el-1  avia-builder-el-no-sibling  avia-align-center '  itemprop=\"image\" itemscope=\"itemscope\" itemtype=\"https:\/\/schema.org\/ImageObject\"  ><div class='avia-image-container-inner'><div class='avia-image-overlay-wrap'><img decoding=\"async\" class='wp-image-19966 avia-img-lazy-loading-not-19966 avia_image' src=\"https:\/\/radiorevelacionfm.cl\/wp-content\/uploads\/2022\/08\/Fotografia-reunion-alcalde-s-y-representante-Movimiento-regional-No-mas-impuesto-especifico-1.jpg\" alt='' title='Fotograf\u00eda reuni\u00f3n alcalde (s) y representante Movimiento regional No m\u00e1s impuesto espec\u00edfico (1)' height=\"591\" width=\"1080\"  itemprop=\"thumbnailUrl\" srcset=\"https:\/\/radiorevelacionfm.cl\/wp-content\/uploads\/2022\/08\/Fotografia-reunion-alcalde-s-y-representante-Movimiento-regional-No-mas-impuesto-especifico-1.jpg 1080w, https:\/\/radiorevelacionfm.cl\/wp-content\/uploads\/2022\/08\/Fotografia-reunion-alcalde-s-y-representante-Movimiento-regional-No-mas-impuesto-especifico-1-300x164.jpg 300w, https:\/\/radiorevelacionfm.cl\/wp-content\/uploads\/2022\/08\/Fotografia-reunion-alcalde-s-y-representante-Movimiento-regional-No-mas-impuesto-especifico-1-1030x564.jpg 1030w, https:\/\/radiorevelacionfm.cl\/wp-content\/uploads\/2022\/08\/Fotografia-reunion-alcalde-s-y-representante-Movimiento-regional-No-mas-impuesto-especifico-1-768x420.jpg 768w, https:\/\/radiorevelacionfm.cl\/wp-content\/uploads\/2022\/08\/Fotografia-reunion-alcalde-s-y-representante-Movimiento-regional-No-mas-impuesto-especifico-1-705x386.jpg 705w, https:\/\/radiorevelacionfm.cl\/wp-content\/uploads\/2022\/08\/Fotografia-reunion-alcalde-s-y-representante-Movimiento-regional-No-mas-impuesto-especifico-1-600x328.jpg 600w\" sizes=\"(max-width: 1080px) 100vw, 1080px\" \/><\/div><\/div><\/div><\/div><div class=\"flex_column av_one_full  flex_column_div av-zero-column-padding first  avia-builder-el-2  el_after_av_one_full  el_before_av_one_full  column-top-margin\" style='border-radius:0px; '><section class=\"av_textblock_section \"  itemscope=\"itemscope\" itemtype=\"https:\/\/schema.org\/BlogPosting\" itemprop=\"blogPost\" ><div class='avia_textblock  '   itemprop=\"text\" ><p style=\"text-align: center;\"><strong><span style=\"font-size: 18pt;\">Alcalde (s) de Ays\u00e9n se re\u00fane con representante de Movimiento regional No m\u00e1s impuesto espec\u00edfico <\/span><\/strong><\/p>\n<div id=\"gtx-trans\" style=\"position: absolute; left: -50px; top: 4.31534px;\">\n<div class=\"gtx-trans-icon\"><\/div>\n<\/div>\n<\/div><\/section><\/div><div class=\"flex_column av_one_full  flex_column_div av-zero-column-padding first  avia-builder-el-4  el_after_av_one_full  el_before_av_hr  column-top-margin\" style='border-radius:0px; '><section class=\"av_textblock_section \"  itemscope=\"itemscope\" itemtype=\"https:\/\/schema.org\/BlogPosting\" itemprop=\"blogPost\" ><div class='avia_textblock  '   itemprop=\"text\" ><p style=\"text-align: justify;\">Representante de Movimiento regional No m\u00e1s impuesto espec\u00edfico se re\u00fane con alcalde (s), Marco Co\u00f1uecar, para exponer sus peticiones y los pasos que seguir\u00e1n como organizaci\u00f3n para cumplirlos.<\/p>\n<p style=\"text-align: justify;\">\u201cDesde la Ilustre Municipalidad de Ays\u00e9n nos encontramos apoyando esta gran cruzada. Como comunidad debemos participar de la discusi\u00f3n sobre el impuesto al combustible, y, asimismo, darle un reconocimiento a la gente de nuestro territorio en esta materia\u201d, comenta Marco Co\u00f1uecar, alcalde subrogante de la Ilustre Municipalidad de Ays\u00e9n.<\/p>\n<p style=\"text-align: justify;\">En la instancia, Javier Barr\u00eda, representante del Movimiento regional No m\u00e1s impuesto espec\u00edfico, recalc\u00f3 la importancia de convocar a toda la comunidad aysenina, \u201cy dar cuenta de esta cruzada que estamos realizando como movimiento regional en contra del impuesto espec\u00edfico que encarece todos los costes de alimentos, maderas, y el diario vivir en general de nuestra regi\u00f3n\u201d, coment\u00f3.<\/p>\n<p style=\"text-align: justify;\">Finalizando la reuni\u00f3n, el representante municipal se mostr\u00f3 consecuente con la causa expuesta por Barr\u00eda, \u201cmanifest\u00e9 al alcalde (s) que enviamos varias cartas a autoridades y estamos a la espera de su respuesta, ojal\u00e1 que esta sea satisfactoria para la Regi\u00f3n de Ays\u00e9n\u201d, concluy\u00f3 el representante del Movimiento regional No m\u00e1s impuesto espec\u00edfico.<\/p>\n<\/div><\/section><\/div><div  style='height:50px' class='hr hr-invisible   avia-builder-el-6  el_after_av_one_full  el_before_av_social_share '><span class='hr-inner ' ><span class='hr-inner-style'><\/span><\/span><\/div><\/p>\n<div  class='av-social-sharing-box  avia-builder-el-7  el_after_av_hr  el_before_av_hr  '><div class='av-share-box'><h5 class='av-share-link-description av-no-toc '>Compartir esta noticia<\/h5><ul class='av-share-box-list noLightbox'><li class='av-share-link av-social-link-facebook' ><a target=\"_blank\" aria-label=\"Compartir en Facebook\" href='https:\/\/www.facebook.com\/sharer.php?u=https:\/\/radiorevelacionfm.cl\/?p=19965&#038;t=Alcalde%20%28s%29%20de%20Ays%C3%A9n%20se%20re%C3%BAne%20con%20representante%20de%20Movimiento%20regional%20No%20m%C3%A1s%20impuesto%20espec%C3%ADfico' aria-hidden='false' data-av_icon='\ue8f3' data-av_iconfont='entypo-fontello' title='' data-avia-related-tooltip='Compartir en Facebook' rel=\"noopener\"><span class='avia_hidden_link_text'>Compartir en Facebook<\/span><\/a><\/li><li class='av-share-link av-social-link-twitter' ><a target=\"_blank\" aria-label=\"Compartir en Twitter\" href='https:\/\/twitter.com\/share?text=Alcalde%20%28s%29%20de%20Ays%C3%A9n%20se%20re%C3%BAne%20con%20representante%20de%20Movimiento%20regional%20No%20m%C3%A1s%20impuesto%20espec%C3%ADfico&#038;url=https:\/\/radiorevelacionfm.cl\/?p=19965' aria-hidden='false' data-av_icon='\ue8f1' data-av_iconfont='entypo-fontello' title='' data-avia-related-tooltip='Compartir en Twitter' rel=\"noopener\"><span class='avia_hidden_link_text'>Compartir en Twitter<\/span><\/a><\/li><li class='av-share-link av-social-link-whatsapp' ><a target=\"_blank\" aria-label=\"Compartir en Whatsapp\" href='https:\/\/api.whatsapp.com\/send?text=https:\/\/radiorevelacionfm.cl\/?p=19965' aria-hidden='false' data-av_icon='\uf232' data-av_iconfont='entypo-fontello' title='' data-avia-related-tooltip='Compartir en Whatsapp' rel=\"noopener\"><span class='avia_hidden_link_text'>Compartir en Whatsapp<\/span><\/a><\/li><li class='av-share-link av-social-link-linkedin' ><a target=\"_blank\" aria-label=\"Compartir en LinkedIn\" href='https:\/\/linkedin.com\/shareArticle?mini=true&#038;title=Alcalde%20%28s%29%20de%20Ays%C3%A9n%20se%20re%C3%BAne%20con%20representante%20de%20Movimiento%20regional%20No%20m%C3%A1s%20impuesto%20espec%C3%ADfico&#038;url=https:\/\/radiorevelacionfm.cl\/?p=19965' aria-hidden='false' data-av_icon='\ue8fc' data-av_iconfont='entypo-fontello' title='' data-avia-related-tooltip='Compartir en LinkedIn' rel=\"noopener\"><span class='avia_hidden_link_text'>Compartir en LinkedIn<\/span><\/a><\/li><li class='av-share-link av-social-link-mail' ><a  aria-label=\"Compartir por correo\" href='mailto:?subject=Alcalde%20%28s%29%20de%20Ays%C3%A9n%20se%20re%C3%BAne%20con%20representante%20de%20Movimiento%20regional%20No%20m%C3%A1s%20impuesto%20espec%C3%ADfico&#038;body=https:\/\/radiorevelacionfm.cl\/?p=19965' aria-hidden='false' data-av_icon='\ue805' data-av_iconfont='entypo-fontello' title='' data-avia-related-tooltip='Compartir por correo'><span class='avia_hidden_link_text'>Compartir por correo<\/span><\/a><\/li><\/ul><\/div><\/div>\n<div  style='height:50px' class='hr hr-invisible   avia-builder-el-8  el_after_av_social_share  el_before_av_comments_list '><span class='hr-inner ' ><span class='hr-inner-style'><\/span><\/span><\/div>\n<div  class='av-buildercomment  av-blog-meta-html-info-disabled av-blog-meta-tag-disabled  '><\/div>\n","protected":false},"excerpt":{"rendered":"","protected":false},"author":1,"featured_media":19966,"comment_status":"open","ping_status":"open","sticky":false,"template":"","format":"standard","meta":{"footnotes":""},"categories":[38],"tags":[],"class_list":["post-19965","post","type-post","status-publish","format-standard","has-post-thumbnail","hentry","category-regional"],"jetpack_featured_media_url":"https:\/\/radiorevelacionfm.cl\/wp-content\/uploads\/2022\/08\/Fotografia-reunion-alcalde-s-y-representante-Movimiento-regional-No-mas-impuesto-especifico-1.jpg","_links":{"self":[{"href":"https:\/\/radiorevelacionfm.cl\/index.php?rest_route=\/wp\/v2\/posts\/19965","targetHints":{"allow":["GET"]}}],"collection":[{"href":"https:\/\/radiorevelacionfm.cl\/index.php?rest_route=\/wp\/v2\/posts"}],"about":[{"href":"https:\/\/radiorevelacionfm.cl\/index.php?rest_route=\/wp\/v2\/types\/post"}],"author":[{"embeddable":true,"href":"https:\/\/radiorevelacionfm.cl\/index.php?rest_route=\/wp\/v2\/users\/1"}],"replies":[{"embeddable":true,"href":"https:\/\/radiorevelacionfm.cl\/index.php?rest_route=%2Fwp%2Fv2%2Fcomments&post=19965"}],"version-history":[{"count":2,"href":"https:\/\/radiorevelacionfm.cl\/index.php?rest_route=\/wp\/v2\/posts\/19965\/revisions"}],"predecessor-version":[{"id":19989,"href":"https:\/\/radiorevelacionfm.cl\/index.php?rest_route=\/wp\/v2\/posts\/19965\/revisions\/19989"}],"wp:featuredmedia":[{"embeddable":true,"href":"https:\/\/radiorevelacionfm.cl\/index.php?rest_route=\/wp\/v2\/media\/19966"}],"wp:attachment":[{"href":"https:\/\/radiorevelacionfm.cl\/index.php?rest_route=%2Fwp%2Fv2%2Fmedia&parent=19965"}],"wp:term":[{"taxonomy":"category","embeddable":true,"href":"https:\/\/radiorevelacionfm.cl\/index.php?rest_route=%2Fwp%2Fv2%2Fcategories&post=19965"},{"taxonomy":"post_tag","embeddable":true,"href":"https:\/\/radiorevelacionfm.cl\/index.php?rest_route=%2Fwp%2Fv2%2Ftags&post=19965"}],"curies":[{"name":"wp","href":"https:\/\/api.w.org\/{rel}","templated":true}]}}