{"id":19962,"date":"2022-08-03T11:54:25","date_gmt":"2022-08-03T14:54:25","guid":{"rendered":"https:\/\/radiorevelacionfm.cl\/?p=19962"},"modified":"2022-08-03T11:54:25","modified_gmt":"2022-08-03T14:54:25","slug":"subdivision-predios-rusticos-comision-de-vivienda-del-senado-sesiono-para-continuar-debate-en-materia-de-parcelaciones","status":"publish","type":"post","link":"https:\/\/radiorevelacionfm.cl\/?p=19962","title":{"rendered":"Subdivisi\u00f3n predios r\u00fasticos: Comisi\u00f3n de Vivienda del Senado sesion\u00f3 para continuar debate en materia de parcelaciones"},"content":{"rendered":"<div class=\"flex_column av_one_full  flex_column_div av-zero-column-padding first  avia-builder-el-0  el_before_av_one_full  avia-builder-el-first  \" style='border-radius:0px; '><div  class='avia-image-container  av-styling-    avia-builder-el-1  avia-builder-el-no-sibling  avia-align-center '  itemprop=\"image\" itemscope=\"itemscope\" itemtype=\"https:\/\/schema.org\/ImageObject\"  ><div class='avia-image-container-inner'><div class='avia-image-overlay-wrap'><img decoding=\"async\" class='wp-image-19963 avia-img-lazy-loading-not-19963 avia_image' src=\"https:\/\/radiorevelacionfm.cl\/wp-content\/uploads\/2022\/08\/comision-vivienda3-1-1.jpg\" alt='' title='comisi\u00f3n vivienda3 (1) (1)' height=\"600\" width=\"900\"  itemprop=\"thumbnailUrl\" srcset=\"https:\/\/radiorevelacionfm.cl\/wp-content\/uploads\/2022\/08\/comision-vivienda3-1-1.jpg 900w, https:\/\/radiorevelacionfm.cl\/wp-content\/uploads\/2022\/08\/comision-vivienda3-1-1-300x200.jpg 300w, https:\/\/radiorevelacionfm.cl\/wp-content\/uploads\/2022\/08\/comision-vivienda3-1-1-768x512.jpg 768w, https:\/\/radiorevelacionfm.cl\/wp-content\/uploads\/2022\/08\/comision-vivienda3-1-1-705x470.jpg 705w, https:\/\/radiorevelacionfm.cl\/wp-content\/uploads\/2022\/08\/comision-vivienda3-1-1-600x400.jpg 600w\" sizes=\"(max-width: 900px) 100vw, 900px\" \/><\/div><\/div><\/div><\/div><div class=\"flex_column av_one_full  flex_column_div av-zero-column-padding first  avia-builder-el-2  el_after_av_one_full  el_before_av_one_full  column-top-margin\" style='border-radius:0px; '><section class=\"av_textblock_section \"  itemscope=\"itemscope\" itemtype=\"https:\/\/schema.org\/BlogPosting\" itemprop=\"blogPost\" ><div class='avia_textblock  '   itemprop=\"text\" ><p style=\"text-align: center;\"><strong><span style=\"font-size: 18pt;\">Subdivisi\u00f3n predios r\u00fasticos: Comisi\u00f3n de Vivienda del Senado sesion\u00f3 para continuar debate en materia de parcelaciones<\/span><\/strong><\/p>\n<div id=\"gtx-trans\" style=\"position: absolute; left: -50px; top: 4.31534px;\">\n<div class=\"gtx-trans-icon\"><\/div>\n<\/div>\n<\/div><\/section><\/div><div class=\"flex_column av_one_full  flex_column_div av-zero-column-padding first  avia-builder-el-4  el_after_av_one_full  el_before_av_hr  column-top-margin\" style='border-radius:0px; '><section class=\"av_textblock_section \"  itemscope=\"itemscope\" itemtype=\"https:\/\/schema.org\/BlogPosting\" itemprop=\"blogPost\" ><div class='avia_textblock  '   itemprop=\"text\" ><p style=\"text-align: justify;\">La comisi\u00f3n de vivienda del Senado, presidida por el senador David Sandoval, sesion\u00f3 en Santiago y Valpara\u00edso a inicios de esta semana, para continuar con el debate por el instructivo del Gobierno sobre la aplicaci\u00f3n de la facultad del Servicio Agr\u00edcola y Ganadero (SAG) en relaci\u00f3n con las certificaciones de proyectos de subdivisi\u00f3n de predios r\u00fasticos.<\/p>\n<p style=\"text-align: justify;\">As\u00ed, este lunes la instancia parlamentaria recibi\u00f3 a los alcaldes de Puerto Varas, Tom\u00e1s G\u00e1rate, de Valdivia, Carla Amtmann, y de R\u00edo Ib\u00e1\u00f1ez, Marcelo Santana, adem\u00e1s de representantes de la AG Chile Rural y de la Federaci\u00f3n Nacional de Cooperativas El\u00e9ctricas, quienes expusieron sus puntos de vista sobre los alcances y efectos de dicho documento, mientras que este martes, inici\u00f3 la discusi\u00f3n preliminar de los tres proyectos de ley que en tal sentido se presentaron durante los \u00faltimos d\u00edas, reuni\u00f3n en la que particip\u00f3 el ministro de Vivienda, Carlos Montes.<\/p>\n<p style=\"text-align: justify;\">Al respecto, el senador Sandoval, quien es autor de una de las mociones parlamentarias, enfatiz\u00f3 que lo que hay que hacer es buscar la salida legislativa adecuada, para permitir el ordenamiento de la ocupaci\u00f3n de la zona periurbana, enfrentando los desaf\u00edos que esto significa para los municipios y adem\u00e1s evitar, a todo evento, aquellos loteos en zonas m\u00e1s all\u00e1 de lo rural y que buscan burlar la norma. \u201cHay tres mociones que buscan hacer frente al fondo (del problema). Hoy est\u00e1 el decreto 3516, que faculta al SAG para hacer las subdivisiones, lo que creemos no es suficiente, lo que fue manifestado por los alcaldes. Por lo tanto, lo que buscamos a trav\u00e9s de estas mociones, es sentar al Ejecutivo, al agro, a las entidades involucradas, y construir una ley que se haga parte de este efecto\u201d, subray\u00f3.<\/p>\n<p style=\"text-align: justify;\">El parlamentario precis\u00f3 que hoy existen m\u00e1s de 150 mil parcelas en nuestro pa\u00eds, de las cuales 72 mil tienen viviendas construidas, insistiendo que en que no se puede impedir que alguna persona que quiera vivir en una condici\u00f3n de ruralidad lo pueda hacer. \u201cTampoco podemos impedir que un campesino quiera vender su terreno para tener una condici\u00f3n de vida distinta. Pero s\u00ed tenemos que regular las externalidades que se generan (\u2026) regulaciones b\u00e1sicas para evitar los loteos irregulares y por cierto, dar un orden institucional para que esto se desarrolle con normalidad\u201d, concluy\u00f3.<\/p>\n<p style=\"text-align: justify;\">Cabe indicar que la Sala del Senado autoriz\u00f3 la fusi\u00f3n de las tres mociones parlamentarias, lo cual comenzar\u00e1 a ser analizado en la pr\u00f3xima sesi\u00f3n de la comisi\u00f3n de Vivienda de la C\u00e1mara Alta.<\/p>\n<\/div><\/section><\/div><div  style='height:50px' class='hr hr-invisible   avia-builder-el-6  el_after_av_one_full  el_before_av_social_share '><span class='hr-inner ' ><span class='hr-inner-style'><\/span><\/span><\/div><\/p>\n<div  class='av-social-sharing-box  avia-builder-el-7  el_after_av_hr  el_before_av_hr  '><div class='av-share-box'><h5 class='av-share-link-description av-no-toc '>Compartir esta noticia<\/h5><ul class='av-share-box-list noLightbox'><li class='av-share-link av-social-link-facebook' ><a target=\"_blank\" aria-label=\"Compartir en Facebook\" href='https:\/\/www.facebook.com\/sharer.php?u=https:\/\/radiorevelacionfm.cl\/?p=19962&#038;t=Subdivisi%C3%B3n%20predios%20r%C3%BAsticos%3A%20Comisi%C3%B3n%20de%20Vivienda%20del%20Senado%20sesion%C3%B3%20para%20continuar%20debate%20en%20materia%20de%20parcelaciones' aria-hidden='false' data-av_icon='\ue8f3' data-av_iconfont='entypo-fontello' title='' data-avia-related-tooltip='Compartir en Facebook' rel=\"noopener\"><span class='avia_hidden_link_text'>Compartir en Facebook<\/span><\/a><\/li><li class='av-share-link av-social-link-twitter' ><a target=\"_blank\" aria-label=\"Compartir en Twitter\" href='https:\/\/twitter.com\/share?text=Subdivisi%C3%B3n%20predios%20r%C3%BAsticos%3A%20Comisi%C3%B3n%20de%20Vivienda%20del%20Senado%20sesion%C3%B3%20para%20continuar%20debate%20en%20materia%20de%20parcelaciones&#038;url=https:\/\/radiorevelacionfm.cl\/?p=19962' aria-hidden='false' data-av_icon='\ue8f1' data-av_iconfont='entypo-fontello' title='' data-avia-related-tooltip='Compartir en Twitter' rel=\"noopener\"><span class='avia_hidden_link_text'>Compartir en Twitter<\/span><\/a><\/li><li class='av-share-link av-social-link-whatsapp' ><a target=\"_blank\" aria-label=\"Compartir en Whatsapp\" href='https:\/\/api.whatsapp.com\/send?text=https:\/\/radiorevelacionfm.cl\/?p=19962' aria-hidden='false' data-av_icon='\uf232' data-av_iconfont='entypo-fontello' title='' data-avia-related-tooltip='Compartir en Whatsapp' rel=\"noopener\"><span class='avia_hidden_link_text'>Compartir en Whatsapp<\/span><\/a><\/li><li class='av-share-link av-social-link-linkedin' ><a target=\"_blank\" aria-label=\"Compartir en LinkedIn\" href='https:\/\/linkedin.com\/shareArticle?mini=true&#038;title=Subdivisi%C3%B3n%20predios%20r%C3%BAsticos%3A%20Comisi%C3%B3n%20de%20Vivienda%20del%20Senado%20sesion%C3%B3%20para%20continuar%20debate%20en%20materia%20de%20parcelaciones&#038;url=https:\/\/radiorevelacionfm.cl\/?p=19962' aria-hidden='false' data-av_icon='\ue8fc' data-av_iconfont='entypo-fontello' title='' data-avia-related-tooltip='Compartir en LinkedIn' rel=\"noopener\"><span class='avia_hidden_link_text'>Compartir en LinkedIn<\/span><\/a><\/li><li class='av-share-link av-social-link-mail' ><a  aria-label=\"Compartir por correo\" href='mailto:?subject=Subdivisi%C3%B3n%20predios%20r%C3%BAsticos%3A%20Comisi%C3%B3n%20de%20Vivienda%20del%20Senado%20sesion%C3%B3%20para%20continuar%20debate%20en%20materia%20de%20parcelaciones&#038;body=https:\/\/radiorevelacionfm.cl\/?p=19962' aria-hidden='false' data-av_icon='\ue805' data-av_iconfont='entypo-fontello' title='' data-avia-related-tooltip='Compartir por correo'><span class='avia_hidden_link_text'>Compartir por correo<\/span><\/a><\/li><\/ul><\/div><\/div>\n<div  style='height:50px' class='hr hr-invisible   avia-builder-el-8  el_after_av_social_share  el_before_av_comments_list '><span class='hr-inner ' ><span class='hr-inner-style'><\/span><\/span><\/div>\n<div  class='av-buildercomment  av-blog-meta-html-info-disabled av-blog-meta-tag-disabled  '><\/div>\n","protected":false},"excerpt":{"rendered":"","protected":false},"author":1,"featured_media":19963,"comment_status":"open","ping_status":"open","sticky":false,"template":"","format":"standard","meta":{"footnotes":""},"categories":[35],"tags":[],"class_list":["post-19962","post","type-post","status-publish","format-standard","has-post-thumbnail","hentry","category-politica"],"jetpack_featured_media_url":"https:\/\/radiorevelacionfm.cl\/wp-content\/uploads\/2022\/08\/comision-vivienda3-1-1.jpg","_links":{"self":[{"href":"https:\/\/radiorevelacionfm.cl\/index.php?rest_route=\/wp\/v2\/posts\/19962","targetHints":{"allow":["GET"]}}],"collection":[{"href":"https:\/\/radiorevelacionfm.cl\/index.php?rest_route=\/wp\/v2\/posts"}],"about":[{"href":"https:\/\/radiorevelacionfm.cl\/index.php?rest_route=\/wp\/v2\/types\/post"}],"author":[{"embeddable":true,"href":"https:\/\/radiorevelacionfm.cl\/index.php?rest_route=\/wp\/v2\/users\/1"}],"replies":[{"embeddable":true,"href":"https:\/\/radiorevelacionfm.cl\/index.php?rest_route=%2Fwp%2Fv2%2Fcomments&post=19962"}],"version-history":[{"count":2,"href":"https:\/\/radiorevelacionfm.cl\/index.php?rest_route=\/wp\/v2\/posts\/19962\/revisions"}],"predecessor-version":[{"id":19988,"href":"https:\/\/radiorevelacionfm.cl\/index.php?rest_route=\/wp\/v2\/posts\/19962\/revisions\/19988"}],"wp:featuredmedia":[{"embeddable":true,"href":"https:\/\/radiorevelacionfm.cl\/index.php?rest_route=\/wp\/v2\/media\/19963"}],"wp:attachment":[{"href":"https:\/\/radiorevelacionfm.cl\/index.php?rest_route=%2Fwp%2Fv2%2Fmedia&parent=19962"}],"wp:term":[{"taxonomy":"category","embeddable":true,"href":"https:\/\/radiorevelacionfm.cl\/index.php?rest_route=%2Fwp%2Fv2%2Fcategories&post=19962"},{"taxonomy":"post_tag","embeddable":true,"href":"https:\/\/radiorevelacionfm.cl\/index.php?rest_route=%2Fwp%2Fv2%2Ftags&post=19962"}],"curies":[{"name":"wp","href":"https:\/\/api.w.org\/{rel}","templated":true}]}}