{"id":19956,"date":"2022-08-03T10:29:58","date_gmt":"2022-08-03T13:29:58","guid":{"rendered":"https:\/\/radiorevelacionfm.cl\/?p=19956"},"modified":"2022-08-03T20:45:31","modified_gmt":"2022-08-03T23:45:31","slug":"emplazan-a-autoridades-para-ir-en-ayuda-de-adultos-mayores-de-aysen-con-abastecimiento-de-pellet","status":"publish","type":"post","link":"https:\/\/radiorevelacionfm.cl\/?p=19956","title":{"rendered":"Emplazan a autoridades para ir en ayuda de adultos mayores de Ays\u00e9n con abastecimiento de pellet"},"content":{"rendered":"<div class=\"flex_column av_one_full  flex_column_div av-zero-column-padding first  avia-builder-el-0  el_before_av_one_full  avia-builder-el-first  \" style='border-radius:0px; '><div  class='avia-image-container  av-styling-    avia-builder-el-1  avia-builder-el-no-sibling  avia-align-center '  itemprop=\"image\" itemscope=\"itemscope\" itemtype=\"https:\/\/schema.org\/ImageObject\"  ><div class='avia-image-container-inner'><div class='avia-image-overlay-wrap'><img decoding=\"async\" class='wp-image-20034 avia-img-lazy-loading-not-20034 avia_image' src=\"https:\/\/radiorevelacionfm.cl\/wp-content\/uploads\/2022\/08\/Alcalde-s-Agrupacion-Suenos-de-Carol-2-1-1.jpg\" alt='' title='Alcalde-s-Agrupacion-Suenos-de-Carol-2 (1) (1)' height=\"600\" width=\"900\"  itemprop=\"thumbnailUrl\" srcset=\"https:\/\/radiorevelacionfm.cl\/wp-content\/uploads\/2022\/08\/Alcalde-s-Agrupacion-Suenos-de-Carol-2-1-1.jpg 900w, https:\/\/radiorevelacionfm.cl\/wp-content\/uploads\/2022\/08\/Alcalde-s-Agrupacion-Suenos-de-Carol-2-1-1-300x200.jpg 300w, https:\/\/radiorevelacionfm.cl\/wp-content\/uploads\/2022\/08\/Alcalde-s-Agrupacion-Suenos-de-Carol-2-1-1-768x512.jpg 768w, https:\/\/radiorevelacionfm.cl\/wp-content\/uploads\/2022\/08\/Alcalde-s-Agrupacion-Suenos-de-Carol-2-1-1-705x470.jpg 705w, https:\/\/radiorevelacionfm.cl\/wp-content\/uploads\/2022\/08\/Alcalde-s-Agrupacion-Suenos-de-Carol-2-1-1-600x400.jpg 600w\" sizes=\"(max-width: 900px) 100vw, 900px\" \/><\/div><\/div><\/div><\/div><div class=\"flex_column av_one_full  flex_column_div av-zero-column-padding first  avia-builder-el-2  el_after_av_one_full  el_before_av_one_full  column-top-margin\" style='border-radius:0px; '><section class=\"av_textblock_section \"  itemscope=\"itemscope\" itemtype=\"https:\/\/schema.org\/BlogPosting\" itemprop=\"blogPost\" ><div class='avia_textblock  '   itemprop=\"text\" ><p style=\"text-align: center;\"><strong><span style=\"font-size: 18pt;\">Emplazan a autoridades para ir en ayuda de adultos mayores de Ays\u00e9n con abastecimiento de pellet <\/span><\/strong><\/p>\n<div id=\"gtx-trans\" style=\"position: absolute; left: -50px; top: 4.31534px;\">\n<div class=\"gtx-trans-icon\"><\/div>\n<\/div>\n<\/div><\/section><\/div><\/p>\n<div class=\"flex_column av_one_full  flex_column_div av-zero-column-padding first  avia-builder-el-4  el_after_av_one_full  el_before_av_hr  column-top-margin\" style='border-radius:0px; '><section class=\"av_textblock_section \"  itemscope=\"itemscope\" itemtype=\"https:\/\/schema.org\/BlogPosting\" itemprop=\"blogPost\" ><div class='avia_textblock  '   itemprop=\"text\" ><p style=\"text-align: justify;\">Las condiciones clim\u00e1ticas actuales representan un duro invierno para quienes se han visto afectados por el desabastecimiento y los altos precios de los insumos para calentar los hogares, como son la le\u00f1a y pellets. As\u00ed lo comenta Mar\u00eda Silva, primera directora de la Agrupaci\u00f3n Sue\u00f1os de Carol, quien se reuni\u00f3 con Marco Co\u00f1uecar, alcalde subrogante de la Ilustre Municipalidad de Ays\u00e9n, oportunidad donde expuso la delicada situaci\u00f3n de las personas mayores de la comuna que mantienen serios problemas para calefaccionarse.<\/p>\n<p style=\"text-align: justify;\">\u201cEn nuestra agrupaci\u00f3n, la mayor\u00eda somos personas en silla de ruedas o postradas que necesitamos abastecernos de medios para calentar nuestros hogares\u201d, expone la dirigenta de la reconocida agrupaci\u00f3n de ayuda a enfermos postrados. Asimismo, solicita ayuda para solucionar esta crisis de calefacci\u00f3n en los hogares de personas mayores, \u201cyo les pido que podamos realizar algo para tener un lugar donde comprar pellet o que realicen una excepci\u00f3n con nosotros para no estar pasando fr\u00edo ya que est\u00e1 muy complicado el clima invernal\u201d.<\/p>\n<p style=\"text-align: justify;\">Asimismo, el alcalde subrogante de Ays\u00e9n, Marcos Co\u00f1uecar, requiri\u00f3 luego de la visita de la agrupaci\u00f3n, al gobierno y autoridades regionales a proporcionar una soluci\u00f3n a los vecinos y vecinas que est\u00e1n transitando por un duro invierno, \u201cen nuestra reuni\u00f3n con Mar\u00eda Silva y junto al equipo de Sue\u00f1os de Carol, pudimos abordar las diferentes tem\u00e1ticas que les preocupa. Una de esas tem\u00e1ticas es la falta de medios para calefaccionarse en este invierno, como lo es el pellet. Desde la agrupaci\u00f3n nos se\u00f1alaban que gran parte de sus socios se encuentran sin la posibilidad de adquirirlo, significando no poder tener calefacci\u00f3n. As\u00ed que estamos muy preocupados\u201d, se\u00f1ala la autoridad aysenina.<\/p>\n<p style=\"text-align: justify;\">Luego de la reuni\u00f3n con la agrupaci\u00f3n Sue\u00f1os de Carol, y a manera de exponer la situaci\u00f3n, desde la Ilustre Municipalidad de Ays\u00e9n se ofici\u00f3 al Seremi de Energ\u00eda de Ays\u00e9n, \u201ca fin de dar a conocer esta informaci\u00f3n, que sabemos que la tienen; pero es bueno que el municipio siempre est\u00e9 presente, y sum\u00e1ndose a las demandas de la ciudadan\u00eda. Esperamos que prontamente se pueda resolver que el gobierno de mejores soluciones porque el tema de la calefacci\u00f3n es fundamental y tal como les pasa hoy en d\u00eda a los adultos mayores de la agrupaci\u00f3n Sue\u00f1os de Carol, esta es una necesidad y un problema que afecta a toda la comunidad\u201d, finaliza el representante comunal.<\/p>\n<\/div><\/section><\/div>\n<div  style='height:50px' class='hr hr-invisible   avia-builder-el-6  el_after_av_one_full  el_before_av_social_share '><span class='hr-inner ' ><span class='hr-inner-style'><\/span><\/span><\/div>\n<div  class='av-social-sharing-box  avia-builder-el-7  el_after_av_hr  el_before_av_hr  '><div class='av-share-box'><h5 class='av-share-link-description av-no-toc '>Compartir esta noticia<\/h5><ul class='av-share-box-list noLightbox'><li class='av-share-link av-social-link-facebook' ><a target=\"_blank\" aria-label=\"Compartir en Facebook\" href='https:\/\/www.facebook.com\/sharer.php?u=https:\/\/radiorevelacionfm.cl\/?p=19956&#038;t=Emplazan%20a%20autoridades%20para%20ir%20en%20ayuda%20de%20adultos%20mayores%20de%20Ays%C3%A9n%20con%20abastecimiento%20de%20pellet' aria-hidden='false' data-av_icon='\ue8f3' data-av_iconfont='entypo-fontello' title='' data-avia-related-tooltip='Compartir en Facebook' rel=\"noopener\"><span class='avia_hidden_link_text'>Compartir en Facebook<\/span><\/a><\/li><li class='av-share-link av-social-link-twitter' ><a target=\"_blank\" aria-label=\"Compartir en Twitter\" href='https:\/\/twitter.com\/share?text=Emplazan%20a%20autoridades%20para%20ir%20en%20ayuda%20de%20adultos%20mayores%20de%20Ays%C3%A9n%20con%20abastecimiento%20de%20pellet&#038;url=https:\/\/radiorevelacionfm.cl\/?p=19956' aria-hidden='false' data-av_icon='\ue8f1' data-av_iconfont='entypo-fontello' title='' data-avia-related-tooltip='Compartir en Twitter' rel=\"noopener\"><span class='avia_hidden_link_text'>Compartir en Twitter<\/span><\/a><\/li><li class='av-share-link av-social-link-whatsapp' ><a target=\"_blank\" aria-label=\"Compartir en Whatsapp\" href='https:\/\/api.whatsapp.com\/send?text=https:\/\/radiorevelacionfm.cl\/?p=19956' aria-hidden='false' data-av_icon='\uf232' data-av_iconfont='entypo-fontello' title='' data-avia-related-tooltip='Compartir en Whatsapp' rel=\"noopener\"><span class='avia_hidden_link_text'>Compartir en Whatsapp<\/span><\/a><\/li><li class='av-share-link av-social-link-linkedin' ><a target=\"_blank\" aria-label=\"Compartir en LinkedIn\" href='https:\/\/linkedin.com\/shareArticle?mini=true&#038;title=Emplazan%20a%20autoridades%20para%20ir%20en%20ayuda%20de%20adultos%20mayores%20de%20Ays%C3%A9n%20con%20abastecimiento%20de%20pellet&#038;url=https:\/\/radiorevelacionfm.cl\/?p=19956' aria-hidden='false' data-av_icon='\ue8fc' data-av_iconfont='entypo-fontello' title='' data-avia-related-tooltip='Compartir en LinkedIn' rel=\"noopener\"><span class='avia_hidden_link_text'>Compartir en LinkedIn<\/span><\/a><\/li><li class='av-share-link av-social-link-mail' ><a  aria-label=\"Compartir por correo\" href='mailto:?subject=Emplazan%20a%20autoridades%20para%20ir%20en%20ayuda%20de%20adultos%20mayores%20de%20Ays%C3%A9n%20con%20abastecimiento%20de%20pellet&#038;body=https:\/\/radiorevelacionfm.cl\/?p=19956' aria-hidden='false' data-av_icon='\ue805' data-av_iconfont='entypo-fontello' title='' data-avia-related-tooltip='Compartir por correo'><span class='avia_hidden_link_text'>Compartir por correo<\/span><\/a><\/li><\/ul><\/div><\/div>\n<div  style='height:50px' class='hr hr-invisible   avia-builder-el-8  el_after_av_social_share  el_before_av_comments_list '><span class='hr-inner ' ><span class='hr-inner-style'><\/span><\/span><\/div>\n<div  class='av-buildercomment  av-blog-meta-html-info-disabled av-blog-meta-tag-disabled  '><\/div>\n","protected":false},"excerpt":{"rendered":"","protected":false},"author":1,"featured_media":20034,"comment_status":"open","ping_status":"open","sticky":false,"template":"","format":"standard","meta":{"footnotes":""},"categories":[38],"tags":[],"class_list":["post-19956","post","type-post","status-publish","format-standard","has-post-thumbnail","hentry","category-regional"],"jetpack_featured_media_url":"https:\/\/radiorevelacionfm.cl\/wp-content\/uploads\/2022\/08\/Alcalde-s-Agrupacion-Suenos-de-Carol-2-1-1.jpg","_links":{"self":[{"href":"https:\/\/radiorevelacionfm.cl\/index.php?rest_route=\/wp\/v2\/posts\/19956","targetHints":{"allow":["GET"]}}],"collection":[{"href":"https:\/\/radiorevelacionfm.cl\/index.php?rest_route=\/wp\/v2\/posts"}],"about":[{"href":"https:\/\/radiorevelacionfm.cl\/index.php?rest_route=\/wp\/v2\/types\/post"}],"author":[{"embeddable":true,"href":"https:\/\/radiorevelacionfm.cl\/index.php?rest_route=\/wp\/v2\/users\/1"}],"replies":[{"embeddable":true,"href":"https:\/\/radiorevelacionfm.cl\/index.php?rest_route=%2Fwp%2Fv2%2Fcomments&post=19956"}],"version-history":[{"count":4,"href":"https:\/\/radiorevelacionfm.cl\/index.php?rest_route=\/wp\/v2\/posts\/19956\/revisions"}],"predecessor-version":[{"id":20033,"href":"https:\/\/radiorevelacionfm.cl\/index.php?rest_route=\/wp\/v2\/posts\/19956\/revisions\/20033"}],"wp:featuredmedia":[{"embeddable":true,"href":"https:\/\/radiorevelacionfm.cl\/index.php?rest_route=\/wp\/v2\/media\/20034"}],"wp:attachment":[{"href":"https:\/\/radiorevelacionfm.cl\/index.php?rest_route=%2Fwp%2Fv2%2Fmedia&parent=19956"}],"wp:term":[{"taxonomy":"category","embeddable":true,"href":"https:\/\/radiorevelacionfm.cl\/index.php?rest_route=%2Fwp%2Fv2%2Fcategories&post=19956"},{"taxonomy":"post_tag","embeddable":true,"href":"https:\/\/radiorevelacionfm.cl\/index.php?rest_route=%2Fwp%2Fv2%2Ftags&post=19956"}],"curies":[{"name":"wp","href":"https:\/\/api.w.org\/{rel}","templated":true}]}}