{"id":19953,"date":"2022-08-02T20:49:58","date_gmt":"2022-08-02T23:49:58","guid":{"rendered":"https:\/\/radiorevelacionfm.cl\/?p=19953"},"modified":"2022-08-02T20:49:58","modified_gmt":"2022-08-02T23:49:58","slug":"mas-de-800-familias-de-villa-amengual-los-torreones-tortel-cerro-castillo-y-villa-ortega-contaran-con-servicios-sanitarios-rurales-renovados","status":"publish","type":"post","link":"https:\/\/radiorevelacionfm.cl\/?p=19953","title":{"rendered":"M\u00e1s de 800 familias de Villa Amengual, Los Torreones, Tortel, Cerro Castillo y Villa Ortega contar\u00e1n con servicios sanitarios rurales renovados"},"content":{"rendered":"<div class=\"flex_column av_one_full  flex_column_div av-zero-column-padding first  avia-builder-el-0  el_before_av_one_full  avia-builder-el-first  \" style='border-radius:0px; '><div  class='avia-image-container  av-styling-    avia-builder-el-1  avia-builder-el-no-sibling  avia-align-center '  itemprop=\"image\" itemscope=\"itemscope\" itemtype=\"https:\/\/schema.org\/ImageObject\"  ><div class='avia-image-container-inner'><div class='avia-image-overlay-wrap'><img decoding=\"async\" class='wp-image-19954 avia-img-lazy-loading-not-19954 avia_image' src=\"https:\/\/radiorevelacionfm.cl\/wp-content\/uploads\/2022\/08\/doh-2-1_optimized.jpg\" alt='' title='doh-2-(1)_optimized' height=\"600\" width=\"1067\"  itemprop=\"thumbnailUrl\" srcset=\"https:\/\/radiorevelacionfm.cl\/wp-content\/uploads\/2022\/08\/doh-2-1_optimized.jpg 1067w, https:\/\/radiorevelacionfm.cl\/wp-content\/uploads\/2022\/08\/doh-2-1_optimized-300x169.jpg 300w, https:\/\/radiorevelacionfm.cl\/wp-content\/uploads\/2022\/08\/doh-2-1_optimized-1030x579.jpg 1030w, https:\/\/radiorevelacionfm.cl\/wp-content\/uploads\/2022\/08\/doh-2-1_optimized-768x432.jpg 768w, https:\/\/radiorevelacionfm.cl\/wp-content\/uploads\/2022\/08\/doh-2-1_optimized-705x396.jpg 705w, https:\/\/radiorevelacionfm.cl\/wp-content\/uploads\/2022\/08\/doh-2-1_optimized-600x337.jpg 600w\" sizes=\"(max-width: 1067px) 100vw, 1067px\" \/><\/div><\/div><\/div><\/div><div class=\"flex_column av_one_full  flex_column_div av-zero-column-padding first  avia-builder-el-2  el_after_av_one_full  el_before_av_one_full  column-top-margin\" style='border-radius:0px; '><section class=\"av_textblock_section \"  itemscope=\"itemscope\" itemtype=\"https:\/\/schema.org\/BlogPosting\" itemprop=\"blogPost\" ><div class='avia_textblock  '   itemprop=\"text\" ><p style=\"text-align: center;\"><span style=\"font-size: 18pt;\"><strong>M\u00e1s de 800 familias de Villa Amengual, Los Torreones, Tortel, Cerro Castillo y Villa Ortega contar\u00e1n con servicios sanitarios rurales renovados<\/strong><\/span><\/p>\n<div id=\"gtx-trans\" style=\"position: absolute; left: -50px; top: 4.31534px;\">\n<div class=\"gtx-trans-icon\"><\/div>\n<\/div>\n<\/div><\/section><\/div><div class=\"flex_column av_one_full  flex_column_div av-zero-column-padding first  avia-builder-el-4  el_after_av_one_full  el_before_av_hr  column-top-margin\" style='border-radius:0px; '><section class=\"av_textblock_section \"  itemscope=\"itemscope\" itemtype=\"https:\/\/schema.org\/BlogPosting\" itemprop=\"blogPost\" ><div class='avia_textblock  '   itemprop=\"text\" ><p style=\"text-align: justify;\">Una buena noticia para m\u00e1s de 800 familias dio a conocer esta semana el Secretario Regional Ministerial de Obras P\u00fablicas, Patricio Sanhueza Ulloa, quien inform\u00f3 que cinco Servicios Sanitarios Rurales ser\u00e1n renovados, luego de que el Consejo Regional de Ays\u00e9n aprobara por unanimidad la ejecuci\u00f3n de estos trabajos, los que cuentan con financiamiento de la Direcci\u00f3n Regional de Obras Hidr\u00e1ulicas del MOP, que alcanzan los $403 millones.<\/p>\n<p style=\"text-align: justify;\">Hoy contamos con 43 Servicios Sanitarios Rurales en funcionamiento, abasteciendo al 25% de la poblaci\u00f3n de la regi\u00f3n v\u00eda este sistema y este a\u00f1o vamos agregar la construcci\u00f3n de tres nuevos sistemas como son el de Bah\u00eda Jara, Fachinal y el Km23. Sumamos a ello, la construcci\u00f3n de dos nuevos Servicios Sanitarios Rurales que hoy se encuentran en proceso de licitaci\u00f3n, La Reserva y Villa Jara; un proyecto en carpeta para la construcci\u00f3n del Servicio Sanitario Rural pampa Bahamonde, la elaboraci\u00f3n en ejecuci\u00f3n de 20 dise\u00f1os para la construcci\u00f3n de nuevos Servicios Sanitarios Rurales y el dise\u00f1o de 10 nuevos mejoramientos de Servicios Sanitarios Rurales. A todas estas obras y proyectos, hoy incorporamos tambi\u00e9n la realizaci\u00f3n de estas cinco nuevas conservaciones.<\/p>\n<p style=\"text-align: justify;\">\u201cSeg\u00fan procedimiento hemos sometido a votaci\u00f3n del Consejo Regional de Ays\u00e9n fondos de inversi\u00f3n sectorial de asignaci\u00f3n regional, correspondiente a la conservaci\u00f3n de cinco sistemas de Saneamiento Rural ex APR, que apuntan a recuperar esos sistemas que fueron afectados por bajas temperaturas hace m\u00e1s de un mes en algunos casos y hoy d\u00eda con estos contratos vamos a resolver la situaci\u00f3n de alrededor de 800 usuarios con una inversi\u00f3n de $403 millones. Esperamos una vez se complete la tramitaci\u00f3n administrativa, llamar a licitaci\u00f3n a mediados de octubre de este a\u00f1o para en marzo-abril del pr\u00f3ximo a\u00f1o finalizar las obras y tener los sistemas 100% operativos, porque hoy si bien est\u00e1n operativos tienen algunos deterioros. Como gobierno queremos avanzar fuertemente en el acceso universal al agua y como prioridad el consumo humano del recurso, as\u00ed que estamos muy contentos de poder entregar a todas estas familias tan buenas noticias. Conocemos sus necesidades y para nosotros es importante poder apoyar a las y los vecinos en sus requerimientos, avanzar en estrechar brechas y entregar mayor equidad y justicia social a estas familias, as\u00ed que estamos muy contentos por cada una y uno de los y las vecinas que se ver\u00e1n beneficiados con estas iniciativas y por la importante inversi\u00f3n de nuestra Direcci\u00f3n Regional de Obras Hidr\u00e1ulicas en estas obras, las que traer\u00e1n mejores condiciones de abastecimiento de agua potable, as\u00ed como tambi\u00e9n fortalecer\u00e1 los sistemas y la prevenci\u00f3n frente a futuros y\/o eventuales inconvenientes derivados del invierno\u201d, afirm\u00f3 el SEREMI del MOP<\/p>\n<p style=\"text-align: justify;\">As\u00ed lo refrend\u00f3 tambi\u00e9n Marcos Ojeda Aranda, presidente del Servicio Sanitario Rural de Villa Ortega, quien se\u00f1al\u00f3: \u201cMe parece excelente, porque normalmente con el paso del tiempo se va desgastando todo lo que son las l\u00edneas de agua potable, las bombas mismas. A nosotros con el invierno y la lluvia que hubo se nos rompi\u00f3 la bomba de emergencias, entonces es imprescindible que tengamos ese apoyo, porque las APR que son aut\u00f3nomas, no manejan tanto dinero para poder hacer ese tipo de mantenci\u00f3n, entonces es estupendo que nos apoyen. En realidad el agua potable es muy importante no s\u00f3lo para el consumo humano, sino tambi\u00e9n para los animalitos igual. Mucha gente ac\u00e1 en la Villa es gente de campo que utiliza el agua potable para darle a sus gallinas, aves, pavos, animales en general. Hay gente ac\u00e1 que tiene restaurante, negocios, hospedajes y es muy importante eso y tambi\u00e9n para la salud, porque sacar agua de un pozo que no tiene cloro versus tener agua potable que estamos entregando nosotros con la cantidad de cloro que corresponde y al d\u00eda y los ex\u00e1menes que le hacemos al agua es muy importante. Entonces, si tenemos a la gente con buena salud, va a andar todo bien y la gente lo ha agradecido. Aqu\u00ed hemos tenido inconvenientes en invierno por las escarchas lo que va a suceder en todos los APR, pero se trata de dar un buen servicio y cada vez mejor y con los dineros que nos aportan se va a ir mejorando el consumo y el servicio que se puede ofrecer a la comunidad. As\u00ed que dar las gracias de la gesti\u00f3n, porque normalmente uno recibe el dinero, pero una gesti\u00f3n es mucho trabajo, es mucho papeleo y uno no lo ve y a la gente que lo hace, uno no le agradece, simplemente lo recibe, as\u00ed que darle las gracias a esa gente que est\u00e1 detr\u00e1s de esa gesti\u00f3n para que nosotros podamos tener ese dinero y hacer la mantenci\u00f3n de nuestras Redes\u201d.<\/p>\n<p style=\"text-align: justify;\">Por su parte, el Director Regional de Obras Hidr\u00e1ulicas del MOP Francisco Real destac\u00f3 que estos recursos ser\u00e1n utilizados para efectuar la conservaci\u00f3n de los sistemas, los que producto de heladas invernales sufrieron desperfectos y en forma paralela efectuar obras de prevenci\u00f3n aislando los sectores m\u00e1s expuestos a bajas temperaturas para poder mantener en buenas condiciones todo el sistema, considerando que continuamos en pleno invierno, as\u00ed que agradecemos el permanente apoyo que reciben nuestros proyectos dentro del Consejo Regional de Ays\u00e9n liderados por la Gobernadora Regional Andrea Mac\u00edas y porque en forma un\u00e1nime votaron a favor de la aprobaci\u00f3n del proyecto que va a beneficiar a una importante cantidad de vecinas y vecinos, familias, ni\u00f1os y adultos mayores que necesitan estas obras y a quienes vamos a entregar una mejor calidad de vida\u201d.<\/p>\n<\/div><\/section><\/div><div  style='height:50px' class='hr hr-invisible   avia-builder-el-6  el_after_av_one_full  el_before_av_social_share '><span class='hr-inner ' ><span class='hr-inner-style'><\/span><\/span><\/div><\/p>\n<div  class='av-social-sharing-box  avia-builder-el-7  el_after_av_hr  el_before_av_hr  '><div class='av-share-box'><h5 class='av-share-link-description av-no-toc '>Compartir esta noticia<\/h5><ul class='av-share-box-list noLightbox'><li class='av-share-link av-social-link-facebook' ><a target=\"_blank\" aria-label=\"Compartir en Facebook\" href='https:\/\/www.facebook.com\/sharer.php?u=https:\/\/radiorevelacionfm.cl\/?p=19953&#038;t=M%C3%A1s%20de%20800%20familias%20de%20Villa%20Amengual%2C%20Los%20Torreones%2C%20Tortel%2C%20Cerro%20Castillo%20y%20Villa%20Ortega%20contar%C3%A1n%20con%20servicios%20sanitarios%20rurales%20renovados' aria-hidden='false' data-av_icon='\ue8f3' data-av_iconfont='entypo-fontello' title='' data-avia-related-tooltip='Compartir en Facebook' rel=\"noopener\"><span class='avia_hidden_link_text'>Compartir en Facebook<\/span><\/a><\/li><li class='av-share-link av-social-link-twitter' ><a target=\"_blank\" aria-label=\"Compartir en Twitter\" href='https:\/\/twitter.com\/share?text=M%C3%A1s%20de%20800%20familias%20de%20Villa%20Amengual%2C%20Los%20Torreones%2C%20Tortel%2C%20Cerro%20Castillo%20y%20Villa%20Ortega%20contar%C3%A1n%20con%20servicios%20sanitarios%20rurales%20renovados&#038;url=https:\/\/radiorevelacionfm.cl\/?p=19953' aria-hidden='false' data-av_icon='\ue8f1' data-av_iconfont='entypo-fontello' title='' data-avia-related-tooltip='Compartir en Twitter' rel=\"noopener\"><span class='avia_hidden_link_text'>Compartir en Twitter<\/span><\/a><\/li><li class='av-share-link av-social-link-whatsapp' ><a target=\"_blank\" aria-label=\"Compartir en Whatsapp\" href='https:\/\/api.whatsapp.com\/send?text=https:\/\/radiorevelacionfm.cl\/?p=19953' aria-hidden='false' data-av_icon='\uf232' data-av_iconfont='entypo-fontello' title='' data-avia-related-tooltip='Compartir en Whatsapp' rel=\"noopener\"><span class='avia_hidden_link_text'>Compartir en Whatsapp<\/span><\/a><\/li><li class='av-share-link av-social-link-linkedin' ><a target=\"_blank\" aria-label=\"Compartir en LinkedIn\" href='https:\/\/linkedin.com\/shareArticle?mini=true&#038;title=M%C3%A1s%20de%20800%20familias%20de%20Villa%20Amengual%2C%20Los%20Torreones%2C%20Tortel%2C%20Cerro%20Castillo%20y%20Villa%20Ortega%20contar%C3%A1n%20con%20servicios%20sanitarios%20rurales%20renovados&#038;url=https:\/\/radiorevelacionfm.cl\/?p=19953' aria-hidden='false' data-av_icon='\ue8fc' data-av_iconfont='entypo-fontello' title='' data-avia-related-tooltip='Compartir en LinkedIn' rel=\"noopener\"><span class='avia_hidden_link_text'>Compartir en LinkedIn<\/span><\/a><\/li><li class='av-share-link av-social-link-mail' ><a  aria-label=\"Compartir por correo\" href='mailto:?subject=M%C3%A1s%20de%20800%20familias%20de%20Villa%20Amengual%2C%20Los%20Torreones%2C%20Tortel%2C%20Cerro%20Castillo%20y%20Villa%20Ortega%20contar%C3%A1n%20con%20servicios%20sanitarios%20rurales%20renovados&#038;body=https:\/\/radiorevelacionfm.cl\/?p=19953' aria-hidden='false' data-av_icon='\ue805' data-av_iconfont='entypo-fontello' title='' data-avia-related-tooltip='Compartir por correo'><span class='avia_hidden_link_text'>Compartir por correo<\/span><\/a><\/li><\/ul><\/div><\/div>\n<div  style='height:50px' class='hr hr-invisible   avia-builder-el-8  el_after_av_social_share  el_before_av_comments_list '><span class='hr-inner ' ><span class='hr-inner-style'><\/span><\/span><\/div>\n<div  class='av-buildercomment  av-blog-meta-html-info-disabled av-blog-meta-tag-disabled  '><\/div>\n","protected":false},"excerpt":{"rendered":"","protected":false},"author":1,"featured_media":19954,"comment_status":"open","ping_status":"open","sticky":false,"template":"","format":"standard","meta":{"footnotes":""},"categories":[38],"tags":[],"class_list":["post-19953","post","type-post","status-publish","format-standard","has-post-thumbnail","hentry","category-regional"],"jetpack_featured_media_url":"https:\/\/radiorevelacionfm.cl\/wp-content\/uploads\/2022\/08\/doh-2-1_optimized.jpg","_links":{"self":[{"href":"https:\/\/radiorevelacionfm.cl\/index.php?rest_route=\/wp\/v2\/posts\/19953","targetHints":{"allow":["GET"]}}],"collection":[{"href":"https:\/\/radiorevelacionfm.cl\/index.php?rest_route=\/wp\/v2\/posts"}],"about":[{"href":"https:\/\/radiorevelacionfm.cl\/index.php?rest_route=\/wp\/v2\/types\/post"}],"author":[{"embeddable":true,"href":"https:\/\/radiorevelacionfm.cl\/index.php?rest_route=\/wp\/v2\/users\/1"}],"replies":[{"embeddable":true,"href":"https:\/\/radiorevelacionfm.cl\/index.php?rest_route=%2Fwp%2Fv2%2Fcomments&post=19953"}],"version-history":[{"count":2,"href":"https:\/\/radiorevelacionfm.cl\/index.php?rest_route=\/wp\/v2\/posts\/19953\/revisions"}],"predecessor-version":[{"id":19971,"href":"https:\/\/radiorevelacionfm.cl\/index.php?rest_route=\/wp\/v2\/posts\/19953\/revisions\/19971"}],"wp:featuredmedia":[{"embeddable":true,"href":"https:\/\/radiorevelacionfm.cl\/index.php?rest_route=\/wp\/v2\/media\/19954"}],"wp:attachment":[{"href":"https:\/\/radiorevelacionfm.cl\/index.php?rest_route=%2Fwp%2Fv2%2Fmedia&parent=19953"}],"wp:term":[{"taxonomy":"category","embeddable":true,"href":"https:\/\/radiorevelacionfm.cl\/index.php?rest_route=%2Fwp%2Fv2%2Fcategories&post=19953"},{"taxonomy":"post_tag","embeddable":true,"href":"https:\/\/radiorevelacionfm.cl\/index.php?rest_route=%2Fwp%2Fv2%2Ftags&post=19953"}],"curies":[{"name":"wp","href":"https:\/\/api.w.org\/{rel}","templated":true}]}}