{"id":19949,"date":"2022-08-02T18:48:47","date_gmt":"2022-08-02T21:48:47","guid":{"rendered":"https:\/\/radiorevelacionfm.cl\/?p=19949"},"modified":"2022-08-02T18:48:47","modified_gmt":"2022-08-02T21:48:47","slug":"detienen-y-formalizan-a-dos-imputados-por-robo-en-domicilio-de-coyhaique","status":"publish","type":"post","link":"https:\/\/radiorevelacionfm.cl\/?p=19949","title":{"rendered":"Detienen y formalizan a dos imputados por robo en domicilio de Coyhaique"},"content":{"rendered":"<div class=\"flex_column av_one_full  flex_column_div av-zero-column-padding first  avia-builder-el-0  el_before_av_one_full  avia-builder-el-first  \" style='border-radius:0px; '><div  class='avia-image-container  av-styling-    avia-builder-el-1  avia-builder-el-no-sibling  avia-align-center '  itemprop=\"image\" itemscope=\"itemscope\" itemtype=\"https:\/\/schema.org\/ImageObject\"  ><div class='avia-image-container-inner'><div class='avia-image-overlay-wrap'><img decoding=\"async\" class='wp-image-9546 avia-img-lazy-loading-not-9546 avia_image' src=\"https:\/\/radiorevelacionfm.cl\/wp-content\/uploads\/2021\/10\/PDI-11.01.21-1-1.jpg\" alt='' title='PDI 11.01.21 (1) (1)' height=\"600\" width=\"903\"  itemprop=\"thumbnailUrl\" srcset=\"https:\/\/radiorevelacionfm.cl\/wp-content\/uploads\/2021\/10\/PDI-11.01.21-1-1.jpg 903w, https:\/\/radiorevelacionfm.cl\/wp-content\/uploads\/2021\/10\/PDI-11.01.21-1-1-300x199.jpg 300w, https:\/\/radiorevelacionfm.cl\/wp-content\/uploads\/2021\/10\/PDI-11.01.21-1-1-768x510.jpg 768w, https:\/\/radiorevelacionfm.cl\/wp-content\/uploads\/2021\/10\/PDI-11.01.21-1-1-705x468.jpg 705w, https:\/\/radiorevelacionfm.cl\/wp-content\/uploads\/2021\/10\/PDI-11.01.21-1-1-600x399.jpg 600w\" sizes=\"(max-width: 903px) 100vw, 903px\" \/><\/div><\/div><\/div><\/div><div class=\"flex_column av_one_full  flex_column_div av-zero-column-padding first  avia-builder-el-2  el_after_av_one_full  el_before_av_one_full  column-top-margin\" style='border-radius:0px; '><section class=\"av_textblock_section \"  itemscope=\"itemscope\" itemtype=\"https:\/\/schema.org\/BlogPosting\" itemprop=\"blogPost\" ><div class='avia_textblock  '   itemprop=\"text\" ><p style=\"text-align: center;\"><strong><span style=\"font-size: 18pt;\">Detienen y formalizan a dos imputados por robo en domicilio de Coyhaique <\/span><\/strong><\/p>\n<div id=\"gtx-trans\" style=\"position: absolute; left: -50px; top: 4.31534px;\">\n<div class=\"gtx-trans-icon\"><\/div>\n<\/div>\n<\/div><\/section><\/div><div class=\"flex_column av_one_full  flex_column_div av-zero-column-padding first  avia-builder-el-4  el_after_av_one_full  el_before_av_hr  column-top-margin\" style='border-radius:0px; '><section class=\"av_textblock_section \"  itemscope=\"itemscope\" itemtype=\"https:\/\/schema.org\/BlogPosting\" itemprop=\"blogPost\" ><div class='avia_textblock  '   itemprop=\"text\" ><p style=\"text-align: justify;\">En un trabajo coordinado entre la Polic\u00eda de Investigaciones de Chile y el Ministerio P\u00fablico, detectives de la Brigada Investigadora de Robos (BIRO) Coyhaique detuvieron a dos personas -un hombre y una mujer- mayores de edad como presuntos autores del delito de robo en lugar habitado que afect\u00f3 a una familia domiciliada en la ciudad de Coyhaique. La investigaci\u00f3n del caso es dirigida por el fiscal Jos\u00e9 Moris, quien dispuso la concurrencia de la BIRO de la PDI.<\/p>\n<p style=\"text-align: justify;\">Al respecto, el jefe de la BIRO Coyhaique, subprefecto V\u00edctor Toledo, se\u00f1al\u00f3 que \u201cen relaci\u00f3n a un procedimiento instruido por la Fiscal\u00eda de Coyhaique, se tom\u00f3 conocimiento de un robo en lugar habitado que hab\u00eda afectado a una familia de Coyhaique, motivo por el cual se concurri\u00f3 hasta el sitio de suceso, estableciendo la din\u00e1mica delictual de los autores y tomando conocimiento de la sustracci\u00f3n de un televisor y de un notebook\u201d, especies avaluadas en $1.200.000.<\/p>\n<p style=\"text-align: justify;\">En base al an\u00e1lisis criminal e inteligencia policial, \u201cen el trabajo de sitio de suceso, apoyado por el Laboratorio de Criminal\u00edstica y coordinado con el Ministerio P\u00fablico, es que se obtuvieron diferentes antecedentes que permitieron la obtenci\u00f3n de dos \u00f3rdenes de detenci\u00f3n y entrada y registro a distintos inmuebles donde posibles lugares donde se encontrar\u00edan los autores, como tambi\u00e9n parte de las especies sustra\u00eddas\u201d, agreg\u00f3 el jefe de la unidad especializada.<\/p>\n<p style=\"text-align: justify;\">Durante el registro, \u201cse ubic\u00f3 el computador que hab\u00eda sido sustra\u00eddo, pero, lamentablemente, este computador hab\u00eda sido quemado por los mismos autores, siendo ubicado al interior de la estufa a combusti\u00f3n lenta\u201d, sostuvo el subprefecto V\u00edctor Toledo, a\u00f1adiendo que \u201ccon todos los antecedentes, se efectu\u00f3 la detenci\u00f3n de ambos involucrados, quienes fueron puestos a disposici\u00f3n del Juzgado de Garant\u00eda de Coyhaique para su audiencia de control de detenci\u00f3n\u201d.<\/p>\n<p style=\"text-align: justify;\">Por su parte, el fiscal jefe de Coyhaique, Jos\u00e9 Moris, indic\u00f3 que \u201clos imputados pasaron a control de detenci\u00f3n el d\u00eda 29 de julio, solicit\u00e1ndose la cautelar de prisi\u00f3n preventiva, la que fue concedida por el Juzgado de Garant\u00eda de Coyhaique. Se fij\u00f3 un plazo de investigaci\u00f3n en el cual se realizar\u00e1n otras diligencias para determinar el paradero de otras especies\u201d.<\/p>\n<p style=\"text-align: justify;\">\u201cAfortunadamente, en este caso, se cont\u00f3 con antecedentes desde el primer minuto para efectos de poder esclarecer los hechos y determinar la identidad de los responsables, trabajo realizado por la Brigada Investigadora de Robos en coordinaci\u00f3n con la Fiscal\u00eda, raz\u00f3n por la cual se produjo la detenci\u00f3n de estos dos imputados, los que se encuentran actualmente en la c\u00e1rcel de Coyhaique\u201d, subray\u00f3 el fiscal jefe de Coyhaique.<\/p>\n<p style=\"text-align: justify;\">Finalmente, desde la PDI indicaron que \u201cla invitaci\u00f3n por parte de la PDI es a que las personas que sean v\u00edctimas de alg\u00fan hecho constitutivo de delito, concurran a los cuarteles policiales a efectuar las respectivas denuncias, toda vez que es la herramienta que tenemos para iniciar el proceso investigativo en conjunto con el Ministerio P\u00fablico\u201d, puntualiz\u00f3 el jefe de la BIRO Coyhaique.<\/p>\n<\/div><\/section><\/div><div  style='height:50px' class='hr hr-invisible   avia-builder-el-6  el_after_av_one_full  el_before_av_social_share '><span class='hr-inner ' ><span class='hr-inner-style'><\/span><\/span><\/div><\/p>\n<div  class='av-social-sharing-box  avia-builder-el-7  el_after_av_hr  el_before_av_hr  '><div class='av-share-box'><h5 class='av-share-link-description av-no-toc '>Compartir esta noticia<\/h5><ul class='av-share-box-list noLightbox'><li class='av-share-link av-social-link-facebook' ><a target=\"_blank\" aria-label=\"Compartir en Facebook\" href='https:\/\/www.facebook.com\/sharer.php?u=https:\/\/radiorevelacionfm.cl\/?p=19949&#038;t=Detienen%20y%20formalizan%20a%20dos%20imputados%20por%20robo%20en%20domicilio%20de%20Coyhaique' aria-hidden='false' data-av_icon='\ue8f3' data-av_iconfont='entypo-fontello' title='' data-avia-related-tooltip='Compartir en Facebook' rel=\"noopener\"><span class='avia_hidden_link_text'>Compartir en Facebook<\/span><\/a><\/li><li class='av-share-link av-social-link-twitter' ><a target=\"_blank\" aria-label=\"Compartir en Twitter\" href='https:\/\/twitter.com\/share?text=Detienen%20y%20formalizan%20a%20dos%20imputados%20por%20robo%20en%20domicilio%20de%20Coyhaique&#038;url=https:\/\/radiorevelacionfm.cl\/?p=19949' aria-hidden='false' data-av_icon='\ue8f1' data-av_iconfont='entypo-fontello' title='' data-avia-related-tooltip='Compartir en Twitter' rel=\"noopener\"><span class='avia_hidden_link_text'>Compartir en Twitter<\/span><\/a><\/li><li class='av-share-link av-social-link-whatsapp' ><a target=\"_blank\" aria-label=\"Compartir en Whatsapp\" href='https:\/\/api.whatsapp.com\/send?text=https:\/\/radiorevelacionfm.cl\/?p=19949' aria-hidden='false' data-av_icon='\uf232' data-av_iconfont='entypo-fontello' title='' data-avia-related-tooltip='Compartir en Whatsapp' rel=\"noopener\"><span class='avia_hidden_link_text'>Compartir en Whatsapp<\/span><\/a><\/li><li class='av-share-link av-social-link-linkedin' ><a target=\"_blank\" aria-label=\"Compartir en LinkedIn\" href='https:\/\/linkedin.com\/shareArticle?mini=true&#038;title=Detienen%20y%20formalizan%20a%20dos%20imputados%20por%20robo%20en%20domicilio%20de%20Coyhaique&#038;url=https:\/\/radiorevelacionfm.cl\/?p=19949' aria-hidden='false' data-av_icon='\ue8fc' data-av_iconfont='entypo-fontello' title='' data-avia-related-tooltip='Compartir en LinkedIn' rel=\"noopener\"><span class='avia_hidden_link_text'>Compartir en LinkedIn<\/span><\/a><\/li><li class='av-share-link av-social-link-mail' ><a  aria-label=\"Compartir por correo\" href='mailto:?subject=Detienen%20y%20formalizan%20a%20dos%20imputados%20por%20robo%20en%20domicilio%20de%20Coyhaique&#038;body=https:\/\/radiorevelacionfm.cl\/?p=19949' aria-hidden='false' data-av_icon='\ue805' data-av_iconfont='entypo-fontello' title='' data-avia-related-tooltip='Compartir por correo'><span class='avia_hidden_link_text'>Compartir por correo<\/span><\/a><\/li><\/ul><\/div><\/div>\n<div  style='height:50px' class='hr hr-invisible   avia-builder-el-8  el_after_av_social_share  el_before_av_comments_list '><span class='hr-inner ' ><span class='hr-inner-style'><\/span><\/span><\/div>\n<div  class='av-buildercomment  av-blog-meta-html-info-disabled av-blog-meta-tag-disabled  '><\/div>\n","protected":false},"excerpt":{"rendered":"","protected":false},"author":1,"featured_media":9546,"comment_status":"open","ping_status":"open","sticky":false,"template":"","format":"standard","meta":{"footnotes":""},"categories":[36],"tags":[],"class_list":["post-19949","post","type-post","status-publish","format-standard","has-post-thumbnail","hentry","category-policial"],"jetpack_featured_media_url":"https:\/\/radiorevelacionfm.cl\/wp-content\/uploads\/2021\/10\/PDI-11.01.21-1-1.jpg","_links":{"self":[{"href":"https:\/\/radiorevelacionfm.cl\/index.php?rest_route=\/wp\/v2\/posts\/19949","targetHints":{"allow":["GET"]}}],"collection":[{"href":"https:\/\/radiorevelacionfm.cl\/index.php?rest_route=\/wp\/v2\/posts"}],"about":[{"href":"https:\/\/radiorevelacionfm.cl\/index.php?rest_route=\/wp\/v2\/types\/post"}],"author":[{"embeddable":true,"href":"https:\/\/radiorevelacionfm.cl\/index.php?rest_route=\/wp\/v2\/users\/1"}],"replies":[{"embeddable":true,"href":"https:\/\/radiorevelacionfm.cl\/index.php?rest_route=%2Fwp%2Fv2%2Fcomments&post=19949"}],"version-history":[{"count":2,"href":"https:\/\/radiorevelacionfm.cl\/index.php?rest_route=\/wp\/v2\/posts\/19949\/revisions"}],"predecessor-version":[{"id":19960,"href":"https:\/\/radiorevelacionfm.cl\/index.php?rest_route=\/wp\/v2\/posts\/19949\/revisions\/19960"}],"wp:featuredmedia":[{"embeddable":true,"href":"https:\/\/radiorevelacionfm.cl\/index.php?rest_route=\/wp\/v2\/media\/9546"}],"wp:attachment":[{"href":"https:\/\/radiorevelacionfm.cl\/index.php?rest_route=%2Fwp%2Fv2%2Fmedia&parent=19949"}],"wp:term":[{"taxonomy":"category","embeddable":true,"href":"https:\/\/radiorevelacionfm.cl\/index.php?rest_route=%2Fwp%2Fv2%2Fcategories&post=19949"},{"taxonomy":"post_tag","embeddable":true,"href":"https:\/\/radiorevelacionfm.cl\/index.php?rest_route=%2Fwp%2Fv2%2Ftags&post=19949"}],"curies":[{"name":"wp","href":"https:\/\/api.w.org\/{rel}","templated":true}]}}