{"id":19944,"date":"2022-08-02T18:35:07","date_gmt":"2022-08-02T21:35:07","guid":{"rendered":"https:\/\/radiorevelacionfm.cl\/?p=19944"},"modified":"2022-08-02T18:35:07","modified_gmt":"2022-08-02T21:35:07","slug":"conmemoran-dia-de-la-campesina-y-el-campesino-con-acento-en-la-asociatividad-y-el-rol-de-los-dirigentes-rurales","status":"publish","type":"post","link":"https:\/\/radiorevelacionfm.cl\/?p=19944","title":{"rendered":"Conmemoran D\u00eda de la Campesina y el Campesino con acento en la asociatividad y el rol de los dirigentes rurales"},"content":{"rendered":"<div class=\"flex_column av_one_full  flex_column_div av-zero-column-padding first  avia-builder-el-0  el_before_av_one_full  avia-builder-el-first  \" style='border-radius:0px; '><div  class='avia-image-container  av-styling-    avia-builder-el-1  avia-builder-el-no-sibling  avia-align-center '  itemprop=\"image\" itemscope=\"itemscope\" itemtype=\"https:\/\/schema.org\/ImageObject\"  ><div class='avia-image-container-inner'><div class='avia-image-overlay-wrap'><img decoding=\"async\" class='wp-image-19945 avia-img-lazy-loading-not-19945 avia_image' src=\"https:\/\/radiorevelacionfm.cl\/wp-content\/uploads\/2022\/08\/1fec5ce4-dba6-49f0-a1e0-6f921288a70b-1_optimized.jpg\" alt='' title='1fec5ce4-dba6-49f0-a1e0-6f921288a70b-(1)_optimized' height=\"600\" width=\"800\"  itemprop=\"thumbnailUrl\" srcset=\"https:\/\/radiorevelacionfm.cl\/wp-content\/uploads\/2022\/08\/1fec5ce4-dba6-49f0-a1e0-6f921288a70b-1_optimized.jpg 800w, https:\/\/radiorevelacionfm.cl\/wp-content\/uploads\/2022\/08\/1fec5ce4-dba6-49f0-a1e0-6f921288a70b-1_optimized-300x225.jpg 300w, https:\/\/radiorevelacionfm.cl\/wp-content\/uploads\/2022\/08\/1fec5ce4-dba6-49f0-a1e0-6f921288a70b-1_optimized-768x576.jpg 768w, https:\/\/radiorevelacionfm.cl\/wp-content\/uploads\/2022\/08\/1fec5ce4-dba6-49f0-a1e0-6f921288a70b-1_optimized-705x529.jpg 705w, https:\/\/radiorevelacionfm.cl\/wp-content\/uploads\/2022\/08\/1fec5ce4-dba6-49f0-a1e0-6f921288a70b-1_optimized-600x450.jpg 600w\" sizes=\"(max-width: 800px) 100vw, 800px\" \/><\/div><\/div><\/div><\/div><div class=\"flex_column av_one_full  flex_column_div av-zero-column-padding first  avia-builder-el-2  el_after_av_one_full  el_before_av_one_full  column-top-margin\" style='border-radius:0px; '><section class=\"av_textblock_section \"  itemscope=\"itemscope\" itemtype=\"https:\/\/schema.org\/BlogPosting\" itemprop=\"blogPost\" ><div class='avia_textblock  '   itemprop=\"text\" ><p style=\"text-align: center;\"><strong><span style=\"font-size: 18pt;\">Conmemoran D\u00eda de la Campesina y el Campesino con acento en la asociatividad y el rol de los dirigentes rurales<\/span><\/strong><\/p>\n<div id=\"gtx-trans\" style=\"position: absolute; left: -50px; top: 4.31534px;\">\n<div class=\"gtx-trans-icon\"><\/div>\n<\/div>\n<\/div><\/section><\/div><div class=\"flex_column av_one_full  flex_column_div av-zero-column-padding first  avia-builder-el-4  el_after_av_one_full  el_before_av_hr  column-top-margin\" style='border-radius:0px; '><section class=\"av_textblock_section \"  itemscope=\"itemscope\" itemtype=\"https:\/\/schema.org\/BlogPosting\" itemprop=\"blogPost\" ><div class='avia_textblock  '   itemprop=\"text\" ><p style=\"text-align: justify;\">Hasta el Quincho \u201cLa Man\u00e9\u201d, en el sector de Ma\u00f1ihuales, de la usuaria de Turismo Rural de INDAP, Elba Jim\u00e9nez, en la comuna de Ays\u00e9n, \u00a0llegaron las autoridades locales, representantes de las organizaciones rurales. Una actividad que cont\u00f3 con la presencia adem\u00e1s del Subsecretario de Agricultura, Jos\u00e9 Guajardo Reyes, acompa\u00f1ado del Seremi del a cartera en la regi\u00f3n, Alan Espinoza Ortiz y el Director (S) de INDAP Ays\u00e9n, Ricardo K\u00f6nig Parada.<\/p>\n<p style=\"text-align: justify;\">Emotividad, reconocimiento, y la posibilidad de volver a encontrarse tras un largo per\u00edodo de Pandemia, donde se destac\u00f3 emotividad, el rol de los dirigentes campesinos rurales, su aporte a la asociatividad local y la vocaci\u00f3n de servicio con que cada uno, desde \u00a0las distintas latitudes de Ays\u00e9n, representan la voz del sector rural.<\/p>\n<p style=\"text-align: justify;\">\u201cEstoy muy contento y sobre todo, el hecho de poder enlazarnos con lo que hacen los agricultores, las organizaciones, sin duda es lo m\u00e1s potente; el ver a los campesinos celebrando su d\u00eda y nosotros siendo un apoyo como parte de una celebraci\u00f3n que nace de ellos. Es potente ver a los agricultores trabajando coordinados entre ellos, entre sus organizaciones y mano a mano con los colegas de INDAP, aqu\u00ed se demuestra que la descentralizaci\u00f3n debe ser nuestro norte, trabajando desde los territorios en forma conjunta por el desarrollo rural de la regi\u00f3n de Ays\u00e9n. \u201d, Indic\u00f3 el Director de INDAP (S) Ricardo Konig Parada.<\/p>\n<p style=\"text-align: justify;\">En la oportunidad, quien puso el acento cultural y patrimonial desde las ra\u00edces folcl\u00f3ricas del sector los Torreones, fue don V\u00edctor Vargas, dirigente CADA Puerto Ays\u00e9n, poeta y agricultor, que deleit\u00f3 a los presentes con sus coplas y tonadas, y luego agradeci\u00f3 la oportunidad de compartir su canto con todos los asistentes.<\/p>\n<p style=\"text-align: justify;\">En su visita, tambi\u00e9n el Subsecretario de Agricultura, Jos\u00e9 Guajardo Reyes, destac\u00f3 con sus palabras el valor de la Reforma Agraria y la Sindicalizaci\u00f3n Campesina, ambas instancias que permitieron llevar la justicia social al campo chileno y con esto, lograr una sociedad m\u00e1s justa y democr\u00e1tica: \u201cNo me hab\u00eda imaginado nunca estar ac\u00e1. Es un honor llegar a los lugares m\u00e1s rec\u00f3nditos del pa\u00eds, donde sin duda se hace patria. Hemos tenido una actividad muy emotiva, con m\u00fasica, con las palabras y distinci\u00f3n de todos los campesinos y las campesinas. Son 55 a\u00f1os desde la Reforma Agraria desde la sindicalizaci\u00f3n de la Ley Campesina, que nos hace enorgullecernos del trabajo que d\u00eda a d\u00eda se hace, donde existe un compromiso de apoyar a la agricultura familiar campesina, siempre\u201d, enfatiz\u00f3.<\/p>\n<p style=\"text-align: justify;\">Durante la jornada, tambi\u00e9n se destac\u00f3 el trabajo de los dirigentes y dirigentas rurales de la regi\u00f3n de Ays\u00e9n, quienes representan la voz del campesinado ante las instituciones p\u00fablicas de manera voluntaria y con un gran compromiso social, instancia que agradeci\u00f3 el Presidente del Consejo Asesor Regional, CAR, Arsenio Rojas, quien adem\u00e1s agreg\u00f3: \u201cEsta celebraci\u00f3n es muy importante, sobre todo en estos tiempos donde hay que valorar los productos del campo que llegan a nuestra mesa. As\u00ed es que toda mi admiraci\u00f3n y abrazo a todos los campesinos y campesinas de la regi\u00f3n de Ays\u00e9n\u201d.<\/p>\n<p style=\"text-align: justify;\">En cuanto a los homenajes, este a\u00f1o, se distingui\u00f3 desde\u00a0 las \u00c1reas de INDAP en conjunto con las organizaciones campesinas a los siguientes dirigentes que han aportado al desarrollo y gesti\u00f3n del sector rural. Se trat\u00f3 de: <strong>\u00c1rea La Junta:<\/strong>\u00a0 Luis Lleuc\u00fan\u00a0 C\u00e1rdenas, del sector Valle Figueroa y la Sra. Mercedes C\u00e1rdenas Rogel; del <strong>\u00c1rea Ays\u00e9n:<\/strong> Sra. Mirtha Almonacid Veloso del sector Viviana Norte, y el \u00a0Sr. Jos\u00e9 Antonio Gallardo, sector Los Torreones; del <strong>\u00c1rea Coyhaique<\/strong>, Sra. Sandra Acu\u00f1a del sector Rodeo Los Palos, Sr., Porfirio Cadag\u00e1n Az\u00f3car, del sector Laguna Ri\u00f1ihue; <strong>\u00c1rea Ib\u00e1\u00f1ez<\/strong>, Sra. Ana Villagr\u00e1n M\u00e1rquez del sector El Maitenal y el Sr. Juan Mu\u00f1oz Arismendi del sector de Palaviccini: del <strong>Area de Chile Chico<\/strong>,\u00a0 Iris Cruzat Saldivia, del sector de Mall\u00edn Grande y el \u00a0Sr. F\u00e9lix Avil\u00e9s Pinilla, sector Mall\u00edn Grande, y finalmente del <strong>Area Cochrane<\/strong>, Sra. Natividad Bustamante de Villa O\u00b4Higgins y el Sr. Wenseslao Rivera de la comuna de Cochrane.<\/p>\n<p style=\"text-align: justify;\">Finalmente, cabe destacar que para el \u00e9xito de esta instancia, se cont\u00f3 con la colaboraci\u00f3n de varios aportes, entre ellos Conaf, Oficina del Campesino de la Ilustre Municipalidad de Ays\u00e9n, Taller Artesanal Ra\u00edces de Ma\u00f1ihuales, Comit\u00e9 La Confluencia, entre otros.<\/p>\n<p style=\"text-align: justify;\"><strong>Muestra de Productos Locales \u2013 \u201cDel campo a su propia mesa\u201d <\/strong><\/p>\n<p style=\"text-align: justify;\">Otra de las acciones a destacar durante la celebraci\u00f3n, fue la muestra realizada por artesanas y artesanos pertenecientes a las agrupaciones rurales de la comuna, quienes mostraron lo mejor de los sabores, artesan\u00edas y lanas, lo que fue muy valorado por los asistentes quienes pudieron ver in situ el trabajo productivo de las organizaciones.<\/p>\n<p style=\"text-align: justify;\">La actividad termino durante la jornada con una tarde campesina donde abundaron las tradiciones, cantos y bailes propios de nuestro Ays\u00e9n Rural.<\/p>\n<\/div><\/section><\/div><div  style='height:50px' class='hr hr-invisible   avia-builder-el-6  el_after_av_one_full  el_before_av_social_share '><span class='hr-inner ' ><span class='hr-inner-style'><\/span><\/span><\/div><\/p>\n<div  class='av-social-sharing-box  avia-builder-el-7  el_after_av_hr  el_before_av_hr  '><div class='av-share-box'><h5 class='av-share-link-description av-no-toc '>Compartir esta noticia<\/h5><ul class='av-share-box-list noLightbox'><li class='av-share-link av-social-link-facebook' ><a target=\"_blank\" aria-label=\"Compartir en Facebook\" href='https:\/\/www.facebook.com\/sharer.php?u=https:\/\/radiorevelacionfm.cl\/?p=19944&#038;t=Conmemoran%20D%C3%ADa%20de%20la%20Campesina%20y%20el%20Campesino%20con%20acento%20en%20la%20asociatividad%20y%20el%20rol%20de%20los%20dirigentes%20rurales' aria-hidden='false' data-av_icon='\ue8f3' data-av_iconfont='entypo-fontello' title='' data-avia-related-tooltip='Compartir en Facebook' rel=\"noopener\"><span class='avia_hidden_link_text'>Compartir en Facebook<\/span><\/a><\/li><li class='av-share-link av-social-link-twitter' ><a target=\"_blank\" aria-label=\"Compartir en Twitter\" href='https:\/\/twitter.com\/share?text=Conmemoran%20D%C3%ADa%20de%20la%20Campesina%20y%20el%20Campesino%20con%20acento%20en%20la%20asociatividad%20y%20el%20rol%20de%20los%20dirigentes%20rurales&#038;url=https:\/\/radiorevelacionfm.cl\/?p=19944' aria-hidden='false' data-av_icon='\ue8f1' data-av_iconfont='entypo-fontello' title='' data-avia-related-tooltip='Compartir en Twitter' rel=\"noopener\"><span class='avia_hidden_link_text'>Compartir en Twitter<\/span><\/a><\/li><li class='av-share-link av-social-link-whatsapp' ><a target=\"_blank\" aria-label=\"Compartir en Whatsapp\" href='https:\/\/api.whatsapp.com\/send?text=https:\/\/radiorevelacionfm.cl\/?p=19944' aria-hidden='false' data-av_icon='\uf232' data-av_iconfont='entypo-fontello' title='' data-avia-related-tooltip='Compartir en Whatsapp' rel=\"noopener\"><span class='avia_hidden_link_text'>Compartir en Whatsapp<\/span><\/a><\/li><li class='av-share-link av-social-link-linkedin' ><a target=\"_blank\" aria-label=\"Compartir en LinkedIn\" href='https:\/\/linkedin.com\/shareArticle?mini=true&#038;title=Conmemoran%20D%C3%ADa%20de%20la%20Campesina%20y%20el%20Campesino%20con%20acento%20en%20la%20asociatividad%20y%20el%20rol%20de%20los%20dirigentes%20rurales&#038;url=https:\/\/radiorevelacionfm.cl\/?p=19944' aria-hidden='false' data-av_icon='\ue8fc' data-av_iconfont='entypo-fontello' title='' data-avia-related-tooltip='Compartir en LinkedIn' rel=\"noopener\"><span class='avia_hidden_link_text'>Compartir en LinkedIn<\/span><\/a><\/li><li class='av-share-link av-social-link-mail' ><a  aria-label=\"Compartir por correo\" href='mailto:?subject=Conmemoran%20D%C3%ADa%20de%20la%20Campesina%20y%20el%20Campesino%20con%20acento%20en%20la%20asociatividad%20y%20el%20rol%20de%20los%20dirigentes%20rurales&#038;body=https:\/\/radiorevelacionfm.cl\/?p=19944' aria-hidden='false' data-av_icon='\ue805' data-av_iconfont='entypo-fontello' title='' data-avia-related-tooltip='Compartir por correo'><span class='avia_hidden_link_text'>Compartir por correo<\/span><\/a><\/li><\/ul><\/div><\/div>\n<div  style='height:50px' class='hr hr-invisible   avia-builder-el-8  el_after_av_social_share  el_before_av_comments_list '><span class='hr-inner ' ><span class='hr-inner-style'><\/span><\/span><\/div>\n<div  class='av-buildercomment  av-blog-meta-html-info-disabled av-blog-meta-tag-disabled  '><\/div>\n","protected":false},"excerpt":{"rendered":"","protected":false},"author":1,"featured_media":19945,"comment_status":"open","ping_status":"open","sticky":false,"template":"","format":"standard","meta":{"footnotes":""},"categories":[58],"tags":[],"class_list":["post-19944","post","type-post","status-publish","format-standard","has-post-thumbnail","hentry","category-agricultura"],"jetpack_featured_media_url":"https:\/\/radiorevelacionfm.cl\/wp-content\/uploads\/2022\/08\/1fec5ce4-dba6-49f0-a1e0-6f921288a70b-1_optimized.jpg","_links":{"self":[{"href":"https:\/\/radiorevelacionfm.cl\/index.php?rest_route=\/wp\/v2\/posts\/19944","targetHints":{"allow":["GET"]}}],"collection":[{"href":"https:\/\/radiorevelacionfm.cl\/index.php?rest_route=\/wp\/v2\/posts"}],"about":[{"href":"https:\/\/radiorevelacionfm.cl\/index.php?rest_route=\/wp\/v2\/types\/post"}],"author":[{"embeddable":true,"href":"https:\/\/radiorevelacionfm.cl\/index.php?rest_route=\/wp\/v2\/users\/1"}],"replies":[{"embeddable":true,"href":"https:\/\/radiorevelacionfm.cl\/index.php?rest_route=%2Fwp%2Fv2%2Fcomments&post=19944"}],"version-history":[{"count":2,"href":"https:\/\/radiorevelacionfm.cl\/index.php?rest_route=\/wp\/v2\/posts\/19944\/revisions"}],"predecessor-version":[{"id":19947,"href":"https:\/\/radiorevelacionfm.cl\/index.php?rest_route=\/wp\/v2\/posts\/19944\/revisions\/19947"}],"wp:featuredmedia":[{"embeddable":true,"href":"https:\/\/radiorevelacionfm.cl\/index.php?rest_route=\/wp\/v2\/media\/19945"}],"wp:attachment":[{"href":"https:\/\/radiorevelacionfm.cl\/index.php?rest_route=%2Fwp%2Fv2%2Fmedia&parent=19944"}],"wp:term":[{"taxonomy":"category","embeddable":true,"href":"https:\/\/radiorevelacionfm.cl\/index.php?rest_route=%2Fwp%2Fv2%2Fcategories&post=19944"},{"taxonomy":"post_tag","embeddable":true,"href":"https:\/\/radiorevelacionfm.cl\/index.php?rest_route=%2Fwp%2Fv2%2Ftags&post=19944"}],"curies":[{"name":"wp","href":"https:\/\/api.w.org\/{rel}","templated":true}]}}