{"id":19940,"date":"2022-08-02T18:50:21","date_gmt":"2022-08-02T21:50:21","guid":{"rendered":"https:\/\/radiorevelacionfm.cl\/?p=19940"},"modified":"2022-08-02T18:56:32","modified_gmt":"2022-08-02T21:56:32","slug":"reconocimiento-a-eumenia-torres-recolectora-y-chofer-de-camion-tolva","status":"publish","type":"post","link":"https:\/\/radiorevelacionfm.cl\/?p=19940","title":{"rendered":"Reconocimiento a Eumenia Torres, recolectora y chofer de cami\u00f3n tolva"},"content":{"rendered":"<div class=\"flex_column av_one_full  flex_column_div av-zero-column-padding first  avia-builder-el-0  el_before_av_one_full  avia-builder-el-first  \" style='border-radius:0px; '><div  class='avia-image-container  av-styling-    avia-builder-el-1  avia-builder-el-no-sibling  avia-align-center '  itemprop=\"image\" itemscope=\"itemscope\" itemtype=\"https:\/\/schema.org\/ImageObject\"  ><div class='avia-image-container-inner'><div class='avia-image-overlay-wrap'><img decoding=\"async\" class='wp-image-19941 avia-img-lazy-loading-not-19941 avia_image' src=\"https:\/\/radiorevelacionfm.cl\/wp-content\/uploads\/2022\/08\/recocimiento_eumeniatorres-2-b-1_optimized.jpg\" alt='' title='recocimiento_eumeniatorres-2-b-(1)_optimized' height=\"600\" width=\"828\"  itemprop=\"thumbnailUrl\" srcset=\"https:\/\/radiorevelacionfm.cl\/wp-content\/uploads\/2022\/08\/recocimiento_eumeniatorres-2-b-1_optimized.jpg 828w, https:\/\/radiorevelacionfm.cl\/wp-content\/uploads\/2022\/08\/recocimiento_eumeniatorres-2-b-1_optimized-300x217.jpg 300w, https:\/\/radiorevelacionfm.cl\/wp-content\/uploads\/2022\/08\/recocimiento_eumeniatorres-2-b-1_optimized-768x557.jpg 768w, https:\/\/radiorevelacionfm.cl\/wp-content\/uploads\/2022\/08\/recocimiento_eumeniatorres-2-b-1_optimized-705x511.jpg 705w, https:\/\/radiorevelacionfm.cl\/wp-content\/uploads\/2022\/08\/recocimiento_eumeniatorres-2-b-1_optimized-600x435.jpg 600w\" sizes=\"(max-width: 828px) 100vw, 828px\" \/><\/div><\/div><\/div><\/div><div class=\"flex_column av_one_full  flex_column_div av-zero-column-padding first  avia-builder-el-2  el_after_av_one_full  el_before_av_one_full  column-top-margin\" style='border-radius:0px; '><section class=\"av_textblock_section \"  itemscope=\"itemscope\" itemtype=\"https:\/\/schema.org\/BlogPosting\" itemprop=\"blogPost\" ><div class='avia_textblock  '   itemprop=\"text\" ><p style=\"text-align: center;\"><strong><span style=\"font-size: 18pt;\">Reconocimiento a Eumenia Torres, recolectora y chofer de cami\u00f3n tolva<\/span><\/strong><\/p>\n<div id=\"gtx-trans\" style=\"position: absolute; left: -50px; top: 4.31534px;\">\n<div class=\"gtx-trans-icon\"><\/div>\n<\/div>\n<\/div><\/section><\/div><div class=\"flex_column av_one_full  flex_column_div av-zero-column-padding first  avia-builder-el-4  el_after_av_one_full  el_before_av_hr  column-top-margin\" style='border-radius:0px; '><section class=\"av_textblock_section \"  itemscope=\"itemscope\" itemtype=\"https:\/\/schema.org\/BlogPosting\" itemprop=\"blogPost\" ><div class='avia_textblock  '   itemprop=\"text\" ><div class=\"v1gmail_default\">\n<p class=\"v1MsoNormal\" style=\"text-align: justify;\"><span lang=\"ES-MX\">Uno de los ejes del programa de Gobierno del Presidente Gabriel Boric es el feminismo, el cual debe ser un principio transversal en todas las materias. Es en este contexto y aludiendo el D\u00eda del Recolector de Aseo Domiciliario, es que desde la Seremi de Trabajo y Previsi\u00f3n Social, se reconoci\u00f3 a Eumenia Torres Alarc\u00f3n, quien desde el mes de febrero se desempe\u00f1a como recolectora de aseo domiciliario en Coyhaique, manejando un cami\u00f3n tolva, una labor que tradicionalmente realizan hombres y en un espacio altamente masculinizado.<\/span><\/p>\n<p class=\"v1MsoNormal\" style=\"text-align: justify;\"><span lang=\"ES-MX\">Para Eumenia, el ser chofer de un cami\u00f3n tolva le encanta y siempre le hab\u00eda atra\u00eddo la idea, al conocer el oficio cuando acompa\u00f1aba a su marido, quien fue camionero durante un tiempo. \u00abPara mucha gente es caracter\u00edstico, yo siempre tuve la inquietud de manejar camiones, me inst\u00f3 siempre mi marido, as\u00ed que con la ayuda de \u00e9l pude llegar hasta esta instancia y ahora comenzando la labor de camionera. En una labor que es particularmente pocas veces bien mirada, haci\u00e9ndolo con mucho gusto, porque es bueno mantener la ciudad limpia. Me siento muy bien haciendo lo que hago\u00bb, menciona.<\/span><\/p>\n<p class=\"v1MsoNormal\" style=\"text-align: justify;\"><span lang=\"ES-MX\">Con gran habilidad atr\u00e1s del volante del cami\u00f3n, Eumenia cuenta orgullosa que es coyhaiquina y madre de cuatro hijos, emocion\u00e1ndose al recibir este reconocimiento por parte de la autoridad laboral e hizo un llamado a otras mujeres a atreverse a trabajar como choferes de camiones, \u00abA\u00fan m\u00e1s feliz. Mejor a\u00fan reci\u00e9n comenzando y ya tener un reconocimiento, es m\u00e1s alegr\u00eda todav\u00eda. Instar a las chiquillas que quieran trabajar, esta es una muy buena labor\u00bb, coment\u00f3.<\/span><\/p>\n<p class=\"v1MsoNormal\" style=\"text-align: justify;\"><span lang=\"ES-MX\">En el Ministerio del Trabajo y Previsi\u00f3n Social se acaba de crear la Unidad de G\u00e9nero. Superar la divisi\u00f3n sexual del trabajo, la distribuci\u00f3n del poder y erradicaci\u00f3n de todo tipo de violencias hacia mujeres y disidencias sexuales son algunos de los temas que desde el \u00e1mbito laboral se quiere poner en la palestra. En este caso, desde la Serem\u00eda, se quiere destacar que no debe haber una estructura ocupacional diferenciada entre hombres y mujeres, incluyendo que a igual trabajo debe haber igual salario.<\/span><\/p>\n<p class=\"v1MsoNormal\" style=\"text-align: justify;\"><span lang=\"ES-MX\">En ese tenor, el Seremi Rodrigo D\u00edaz Cordaro afirm\u00f3, \u00abComo Seremi del Trabajo y Previsi\u00f3n Social, en este d\u00eda tan especial del D\u00eda del Recolector de Residuos Domiciliarios, quisimos destacar muy especialmente a do\u00f1a Eumenia Torres, una mujer trabajadora, esforzada, que nos da un ejemplo muy grande porque ella es la que conduce uno de los camiones de la basura. Ella nos demuestra que s\u00ed es posible lo que dice nuestro Gobierno, de relevar lo que hacen las mujeres, de que est\u00e9n en la misma condici\u00f3n de nosotros, los hombres, que la brecha de g\u00e9nero es posible disminuirla. As\u00ed es que yo la felicito y hoy d\u00eda la destacamos y la relevamos a ella como mujer, porque creo que a todos nos da un gran ejemplo\u00bb, asever\u00f3.<\/span><\/p>\n<p class=\"v1MsoNormal\" style=\"text-align: justify;\"><span lang=\"ES-MX\">En la empresa de aseo domiciliario de Coyhaique, Genera, son dos mujeres quienes trabajan como recolectoras y choferes de camiones. Eumenia tambi\u00e9n tiene una compa\u00f1era de labores, Johana Gallardo, quien en esta fecha relevante se encontraba fuera de nuestra Regi\u00f3n de Ays\u00e9n.<\/span><\/p>\n<\/div>\n<div style=\"text-align: justify;\"><\/div>\n<\/div><\/section><\/div><div  style='height:50px' class='hr hr-invisible   avia-builder-el-6  el_after_av_one_full  el_before_av_social_share '><span class='hr-inner ' ><span class='hr-inner-style'><\/span><\/span><\/div><\/p>\n<div  class='av-social-sharing-box  avia-builder-el-7  el_after_av_hr  el_before_av_hr  '><div class='av-share-box'><h5 class='av-share-link-description av-no-toc '>Compartir esta noticia<\/h5><ul class='av-share-box-list noLightbox'><li class='av-share-link av-social-link-facebook' ><a target=\"_blank\" aria-label=\"Compartir en Facebook\" href='https:\/\/www.facebook.com\/sharer.php?u=https:\/\/radiorevelacionfm.cl\/?p=19940&#038;t=Reconocimiento%20a%20Eumenia%20Torres%2C%20recolectora%20y%20chofer%20de%20cami%C3%B3n%20tolva' aria-hidden='false' data-av_icon='\ue8f3' data-av_iconfont='entypo-fontello' title='' data-avia-related-tooltip='Compartir en Facebook' rel=\"noopener\"><span class='avia_hidden_link_text'>Compartir en Facebook<\/span><\/a><\/li><li class='av-share-link av-social-link-twitter' ><a target=\"_blank\" aria-label=\"Compartir en Twitter\" href='https:\/\/twitter.com\/share?text=Reconocimiento%20a%20Eumenia%20Torres%2C%20recolectora%20y%20chofer%20de%20cami%C3%B3n%20tolva&#038;url=https:\/\/radiorevelacionfm.cl\/?p=19940' aria-hidden='false' data-av_icon='\ue8f1' data-av_iconfont='entypo-fontello' title='' data-avia-related-tooltip='Compartir en Twitter' rel=\"noopener\"><span class='avia_hidden_link_text'>Compartir en Twitter<\/span><\/a><\/li><li class='av-share-link av-social-link-whatsapp' ><a target=\"_blank\" aria-label=\"Compartir en Whatsapp\" href='https:\/\/api.whatsapp.com\/send?text=https:\/\/radiorevelacionfm.cl\/?p=19940' aria-hidden='false' data-av_icon='\uf232' data-av_iconfont='entypo-fontello' title='' data-avia-related-tooltip='Compartir en Whatsapp' rel=\"noopener\"><span class='avia_hidden_link_text'>Compartir en Whatsapp<\/span><\/a><\/li><li class='av-share-link av-social-link-linkedin' ><a target=\"_blank\" aria-label=\"Compartir en LinkedIn\" href='https:\/\/linkedin.com\/shareArticle?mini=true&#038;title=Reconocimiento%20a%20Eumenia%20Torres%2C%20recolectora%20y%20chofer%20de%20cami%C3%B3n%20tolva&#038;url=https:\/\/radiorevelacionfm.cl\/?p=19940' aria-hidden='false' data-av_icon='\ue8fc' data-av_iconfont='entypo-fontello' title='' data-avia-related-tooltip='Compartir en LinkedIn' rel=\"noopener\"><span class='avia_hidden_link_text'>Compartir en LinkedIn<\/span><\/a><\/li><li class='av-share-link av-social-link-mail' ><a  aria-label=\"Compartir por correo\" href='mailto:?subject=Reconocimiento%20a%20Eumenia%20Torres%2C%20recolectora%20y%20chofer%20de%20cami%C3%B3n%20tolva&#038;body=https:\/\/radiorevelacionfm.cl\/?p=19940' aria-hidden='false' data-av_icon='\ue805' data-av_iconfont='entypo-fontello' title='' data-avia-related-tooltip='Compartir por correo'><span class='avia_hidden_link_text'>Compartir por correo<\/span><\/a><\/li><\/ul><\/div><\/div>\n<div  style='height:50px' class='hr hr-invisible   avia-builder-el-8  el_after_av_social_share  el_before_av_comments_list '><span class='hr-inner ' ><span class='hr-inner-style'><\/span><\/span><\/div>\n<div  class='av-buildercomment  av-blog-meta-html-info-disabled av-blog-meta-tag-disabled  '><\/div>\n","protected":false},"excerpt":{"rendered":"","protected":false},"author":1,"featured_media":19941,"comment_status":"open","ping_status":"open","sticky":false,"template":"","format":"standard","meta":{"footnotes":""},"categories":[56],"tags":[],"class_list":["post-19940","post","type-post","status-publish","format-standard","has-post-thumbnail","hentry","category-trabajo"],"jetpack_featured_media_url":"https:\/\/radiorevelacionfm.cl\/wp-content\/uploads\/2022\/08\/recocimiento_eumeniatorres-2-b-1_optimized.jpg","_links":{"self":[{"href":"https:\/\/radiorevelacionfm.cl\/index.php?rest_route=\/wp\/v2\/posts\/19940","targetHints":{"allow":["GET"]}}],"collection":[{"href":"https:\/\/radiorevelacionfm.cl\/index.php?rest_route=\/wp\/v2\/posts"}],"about":[{"href":"https:\/\/radiorevelacionfm.cl\/index.php?rest_route=\/wp\/v2\/types\/post"}],"author":[{"embeddable":true,"href":"https:\/\/radiorevelacionfm.cl\/index.php?rest_route=\/wp\/v2\/users\/1"}],"replies":[{"embeddable":true,"href":"https:\/\/radiorevelacionfm.cl\/index.php?rest_route=%2Fwp%2Fv2%2Fcomments&post=19940"}],"version-history":[{"count":2,"href":"https:\/\/radiorevelacionfm.cl\/index.php?rest_route=\/wp\/v2\/posts\/19940\/revisions"}],"predecessor-version":[{"id":19961,"href":"https:\/\/radiorevelacionfm.cl\/index.php?rest_route=\/wp\/v2\/posts\/19940\/revisions\/19961"}],"wp:featuredmedia":[{"embeddable":true,"href":"https:\/\/radiorevelacionfm.cl\/index.php?rest_route=\/wp\/v2\/media\/19941"}],"wp:attachment":[{"href":"https:\/\/radiorevelacionfm.cl\/index.php?rest_route=%2Fwp%2Fv2%2Fmedia&parent=19940"}],"wp:term":[{"taxonomy":"category","embeddable":true,"href":"https:\/\/radiorevelacionfm.cl\/index.php?rest_route=%2Fwp%2Fv2%2Fcategories&post=19940"},{"taxonomy":"post_tag","embeddable":true,"href":"https:\/\/radiorevelacionfm.cl\/index.php?rest_route=%2Fwp%2Fv2%2Ftags&post=19940"}],"curies":[{"name":"wp","href":"https:\/\/api.w.org\/{rel}","templated":true}]}}