{"id":19936,"date":"2022-08-02T17:58:12","date_gmt":"2022-08-02T20:58:12","guid":{"rendered":"https:\/\/radiorevelacionfm.cl\/?p=19936"},"modified":"2022-08-02T17:58:12","modified_gmt":"2022-08-02T20:58:12","slug":"mesa-de-la-mujer-indigena-se-reune-con-director-nacional-de-la-conadi","status":"publish","type":"post","link":"https:\/\/radiorevelacionfm.cl\/?p=19936","title":{"rendered":"Mesa de la Mujer Ind\u00edgena se re\u00fane con Director Nacional de la CONADI"},"content":{"rendered":"<div class=\"flex_column av_one_full  flex_column_div av-zero-column-padding first  avia-builder-el-0  el_before_av_one_full  avia-builder-el-first  \" style='border-radius:0px; '><div  class='avia-image-container  av-styling-    avia-builder-el-1  avia-builder-el-no-sibling  avia-align-center '  itemprop=\"image\" itemscope=\"itemscope\" itemtype=\"https:\/\/schema.org\/ImageObject\"  ><div class='avia-image-container-inner'><div class='avia-image-overlay-wrap'><img decoding=\"async\" class='wp-image-19937 avia-img-lazy-loading-not-19937 avia_image' src=\"https:\/\/radiorevelacionfm.cl\/wp-content\/uploads\/2022\/08\/reunion-mmi-director-nac-conadi-5-1_optimized.jpg\" alt='' title='reuni\u00f3n-mmi-director-nac-conadi-(5)-(1)_optimized' height=\"600\" width=\"1062\"  itemprop=\"thumbnailUrl\" srcset=\"https:\/\/radiorevelacionfm.cl\/wp-content\/uploads\/2022\/08\/reunion-mmi-director-nac-conadi-5-1_optimized.jpg 1062w, https:\/\/radiorevelacionfm.cl\/wp-content\/uploads\/2022\/08\/reunion-mmi-director-nac-conadi-5-1_optimized-300x169.jpg 300w, https:\/\/radiorevelacionfm.cl\/wp-content\/uploads\/2022\/08\/reunion-mmi-director-nac-conadi-5-1_optimized-1030x582.jpg 1030w, https:\/\/radiorevelacionfm.cl\/wp-content\/uploads\/2022\/08\/reunion-mmi-director-nac-conadi-5-1_optimized-768x434.jpg 768w, https:\/\/radiorevelacionfm.cl\/wp-content\/uploads\/2022\/08\/reunion-mmi-director-nac-conadi-5-1_optimized-705x398.jpg 705w, https:\/\/radiorevelacionfm.cl\/wp-content\/uploads\/2022\/08\/reunion-mmi-director-nac-conadi-5-1_optimized-600x339.jpg 600w\" sizes=\"(max-width: 1062px) 100vw, 1062px\" \/><\/div><\/div><\/div><\/div><div class=\"flex_column av_one_full  flex_column_div av-zero-column-padding first  avia-builder-el-2  el_after_av_one_full  el_before_av_one_full  column-top-margin\" style='border-radius:0px; '><section class=\"av_textblock_section \"  itemscope=\"itemscope\" itemtype=\"https:\/\/schema.org\/BlogPosting\" itemprop=\"blogPost\" ><div class='avia_textblock  '   itemprop=\"text\" ><p class=\"v1MsoNormal\" style=\"text-align: center;\"><strong><span lang=\"ES\" style=\"font-size: 18pt;\">Mesa de la Mujer Ind\u00edgena se re\u00fane con Director Nacional de la CONADI<\/span><\/strong><\/p>\n<p class=\"v1MsoNormal\"><span lang=\"ES\">\u00a0<\/span><\/p>\n<div id=\"gtx-trans\" style=\"position: absolute; left: -50px; top: 4.31534px;\">\n<div class=\"gtx-trans-icon\"><\/div>\n<\/div>\n<\/div><\/section><\/div><div class=\"flex_column av_one_full  flex_column_div av-zero-column-padding first  avia-builder-el-4  el_after_av_one_full  el_before_av_hr  column-top-margin\" style='border-radius:0px; '><section class=\"av_textblock_section \"  itemscope=\"itemscope\" itemtype=\"https:\/\/schema.org\/BlogPosting\" itemprop=\"blogPost\" ><div class='avia_textblock  '   itemprop=\"text\" ><p style=\"font-weight: 400; text-align: justify;\">En el Centro Cultural Coyhaique se realiz\u00f3 una reuni\u00f3n, organizada por la Mesa de la Mujer Ind\u00edgena, con el nuevo Director Nacional de la Corporaci\u00f3n Nacional de Desarrollo Ind\u00edgena, Luis Penchuleo Morales. El objetivo de la actividad fue dar a conocer las principales inquietudes y necesidades de las agrupaciones, asociaciones y comunidades mapuche de la comuna de Coyhaique, que componen la Mesa de la Mujer Ind\u00edgena. Desde el a\u00f1o 2019, se viene realizando un trabajo conjunto entre las organizaciones de base con el Servicio Nacional de la Mujer y la Equidad de G\u00e9nero, SernamEG, y la CONADI.<\/p>\n<p style=\"font-weight: 400; text-align: justify;\">Respecto a los planteamientos expuestos, la autoridad nacional sostuvo que \u201cson muy sentidos, de a\u00f1os de postergaci\u00f3n y donde no hemos tenido como Estado la capacidad de llegar. Ahora el esp\u00edritu del nuevo Gobierno es ampliar los horizontes de los pueblos originarios, donde CONADI va a ser una pieza fundamental y nos comprometemos a poder avanzar. Hemos solicitado un aumento de presupuesto para tener las herramientas y responder a las demandas de la gente. Esperamos que ese presupuesto pueda ser votado en el Congreso donde las y los congresistas de la Regi\u00f3n puedan aportar con un grano de arena y as\u00ed obtener un mayor presupuesto para las necesidades ind\u00edgenas que existen en la Regi\u00f3n\u201d.<\/p>\n<p style=\"font-weight: 400; text-align: justify;\">Por su parte, la Seremi de Desarrollo Social y Familia, Karina Acevedo Auad, explic\u00f3 que \u201chace un par de a\u00f1os se constituy\u00f3 la Mesa de la Mujer Ind\u00edgena de la comuna de Coyhaique. Hoy se consagra con la visita del Director Nacional de la CONADI. Fue una reuni\u00f3n muy provechosa, donde cada una de las personas present\u00f3 las inquietudes de sus comunidades y asociaciones. Hay una nueva mirada para la regi\u00f3n de Ays\u00e9n, con una bajada de lo que el Presidente Gabriel Boric Font; nos ha mandatado a estar conectadas y conectados con la gente en los territorios\u201d.<\/p>\n<p style=\"font-weight: 400; text-align: justify;\">La Lamngen Nora Catrian Pinda, perteneciente a la Comunidad Catrian Pinda, dijo: \u201cla actividad me pareci\u00f3 muy importante por la concurrencia de las comunidades y asociaciones. Tambi\u00e9n porque el Director Nacional de CONADI vino a visitarnos y \u00e9l es un hermano mapuche. Por lo tanto, le expusimos todo lo que ten\u00edamos que decirle con confianza y espero que muchas de las cosas que le conversamos sobre lo que necesitamos se vuelvan realidad, aunque sabemos que es imposible cumplirlo todo. Ha sido muy grato tenerlo como pueblo mapuche aqu\u00ed en la Regi\u00f3n\u201d.<\/p>\n<p style=\"font-weight: 400; text-align: justify;\">En la reuni\u00f3n estuvieron presentes las comunidades mapuche Nolberto Ancapichun, Catrian Pinda, Yefi, Elsa Canuman, Millacura Hueiquilef, Carelmapu Lepio, Mari \u00d1ir, Tehuelche Raipillan Colin, Alihuen Ayancan Hern\u00e1ndez, Carfules, Re\u00f1ma Trapen, Llaipen Mariman y Guaquel Mariman. En tanto, de las asociaciones participaron Tai\u00f1 Mapu Coyhaike, Maw\u00fan Kurruf, Marim\u00e1n, We Folil, Antu Ka Pire Mapu Mew, Rakiduantum y Puwechekeche. \u00a0Asimismo, asistieron la Directora Regional (S) de SernamEG, Carla Arriagada Malague\u00f1o y la Coordinadora Regional de CONADI, Pamela Huaitiao Almonacid.<\/p>\n<p style=\"font-weight: 400; text-align: justify;\"><strong>TRABAJO CONJUNTO SernamEG &#8211; CONADI<\/strong><\/p>\n<p style=\"font-weight: 400; text-align: justify;\">SernamEG y CONADI lideran la Mesa de la Mujer Ind\u00edgena cuyo objetivo es desarrollar un trabajo conjunto para coordinar acciones dirigidas a emprendedoras, generando espacios de capacitaci\u00f3n y autonom\u00eda econ\u00f3mica de las mujeres de pueblos originarios.\u00a0 En esa l\u00ednea, una de las principales iniciativas desarrolladas durante el presente a\u00f1o, fue la segunda versi\u00f3n de la Feria Mujer Ind\u00edgena en la que participaron 22 expositoras, las que junto con potenciar sus negocios pudieron difundir su cultura.<\/p>\n<p style=\"font-weight: 400; text-align: justify;\">La Directora Regional (S) de SernamEG, Carla Arriagada Malague\u00f1o, precis\u00f3 que \u201cpara el Servicio es primordial apoyar a todas las mujeres, y en el caso de aquellas que pertenecen a los pueblos originarios, el trabajo colaborativo que hemos desarrollado de forma sostenida en el tiempo con la CONADI nos ha permitido dar respuesta en temas de emprendimiento. Tambi\u00e9n hemos sido el puente con las nuevas autoridades; a fines de mayo, sostuvimos una positiva reuni\u00f3n en la sede Rakiduantum donde se gener\u00f3 una hoja de ruta. Asimismo, como SernamEG hemos acompa\u00f1ado en actividades significativas como la ceremonia de Yeyip\u00fcn del Jard\u00edn Comunicacional con JUNJI, as\u00ed como el Wi\u00f1ol Txipantu, fecha relevante para el Pueblo Mapuche Huilliche\u201d.<\/p>\n<p style=\"font-weight: 400; text-align: justify;\">Finalmente, en junio pasado, se realiz\u00f3 en la sede social de la Poblaci\u00f3n Clotario Blest en Coyhaique el Wi\u00f1ol Tripantu, que marca la renovaci\u00f3n de un nuevo ciclo con el solsticio de invierno, en la oportunidad, se desarrollaron talleres de mapudungun, witral, hierbas medicinales y cosmovisi\u00f3n mapuche.<\/p>\n<\/div><\/section><\/div><div  style='height:50px' class='hr hr-invisible   avia-builder-el-6  el_after_av_one_full  el_before_av_social_share '><span class='hr-inner ' ><span class='hr-inner-style'><\/span><\/span><\/div><\/p>\n<div  class='av-social-sharing-box  avia-builder-el-7  el_after_av_hr  el_before_av_hr  '><div class='av-share-box'><h5 class='av-share-link-description av-no-toc '>Compartir esta noticia<\/h5><ul class='av-share-box-list noLightbox'><li class='av-share-link av-social-link-facebook' ><a target=\"_blank\" aria-label=\"Compartir en Facebook\" href='https:\/\/www.facebook.com\/sharer.php?u=https:\/\/radiorevelacionfm.cl\/?p=19936&#038;t=Mesa%20de%20la%20Mujer%20Ind%C3%ADgena%20se%20re%C3%BAne%20con%20Director%20Nacional%20de%20la%20CONADI' aria-hidden='false' data-av_icon='\ue8f3' data-av_iconfont='entypo-fontello' title='' data-avia-related-tooltip='Compartir en Facebook' rel=\"noopener\"><span class='avia_hidden_link_text'>Compartir en Facebook<\/span><\/a><\/li><li class='av-share-link av-social-link-twitter' ><a target=\"_blank\" aria-label=\"Compartir en Twitter\" href='https:\/\/twitter.com\/share?text=Mesa%20de%20la%20Mujer%20Ind%C3%ADgena%20se%20re%C3%BAne%20con%20Director%20Nacional%20de%20la%20CONADI&#038;url=https:\/\/radiorevelacionfm.cl\/?p=19936' aria-hidden='false' data-av_icon='\ue8f1' data-av_iconfont='entypo-fontello' title='' data-avia-related-tooltip='Compartir en Twitter' rel=\"noopener\"><span class='avia_hidden_link_text'>Compartir en Twitter<\/span><\/a><\/li><li class='av-share-link av-social-link-whatsapp' ><a target=\"_blank\" aria-label=\"Compartir en Whatsapp\" href='https:\/\/api.whatsapp.com\/send?text=https:\/\/radiorevelacionfm.cl\/?p=19936' aria-hidden='false' data-av_icon='\uf232' data-av_iconfont='entypo-fontello' title='' data-avia-related-tooltip='Compartir en Whatsapp' rel=\"noopener\"><span class='avia_hidden_link_text'>Compartir en Whatsapp<\/span><\/a><\/li><li class='av-share-link av-social-link-linkedin' ><a target=\"_blank\" aria-label=\"Compartir en LinkedIn\" href='https:\/\/linkedin.com\/shareArticle?mini=true&#038;title=Mesa%20de%20la%20Mujer%20Ind%C3%ADgena%20se%20re%C3%BAne%20con%20Director%20Nacional%20de%20la%20CONADI&#038;url=https:\/\/radiorevelacionfm.cl\/?p=19936' aria-hidden='false' data-av_icon='\ue8fc' data-av_iconfont='entypo-fontello' title='' data-avia-related-tooltip='Compartir en LinkedIn' rel=\"noopener\"><span class='avia_hidden_link_text'>Compartir en LinkedIn<\/span><\/a><\/li><li class='av-share-link av-social-link-mail' ><a  aria-label=\"Compartir por correo\" href='mailto:?subject=Mesa%20de%20la%20Mujer%20Ind%C3%ADgena%20se%20re%C3%BAne%20con%20Director%20Nacional%20de%20la%20CONADI&#038;body=https:\/\/radiorevelacionfm.cl\/?p=19936' aria-hidden='false' data-av_icon='\ue805' data-av_iconfont='entypo-fontello' title='' data-avia-related-tooltip='Compartir por correo'><span class='avia_hidden_link_text'>Compartir por correo<\/span><\/a><\/li><\/ul><\/div><\/div>\n<div  style='height:50px' class='hr hr-invisible   avia-builder-el-8  el_after_av_social_share  el_before_av_comments_list '><span class='hr-inner ' ><span class='hr-inner-style'><\/span><\/span><\/div>\n<div  class='av-buildercomment  av-blog-meta-html-info-disabled av-blog-meta-tag-disabled  '><\/div>\n","protected":false},"excerpt":{"rendered":"","protected":false},"author":1,"featured_media":19937,"comment_status":"open","ping_status":"open","sticky":false,"template":"","format":"standard","meta":{"footnotes":""},"categories":[38],"tags":[],"class_list":["post-19936","post","type-post","status-publish","format-standard","has-post-thumbnail","hentry","category-regional"],"jetpack_featured_media_url":"https:\/\/radiorevelacionfm.cl\/wp-content\/uploads\/2022\/08\/reunion-mmi-director-nac-conadi-5-1_optimized.jpg","_links":{"self":[{"href":"https:\/\/radiorevelacionfm.cl\/index.php?rest_route=\/wp\/v2\/posts\/19936","targetHints":{"allow":["GET"]}}],"collection":[{"href":"https:\/\/radiorevelacionfm.cl\/index.php?rest_route=\/wp\/v2\/posts"}],"about":[{"href":"https:\/\/radiorevelacionfm.cl\/index.php?rest_route=\/wp\/v2\/types\/post"}],"author":[{"embeddable":true,"href":"https:\/\/radiorevelacionfm.cl\/index.php?rest_route=\/wp\/v2\/users\/1"}],"replies":[{"embeddable":true,"href":"https:\/\/radiorevelacionfm.cl\/index.php?rest_route=%2Fwp%2Fv2%2Fcomments&post=19936"}],"version-history":[{"count":2,"href":"https:\/\/radiorevelacionfm.cl\/index.php?rest_route=\/wp\/v2\/posts\/19936\/revisions"}],"predecessor-version":[{"id":19939,"href":"https:\/\/radiorevelacionfm.cl\/index.php?rest_route=\/wp\/v2\/posts\/19936\/revisions\/19939"}],"wp:featuredmedia":[{"embeddable":true,"href":"https:\/\/radiorevelacionfm.cl\/index.php?rest_route=\/wp\/v2\/media\/19937"}],"wp:attachment":[{"href":"https:\/\/radiorevelacionfm.cl\/index.php?rest_route=%2Fwp%2Fv2%2Fmedia&parent=19936"}],"wp:term":[{"taxonomy":"category","embeddable":true,"href":"https:\/\/radiorevelacionfm.cl\/index.php?rest_route=%2Fwp%2Fv2%2Fcategories&post=19936"},{"taxonomy":"post_tag","embeddable":true,"href":"https:\/\/radiorevelacionfm.cl\/index.php?rest_route=%2Fwp%2Fv2%2Ftags&post=19936"}],"curies":[{"name":"wp","href":"https:\/\/api.w.org\/{rel}","templated":true}]}}