{"id":19933,"date":"2022-08-03T10:38:02","date_gmt":"2022-08-03T13:38:02","guid":{"rendered":"https:\/\/radiorevelacionfm.cl\/?p=19933"},"modified":"2022-08-03T10:38:02","modified_gmt":"2022-08-03T13:38:02","slug":"seremi-visito-las-obras-de-habilitacion-de-los-inmuebles-donde-funcionara-provisoriamente-la-escuela-diferencial-espana","status":"publish","type":"post","link":"https:\/\/radiorevelacionfm.cl\/?p=19933","title":{"rendered":"Seremi visit\u00f3 las obras de habilitaci\u00f3n de los inmuebles donde funcionar\u00e1 provisoriamente la Escuela Diferencial Espa\u00f1a"},"content":{"rendered":"<div class=\"flex_column av_one_full  flex_column_div av-zero-column-padding first  avia-builder-el-0  el_before_av_one_full  avia-builder-el-first  \" style='border-radius:0px; '><div  class='avia-image-container  av-styling-    avia-builder-el-1  avia-builder-el-no-sibling  avia-align-center '  itemprop=\"image\" itemscope=\"itemscope\" itemtype=\"https:\/\/schema.org\/ImageObject\"  ><div class='avia-image-container-inner'><div class='avia-image-overlay-wrap'><img decoding=\"async\" class='wp-image-19934 avia-img-lazy-loading-not-19934 avia_image' src=\"https:\/\/radiorevelacionfm.cl\/wp-content\/uploads\/2022\/08\/avances-escuela-espana-01-1_optimized.jpg\" alt='' title='avances-escuela-espa\u00f1a-01-(1)_optimized' height=\"600\" width=\"925\"  itemprop=\"thumbnailUrl\" srcset=\"https:\/\/radiorevelacionfm.cl\/wp-content\/uploads\/2022\/08\/avances-escuela-espana-01-1_optimized.jpg 925w, https:\/\/radiorevelacionfm.cl\/wp-content\/uploads\/2022\/08\/avances-escuela-espana-01-1_optimized-300x195.jpg 300w, https:\/\/radiorevelacionfm.cl\/wp-content\/uploads\/2022\/08\/avances-escuela-espana-01-1_optimized-768x498.jpg 768w, https:\/\/radiorevelacionfm.cl\/wp-content\/uploads\/2022\/08\/avances-escuela-espana-01-1_optimized-705x457.jpg 705w, https:\/\/radiorevelacionfm.cl\/wp-content\/uploads\/2022\/08\/avances-escuela-espana-01-1_optimized-600x389.jpg 600w\" sizes=\"(max-width: 925px) 100vw, 925px\" \/><\/div><\/div><\/div><\/div><div class=\"flex_column av_one_full  flex_column_div av-zero-column-padding first  avia-builder-el-2  el_after_av_one_full  el_before_av_one_full  column-top-margin\" style='border-radius:0px; '><section class=\"av_textblock_section \"  itemscope=\"itemscope\" itemtype=\"https:\/\/schema.org\/BlogPosting\" itemprop=\"blogPost\" ><div class='avia_textblock  '   itemprop=\"text\" ><p style=\"text-align: center;\"><span style=\"font-size: 18pt;\"><b><span lang=\"ES\">Seremi visit\u00f3 las obras de habilitaci\u00f3n de los inmuebles donde funcionar\u00e1 provisoriamente la Escuela Diferencial Espa\u00f1a<\/span><\/b><\/span><\/p>\n<div id=\"gtx-trans\" style=\"position: absolute; left: -50px; top: 4.31534px;\">\n<div class=\"gtx-trans-icon\"><\/div>\n<\/div>\n<\/div><\/section><\/div><div class=\"flex_column av_one_full  flex_column_div av-zero-column-padding first  avia-builder-el-4  el_after_av_one_full  el_before_av_hr  column-top-margin\" style='border-radius:0px; '><section class=\"av_textblock_section \"  itemscope=\"itemscope\" itemtype=\"https:\/\/schema.org\/BlogPosting\" itemprop=\"blogPost\" ><div class='avia_textblock  '   itemprop=\"text\" ><p class=\"v1MsoNormal\" style=\"text-align: justify;\"><span lang=\"ES\">La Seremi de Educaci\u00f3n de Ays\u00e9n Isabel Garrido Casassa visit\u00f3 hoy martes 02 de Agosto, junto a la Directora y equipo de gesti\u00f3n de la Escuela Diferencial\u00a0 Espa\u00f1a de Coyhaique, los dos inmuebles donde funcionar\u00e1 provisoriamente el establecimiento municipal de Coyhaique.<\/span><\/p>\n<p class=\"v1MsoNormal\" style=\"text-align: justify;\"><span lang=\"ES\">En terreno y tras un recorrido que fue acompa\u00f1ado por profesionales de infraestructura de la SECREDUC Ays\u00e9n y de la Municipalidad de Coyhaique, el\u00a0 Director DEM (S) Ra\u00fal Villanueva inform\u00f3 que a la fecha hay un avance en torno al 50 por ciento de las obras de habilitaci\u00f3n de ambos recintos, emplazados en calles Sargento Aldea y Las Quintas respectivamente.<\/span><\/p>\n<p class=\"v1MsoNormal\" style=\"text-align: justify;\"><span lang=\"ES\">Villanueva expres\u00f3 conformidad con el progreso de los trabajos de los contratistas encargados de las obras para las cuales existe un plazo de ejecuci\u00f3n de 45 d\u00edas.<\/span><\/p>\n<p class=\"v1MsoNormal\" style=\"text-align: justify;\"><span lang=\"ES\">\u201cEstamos conformes con el estado de avance de las obras, que nos permitir\u00e1n dar cumplimiento al compromiso con la comunidad educativa y particularmente con los estudiantes y sus familias de contar a la brevedad con los espacios educativos \u00f3ptimos para el desarrollo de las clases\u201d.<\/span><\/p>\n<p class=\"v1MsoNormal\" style=\"text-align: justify;\"><span lang=\"ES\">La Seremi de Educaci\u00f3n se\u00f1al\u00f3 que \u201cQuedamos muy satisfechos en esta visita que hemos realizado junto a los directivos de la Escuela Espa\u00f1a, equipo municipal y nuestros profesionales del \u00e1rea de infraestructura de la SECREDUC, los cuales entregaron sugerencia para mejorar los est\u00e1ndares de seguridad. Las obras est\u00e1n avanzadas de acuerdo a los plazos comprometidos. Nuestra prioridad es asegurar la continuidad del proceso pedag\u00f3gico de los estudiantes de la escuela pero tambi\u00e9n su seguridad. Son procesos que se tienen que hacer en plazos que no se pueden apurar pero que van en el curso correcto\u201d.<\/span><\/p>\n<p class=\"v1MsoNormal\" style=\"text-align: justify;\">Asimismo, la autoridad sectorial afirm\u00f3 que existe un compromiso institucional y personal de las autoridades nacionales y regionales del Mineduc para entregar los recursos necesarios y suficientes que permitan materializar la reposici\u00f3n definitiva de la Escuela Espa\u00f1a, una\u00a0 obra que es tan anhelada por su comunidad educacional<\/p>\n<p class=\"v1MsoNormal\" style=\"text-align: justify;\"><span lang=\"ES\">En tanto, Maciel Acu\u00f1a, Jerez Directora de la Escuela Diferencial Espa\u00f1a, valor\u00f3 positivamente la visita se\u00f1alando que \u201cHoy hemos realizado esta visita junto a la Seremi, con quien hemos estado trabajando constantemente en ir haciendo seguimiento de cuales son los avances que se tienen para poder estar lo m\u00e1s pronto posible ac\u00e1. Estamos contentos porque se est\u00e1 trabajando en ello tal como fue compromiso adquirido. Queremos enviarle un mensaje a nuestra comunidad educativa que sabemos que est\u00e1n ansiosos esperando poder retornar lo antes posible, poder juntarnos, estar de nuevo en la presencialidad y estamos junto a nuestras autoridades trabajando para ello\u201d.<\/span><\/p>\n<\/div><\/section><\/div><div  style='height:50px' class='hr hr-invisible   avia-builder-el-6  el_after_av_one_full  el_before_av_social_share '><span class='hr-inner ' ><span class='hr-inner-style'><\/span><\/span><\/div><\/p>\n<div  class='av-social-sharing-box  avia-builder-el-7  el_after_av_hr  el_before_av_hr  '><div class='av-share-box'><h5 class='av-share-link-description av-no-toc '>Compartir esta noticia<\/h5><ul class='av-share-box-list noLightbox'><li class='av-share-link av-social-link-facebook' ><a target=\"_blank\" aria-label=\"Compartir en Facebook\" href='https:\/\/www.facebook.com\/sharer.php?u=https:\/\/radiorevelacionfm.cl\/?p=19933&#038;t=Seremi%20visit%C3%B3%20las%20obras%20de%20habilitaci%C3%B3n%20de%20los%20inmuebles%20donde%20funcionar%C3%A1%20provisoriamente%20la%20Escuela%20Diferencial%20Espa%C3%B1a' aria-hidden='false' data-av_icon='\ue8f3' data-av_iconfont='entypo-fontello' title='' data-avia-related-tooltip='Compartir en Facebook' rel=\"noopener\"><span class='avia_hidden_link_text'>Compartir en Facebook<\/span><\/a><\/li><li class='av-share-link av-social-link-twitter' ><a target=\"_blank\" aria-label=\"Compartir en Twitter\" href='https:\/\/twitter.com\/share?text=Seremi%20visit%C3%B3%20las%20obras%20de%20habilitaci%C3%B3n%20de%20los%20inmuebles%20donde%20funcionar%C3%A1%20provisoriamente%20la%20Escuela%20Diferencial%20Espa%C3%B1a&#038;url=https:\/\/radiorevelacionfm.cl\/?p=19933' aria-hidden='false' data-av_icon='\ue8f1' data-av_iconfont='entypo-fontello' title='' data-avia-related-tooltip='Compartir en Twitter' rel=\"noopener\"><span class='avia_hidden_link_text'>Compartir en Twitter<\/span><\/a><\/li><li class='av-share-link av-social-link-whatsapp' ><a target=\"_blank\" aria-label=\"Compartir en Whatsapp\" href='https:\/\/api.whatsapp.com\/send?text=https:\/\/radiorevelacionfm.cl\/?p=19933' aria-hidden='false' data-av_icon='\uf232' data-av_iconfont='entypo-fontello' title='' data-avia-related-tooltip='Compartir en Whatsapp' rel=\"noopener\"><span class='avia_hidden_link_text'>Compartir en Whatsapp<\/span><\/a><\/li><li class='av-share-link av-social-link-linkedin' ><a target=\"_blank\" aria-label=\"Compartir en LinkedIn\" href='https:\/\/linkedin.com\/shareArticle?mini=true&#038;title=Seremi%20visit%C3%B3%20las%20obras%20de%20habilitaci%C3%B3n%20de%20los%20inmuebles%20donde%20funcionar%C3%A1%20provisoriamente%20la%20Escuela%20Diferencial%20Espa%C3%B1a&#038;url=https:\/\/radiorevelacionfm.cl\/?p=19933' aria-hidden='false' data-av_icon='\ue8fc' data-av_iconfont='entypo-fontello' title='' data-avia-related-tooltip='Compartir en LinkedIn' rel=\"noopener\"><span class='avia_hidden_link_text'>Compartir en LinkedIn<\/span><\/a><\/li><li class='av-share-link av-social-link-mail' ><a  aria-label=\"Compartir por correo\" href='mailto:?subject=Seremi%20visit%C3%B3%20las%20obras%20de%20habilitaci%C3%B3n%20de%20los%20inmuebles%20donde%20funcionar%C3%A1%20provisoriamente%20la%20Escuela%20Diferencial%20Espa%C3%B1a&#038;body=https:\/\/radiorevelacionfm.cl\/?p=19933' aria-hidden='false' data-av_icon='\ue805' data-av_iconfont='entypo-fontello' title='' data-avia-related-tooltip='Compartir por correo'><span class='avia_hidden_link_text'>Compartir por correo<\/span><\/a><\/li><\/ul><\/div><\/div>\n<div  style='height:50px' class='hr hr-invisible   avia-builder-el-8  el_after_av_social_share  el_before_av_comments_list '><span class='hr-inner ' ><span class='hr-inner-style'><\/span><\/span><\/div>\n<div  class='av-buildercomment  av-blog-meta-html-info-disabled av-blog-meta-tag-disabled  '><\/div>\n","protected":false},"excerpt":{"rendered":"","protected":false},"author":1,"featured_media":19934,"comment_status":"open","ping_status":"open","sticky":false,"template":"","format":"standard","meta":{"footnotes":""},"categories":[49],"tags":[],"class_list":["post-19933","post","type-post","status-publish","format-standard","has-post-thumbnail","hentry","category-educacion"],"jetpack_featured_media_url":"https:\/\/radiorevelacionfm.cl\/wp-content\/uploads\/2022\/08\/avances-escuela-espana-01-1_optimized.jpg","_links":{"self":[{"href":"https:\/\/radiorevelacionfm.cl\/index.php?rest_route=\/wp\/v2\/posts\/19933","targetHints":{"allow":["GET"]}}],"collection":[{"href":"https:\/\/radiorevelacionfm.cl\/index.php?rest_route=\/wp\/v2\/posts"}],"about":[{"href":"https:\/\/radiorevelacionfm.cl\/index.php?rest_route=\/wp\/v2\/types\/post"}],"author":[{"embeddable":true,"href":"https:\/\/radiorevelacionfm.cl\/index.php?rest_route=\/wp\/v2\/users\/1"}],"replies":[{"embeddable":true,"href":"https:\/\/radiorevelacionfm.cl\/index.php?rest_route=%2Fwp%2Fv2%2Fcomments&post=19933"}],"version-history":[{"count":2,"href":"https:\/\/radiorevelacionfm.cl\/index.php?rest_route=\/wp\/v2\/posts\/19933\/revisions"}],"predecessor-version":[{"id":19976,"href":"https:\/\/radiorevelacionfm.cl\/index.php?rest_route=\/wp\/v2\/posts\/19933\/revisions\/19976"}],"wp:featuredmedia":[{"embeddable":true,"href":"https:\/\/radiorevelacionfm.cl\/index.php?rest_route=\/wp\/v2\/media\/19934"}],"wp:attachment":[{"href":"https:\/\/radiorevelacionfm.cl\/index.php?rest_route=%2Fwp%2Fv2%2Fmedia&parent=19933"}],"wp:term":[{"taxonomy":"category","embeddable":true,"href":"https:\/\/radiorevelacionfm.cl\/index.php?rest_route=%2Fwp%2Fv2%2Fcategories&post=19933"},{"taxonomy":"post_tag","embeddable":true,"href":"https:\/\/radiorevelacionfm.cl\/index.php?rest_route=%2Fwp%2Fv2%2Ftags&post=19933"}],"curies":[{"name":"wp","href":"https:\/\/api.w.org\/{rel}","templated":true}]}}