{"id":19930,"date":"2022-08-03T11:24:54","date_gmt":"2022-08-03T14:24:54","guid":{"rendered":"https:\/\/radiorevelacionfm.cl\/?p=19930"},"modified":"2022-08-03T11:24:54","modified_gmt":"2022-08-03T14:24:54","slug":"panel-de-comercio-reactivo-sus-sesiones-con-enfoque-en-la-prevencion-y-el-trabajo-colaborativo","status":"publish","type":"post","link":"https:\/\/radiorevelacionfm.cl\/?p=19930","title":{"rendered":"Panel de Comercio reactiv\u00f3 sus sesiones con enfoque en la prevenci\u00f3n y el trabajo colaborativo"},"content":{"rendered":"<div class=\"flex_column av_one_full  flex_column_div av-zero-column-padding first  avia-builder-el-0  el_before_av_one_full  avia-builder-el-first  \" style='border-radius:0px; '><div  class='avia-image-container  av-styling-    avia-builder-el-1  avia-builder-el-no-sibling  avia-align-center '  itemprop=\"image\" itemscope=\"itemscope\" itemtype=\"https:\/\/schema.org\/ImageObject\"  ><div class='avia-image-container-inner'><div class='avia-image-overlay-wrap'><img decoding=\"async\" class='wp-image-19931 avia-img-lazy-loading-not-19931 avia_image' src=\"https:\/\/radiorevelacionfm.cl\/wp-content\/uploads\/2022\/08\/panel3-1-1_optimized.jpg\" alt='' title='panel3-(1)-(1)_optimized' height=\"600\" width=\"867\"  itemprop=\"thumbnailUrl\" srcset=\"https:\/\/radiorevelacionfm.cl\/wp-content\/uploads\/2022\/08\/panel3-1-1_optimized.jpg 867w, https:\/\/radiorevelacionfm.cl\/wp-content\/uploads\/2022\/08\/panel3-1-1_optimized-300x208.jpg 300w, https:\/\/radiorevelacionfm.cl\/wp-content\/uploads\/2022\/08\/panel3-1-1_optimized-768x531.jpg 768w, https:\/\/radiorevelacionfm.cl\/wp-content\/uploads\/2022\/08\/panel3-1-1_optimized-705x488.jpg 705w, https:\/\/radiorevelacionfm.cl\/wp-content\/uploads\/2022\/08\/panel3-1-1_optimized-600x415.jpg 600w\" sizes=\"(max-width: 867px) 100vw, 867px\" \/><\/div><\/div><\/div><\/div><div class=\"flex_column av_one_full  flex_column_div av-zero-column-padding first  avia-builder-el-2  el_after_av_one_full  el_before_av_one_full  column-top-margin\" style='border-radius:0px; '><section class=\"av_textblock_section \"  itemscope=\"itemscope\" itemtype=\"https:\/\/schema.org\/BlogPosting\" itemprop=\"blogPost\" ><div class='avia_textblock  '   itemprop=\"text\" ><p style=\"text-align: center;\"><span style=\"font-size: 18pt;\"><strong>Panel de Comercio reactiv\u00f3 sus sesiones con enfoque en la prevenci\u00f3n y el trabajo colaborativo<\/strong><\/span><\/p>\n<div id=\"gtx-trans\" style=\"position: absolute; left: -50px; top: 4.31534px;\">\n<div class=\"gtx-trans-icon\"><\/div>\n<\/div>\n<\/div><\/section><\/div><div class=\"flex_column av_one_full  flex_column_div av-zero-column-padding first  avia-builder-el-4  el_after_av_one_full  el_before_av_hr  column-top-margin\" style='border-radius:0px; '><section class=\"av_textblock_section \"  itemscope=\"itemscope\" itemtype=\"https:\/\/schema.org\/BlogPosting\" itemprop=\"blogPost\" ><div class='avia_textblock  '   itemprop=\"text\" ><p style=\"text-align: justify;\">Luego de un periodo de intermitencia a partir del movimiento social del 2019 y la posterior pandemia, el \u201cPanel de Comercio P\u00fablico\/Privado por un Comercio Seguro\u201d reactiv\u00f3 sus sesiones recientemente, con la finalidad de llevar a cabo un trabajo coordinado y colaborativo con los comerciantes de la comuna de Coyhaique, instalando el concepto de autocuidado, comunicaci\u00f3n y desarrollo de tareas.<\/p>\n<p style=\"text-align: justify;\">Crist\u00f3bal Barcel\u00f3, Coordinador Regional de la Subsecretar\u00eda de Prevenci\u00f3n del Delito (SPD), convoc\u00f3 y lider\u00f3 la instancia, que tuvo participaci\u00f3n de Carabineros de Chile, Polic\u00eda de Investigaciones, Fiscal\u00eda, Municipalidad de Coyhaique, C\u00e1mara de Comercio, A.G. Pymes Coyhaique y Barrios Comerciales, todos comprometidos y dispuestos a trabajar colaborativamente por la seguridad.<\/p>\n<p style=\"text-align: justify;\">\u201cEsta reuni\u00f3n nos permiti\u00f3 levantar un diagn\u00f3stico respecto de los problemas que m\u00e1s aquejan a los comerciantes en la actualidad, conocer sus temores, necesidades y, al mismo tiempo, delinear y proponer soluciones. Para ello, comenzamos a levantar una serie de acciones, compromisos y medidas donde todos tenemos una cuota importante de responsabilidad\u201d, sostuvo Crist\u00f3bal Barcel\u00f3, Coordinador Regional de la SPD.<\/p>\n<p style=\"text-align: justify;\">Algunas medidas b\u00e1sicas de autocuidado fueron abordadas en el panel, tales como la iluminaci\u00f3n de fachadas, utilizaci\u00f3n de c\u00e1maras, comunicaci\u00f3n con los vecinos y plan cuadrante, la imperiosa necesidad de efectuar las denuncias, la utilizaci\u00f3n de tel\u00e9fonos de denuncia an\u00f3nima, el desarrollo de campa\u00f1as preventivas como es el reconocimiento de billetes falsos, entre otras.<\/p>\n<p style=\"text-align: justify;\">La Presidenta de la C\u00e1mara de Comercio de Coyhaique, Daisy Mondelo, sostuvo que \u201cnuestro sector ha sido duramente golpeado, desde el movimiento social a la pandemia, seguido de una serie de episodios delictuales que hoy nos afectan. Es por ello, que como C\u00e1mara de Comercio agradecemos esta instancia de reactivaci\u00f3n del panel de comercio, ya desde estas reuniones podemos enfrentar y prevenir el delito\u201d.<\/p>\n<p style=\"text-align: justify;\">Finalmente, destacar el compromiso de Carabineros con el reforzamiento de sus rondas, la entrega de resultados de manera oportuna por parte de la PDI, el trabajo de erradicaci\u00f3n y regulaci\u00f3n del comercio ambulante que lleva adelante la municipalidad, el desarrollo permanente del panel y una coordinaci\u00f3n efectiva por parte de la SPD, entre otras acciones.<\/p>\n<\/div><\/section><\/div><div  style='height:50px' class='hr hr-invisible   avia-builder-el-6  el_after_av_one_full  el_before_av_social_share '><span class='hr-inner ' ><span class='hr-inner-style'><\/span><\/span><\/div><\/p>\n<div  class='av-social-sharing-box  avia-builder-el-7  el_after_av_hr  el_before_av_hr  '><div class='av-share-box'><h5 class='av-share-link-description av-no-toc '>Compartir esta noticia<\/h5><ul class='av-share-box-list noLightbox'><li class='av-share-link av-social-link-facebook' ><a target=\"_blank\" aria-label=\"Compartir en Facebook\" href='https:\/\/www.facebook.com\/sharer.php?u=https:\/\/radiorevelacionfm.cl\/?p=19930&#038;t=Panel%20de%20Comercio%20reactiv%C3%B3%20sus%20sesiones%20con%20enfoque%20en%20la%20prevenci%C3%B3n%20y%20el%20trabajo%20colaborativo' aria-hidden='false' data-av_icon='\ue8f3' data-av_iconfont='entypo-fontello' title='' data-avia-related-tooltip='Compartir en Facebook' rel=\"noopener\"><span class='avia_hidden_link_text'>Compartir en Facebook<\/span><\/a><\/li><li class='av-share-link av-social-link-twitter' ><a target=\"_blank\" aria-label=\"Compartir en Twitter\" href='https:\/\/twitter.com\/share?text=Panel%20de%20Comercio%20reactiv%C3%B3%20sus%20sesiones%20con%20enfoque%20en%20la%20prevenci%C3%B3n%20y%20el%20trabajo%20colaborativo&#038;url=https:\/\/radiorevelacionfm.cl\/?p=19930' aria-hidden='false' data-av_icon='\ue8f1' data-av_iconfont='entypo-fontello' title='' data-avia-related-tooltip='Compartir en Twitter' rel=\"noopener\"><span class='avia_hidden_link_text'>Compartir en Twitter<\/span><\/a><\/li><li class='av-share-link av-social-link-whatsapp' ><a target=\"_blank\" aria-label=\"Compartir en Whatsapp\" href='https:\/\/api.whatsapp.com\/send?text=https:\/\/radiorevelacionfm.cl\/?p=19930' aria-hidden='false' data-av_icon='\uf232' data-av_iconfont='entypo-fontello' title='' data-avia-related-tooltip='Compartir en Whatsapp' rel=\"noopener\"><span class='avia_hidden_link_text'>Compartir en Whatsapp<\/span><\/a><\/li><li class='av-share-link av-social-link-linkedin' ><a target=\"_blank\" aria-label=\"Compartir en LinkedIn\" href='https:\/\/linkedin.com\/shareArticle?mini=true&#038;title=Panel%20de%20Comercio%20reactiv%C3%B3%20sus%20sesiones%20con%20enfoque%20en%20la%20prevenci%C3%B3n%20y%20el%20trabajo%20colaborativo&#038;url=https:\/\/radiorevelacionfm.cl\/?p=19930' aria-hidden='false' data-av_icon='\ue8fc' data-av_iconfont='entypo-fontello' title='' data-avia-related-tooltip='Compartir en LinkedIn' rel=\"noopener\"><span class='avia_hidden_link_text'>Compartir en LinkedIn<\/span><\/a><\/li><li class='av-share-link av-social-link-mail' ><a  aria-label=\"Compartir por correo\" href='mailto:?subject=Panel%20de%20Comercio%20reactiv%C3%B3%20sus%20sesiones%20con%20enfoque%20en%20la%20prevenci%C3%B3n%20y%20el%20trabajo%20colaborativo&#038;body=https:\/\/radiorevelacionfm.cl\/?p=19930' aria-hidden='false' data-av_icon='\ue805' data-av_iconfont='entypo-fontello' title='' data-avia-related-tooltip='Compartir por correo'><span class='avia_hidden_link_text'>Compartir por correo<\/span><\/a><\/li><\/ul><\/div><\/div>\n<div  style='height:50px' class='hr hr-invisible   avia-builder-el-8  el_after_av_social_share  el_before_av_comments_list '><span class='hr-inner ' ><span class='hr-inner-style'><\/span><\/span><\/div>\n<div  class='av-buildercomment  av-blog-meta-html-info-disabled av-blog-meta-tag-disabled  '><\/div>\n","protected":false},"excerpt":{"rendered":"","protected":false},"author":1,"featured_media":19931,"comment_status":"open","ping_status":"open","sticky":false,"template":"","format":"standard","meta":{"footnotes":""},"categories":[45],"tags":[],"class_list":["post-19930","post","type-post","status-publish","format-standard","has-post-thumbnail","hentry","category-comercio"],"jetpack_featured_media_url":"https:\/\/radiorevelacionfm.cl\/wp-content\/uploads\/2022\/08\/panel3-1-1_optimized.jpg","_links":{"self":[{"href":"https:\/\/radiorevelacionfm.cl\/index.php?rest_route=\/wp\/v2\/posts\/19930","targetHints":{"allow":["GET"]}}],"collection":[{"href":"https:\/\/radiorevelacionfm.cl\/index.php?rest_route=\/wp\/v2\/posts"}],"about":[{"href":"https:\/\/radiorevelacionfm.cl\/index.php?rest_route=\/wp\/v2\/types\/post"}],"author":[{"embeddable":true,"href":"https:\/\/radiorevelacionfm.cl\/index.php?rest_route=\/wp\/v2\/users\/1"}],"replies":[{"embeddable":true,"href":"https:\/\/radiorevelacionfm.cl\/index.php?rest_route=%2Fwp%2Fv2%2Fcomments&post=19930"}],"version-history":[{"count":2,"href":"https:\/\/radiorevelacionfm.cl\/index.php?rest_route=\/wp\/v2\/posts\/19930\/revisions"}],"predecessor-version":[{"id":19987,"href":"https:\/\/radiorevelacionfm.cl\/index.php?rest_route=\/wp\/v2\/posts\/19930\/revisions\/19987"}],"wp:featuredmedia":[{"embeddable":true,"href":"https:\/\/radiorevelacionfm.cl\/index.php?rest_route=\/wp\/v2\/media\/19931"}],"wp:attachment":[{"href":"https:\/\/radiorevelacionfm.cl\/index.php?rest_route=%2Fwp%2Fv2%2Fmedia&parent=19930"}],"wp:term":[{"taxonomy":"category","embeddable":true,"href":"https:\/\/radiorevelacionfm.cl\/index.php?rest_route=%2Fwp%2Fv2%2Fcategories&post=19930"},{"taxonomy":"post_tag","embeddable":true,"href":"https:\/\/radiorevelacionfm.cl\/index.php?rest_route=%2Fwp%2Fv2%2Ftags&post=19930"}],"curies":[{"name":"wp","href":"https:\/\/api.w.org\/{rel}","templated":true}]}}