{"id":1993,"date":"2021-01-21T15:56:51","date_gmt":"2021-01-21T18:56:51","guid":{"rendered":"https:\/\/radiorevelacionfm.cl\/?p=1993"},"modified":"2021-01-21T16:05:47","modified_gmt":"2021-01-21T19:05:47","slug":"aprobado-proyecto-que-permite-retiro-de-fondos-previsionales-para-enfermos-terminales","status":"publish","type":"post","link":"https:\/\/radiorevelacionfm.cl\/?p=1993","title":{"rendered":"Aprobado proyecto que permite retiro de fondos previsionales para enfermos terminales"},"content":{"rendered":"<div class=\"flex_column av_one_full  flex_column_div av-zero-column-padding first  avia-builder-el-0  el_before_av_one_full  avia-builder-el-first  \" style='border-radius:0px; '><div  class='avia-image-container  av-styling-    avia-builder-el-1  avia-builder-el-no-sibling  avia-align-center '  itemprop=\"image\" itemscope=\"itemscope\" itemtype=\"https:\/\/schema.org\/ImageObject\"  ><div class='avia-image-container-inner'><div class='avia-image-overlay-wrap'><img decoding=\"async\" class='wp-image-0 avia-img-lazy-loading-not-0 avia_image' src=\"https:\/\/radiorevelacionfm.cl\/wp-content\/uploads\/2021\/01\/enfermos.jpg\" alt='' title=''   itemprop=\"thumbnailUrl\"  \/><\/div><\/div><\/div><\/div>\n<div class=\"flex_column av_one_full  flex_column_div av-zero-column-padding first  avia-builder-el-2  el_after_av_one_full  el_before_av_one_full  column-top-margin\" style='border-radius:0px; '><section class=\"av_textblock_section \"  itemscope=\"itemscope\" itemtype=\"https:\/\/schema.org\/BlogPosting\" itemprop=\"blogPost\" ><div class='avia_textblock  '   itemprop=\"text\" ><p style=\"text-align: center;\"><span style=\"font-size: 18pt;\"><strong>Aprobado proyecto que permite retiro de fondos previsionales para enfermos terminales<\/strong><\/span><\/p>\n<div id=\"gtx-trans\" style=\"position: absolute; left: -50px; top: 4.31534px;\">\n<div class=\"gtx-trans-icon\"><\/div>\n<\/div>\n<\/div><\/section><\/div>\n<div class=\"flex_column av_one_full  flex_column_div av-zero-column-padding first  avia-builder-el-4  el_after_av_one_full  el_before_av_hr  column-top-margin\" style='border-radius:0px; '><section class=\"av_textblock_section \"  itemscope=\"itemscope\" itemtype=\"https:\/\/schema.org\/BlogPosting\" itemprop=\"blogPost\" ><div class='avia_textblock  '   itemprop=\"text\" ><p style=\"text-align: justify;\">\u201cHubo una percepci\u00f3n absolutamente transversal de la urgencia que esto ten\u00eda\u201d.<\/p>\n<p style=\"text-align: justify;\"><em>Senador Sandoval, quien realiz\u00f3 intensas gestiones para que la iniciativa fuera aprobada por el Senado, destaco la celeridad con la que se tramit\u00f3 el proyecto en las comisiones y la Sala de la C\u00e1mara Alta.<\/em><\/p>\n<p style=\"text-align: justify;\">\u201cEstos son proyectos con rostro, que van al alma, que tiene una humanidad profunda\u201d. As\u00ed lo afirm\u00f3 el senador David Sandoval, al destacar la r\u00e1pida tramitaci\u00f3n que tuvo en la C\u00e1mara Alta, el proyecto de ley que permite el retiro de fondos previsionales a personas que sufran una enfermedad terminal.<\/p>\n<p style=\"text-align: justify;\">A juicio del parlamentario, \u201chubo una percepci\u00f3n absolutamente transversal de la urgencia que esto ten\u00eda\u201d, se\u00f1alando que este tipo de proyectos son los que \u201cquisi\u00e9ramos estar permanentemente tramitando en el Congreso\u201d, destacando de paso el trabajo de la ministra Mar\u00eda Jos\u00e9 Zald\u00edvar y su equipo, para sacar adelante la norma. \u201cHoy este proyecto del Gobierno, llega a una etapa crucial, relevante. Son m\u00e1s de 86 mil chilenos y chilenas que van a ver aqu\u00ed una posibilidad de mejorar sus condiciones de vida\u201d, indic\u00f3.<\/p>\n<p style=\"text-align: justify;\">\u201cHay tanta gente que uno conoce en esta condici\u00f3n. Son enfermedades desgastantes, con altos costos humanos, personales, con efectos profundos en las familias, junto con los efectos econ\u00f3micos que esto implica\u201d, agreg\u00f3.<\/p>\n<p style=\"text-align: justify;\">En ese sentido, Sandoval tambi\u00e9n hizo un reconocimiento a quienes hicieron ver esta realidad y la importancia de avanzar en una iniciativa de este tipo. \u201cSon poco m\u00e1s de 80 mil chilenos y chilenas que est\u00e1n en esta condici\u00f3n compleja en su situaci\u00f3n de salud\u201d, recalc\u00f3.<\/p>\n<p style=\"text-align: justify;\">El proyecto establece que\u00a0<strong>\u00abse entender\u00e1 por enfermedad terminal cuando el \u00fanico tratamiento m\u00e9dico disponible sea la entrega de cuidados paliativos del dolor y se estime una sobrevida no superior a un a\u00f1o\u00bb.<\/strong><\/p>\n<p style=\"text-align: justify;\">Adem\u00e1s, <strong>permitir\u00e1 a los afiliados activos o pensionados de una AFP que presenten una enfermedad terminal, el retiro de sus fondos como excedente de libre disposici\u00f3n<\/strong>, manteniendo los recursos necesarios para financiar: una renta temporal por 12 meses igual a la Pensi\u00f3n B\u00e1sica Solidaria (PBS), una cuota mortuoria de 15 UF (436 mil pesos) salvo aquellos del PBS y las pensiones de sobrevivencia en el caso que el afiliado tenga beneficiarios de \u00e9sta.<\/p>\n<p style=\"text-align: justify;\">Adem\u00e1s, el Consejo M\u00e9dico dependiente de la Superintendencia de Pensiones deber\u00e1 hacerse cargo del estudio de cada solicitud; y en el caso de los afiliados activos, primeramente deber\u00e1n tramitarse la invalidez.<\/p>\n<p style=\"text-align: justify;\">Cabe se\u00f1alar que ahora, la instancia pasa a su tercer tr\u00e1mite legislativo en la C\u00e1mara de Diputados.<\/p>\n<\/div><\/section><\/div><div  style='height:50px' class='hr hr-invisible   avia-builder-el-6  el_after_av_one_full  el_before_av_social_share '><span class='hr-inner ' ><span class='hr-inner-style'><\/span><\/span><\/div><\/p>\n<div  class='av-social-sharing-box  avia-builder-el-7  el_after_av_hr  el_before_av_hr  '><div class='av-share-box'><h5 class='av-share-link-description av-no-toc '>Compartir esta noticia<\/h5><ul class='av-share-box-list noLightbox'><li class='av-share-link av-social-link-facebook' ><a target=\"_blank\" aria-label=\"Compartir en Facebook\" href='https:\/\/www.facebook.com\/sharer.php?u=https:\/\/radiorevelacionfm.cl\/?p=1993&#038;t=Aprobado%20proyecto%20que%20permite%20retiro%20de%20fondos%20previsionales%20para%20enfermos%20terminales' aria-hidden='false' data-av_icon='\ue8f3' data-av_iconfont='entypo-fontello' title='' data-avia-related-tooltip='Compartir en Facebook' rel=\"noopener\"><span class='avia_hidden_link_text'>Compartir en Facebook<\/span><\/a><\/li><li class='av-share-link av-social-link-twitter' ><a target=\"_blank\" aria-label=\"Compartir en Twitter\" href='https:\/\/twitter.com\/share?text=Aprobado%20proyecto%20que%20permite%20retiro%20de%20fondos%20previsionales%20para%20enfermos%20terminales&#038;url=https:\/\/radiorevelacionfm.cl\/?p=1993' aria-hidden='false' data-av_icon='\ue8f1' data-av_iconfont='entypo-fontello' title='' data-avia-related-tooltip='Compartir en Twitter' rel=\"noopener\"><span class='avia_hidden_link_text'>Compartir en Twitter<\/span><\/a><\/li><li class='av-share-link av-social-link-whatsapp' ><a target=\"_blank\" aria-label=\"Compartir en Whatsapp\" href='https:\/\/api.whatsapp.com\/send?text=https:\/\/radiorevelacionfm.cl\/?p=1993' aria-hidden='false' data-av_icon='\uf232' data-av_iconfont='entypo-fontello' title='' data-avia-related-tooltip='Compartir en Whatsapp' rel=\"noopener\"><span class='avia_hidden_link_text'>Compartir en Whatsapp<\/span><\/a><\/li><li class='av-share-link av-social-link-linkedin' ><a target=\"_blank\" aria-label=\"Compartir en LinkedIn\" href='https:\/\/linkedin.com\/shareArticle?mini=true&#038;title=Aprobado%20proyecto%20que%20permite%20retiro%20de%20fondos%20previsionales%20para%20enfermos%20terminales&#038;url=https:\/\/radiorevelacionfm.cl\/?p=1993' aria-hidden='false' data-av_icon='\ue8fc' data-av_iconfont='entypo-fontello' title='' data-avia-related-tooltip='Compartir en LinkedIn' rel=\"noopener\"><span class='avia_hidden_link_text'>Compartir en LinkedIn<\/span><\/a><\/li><li class='av-share-link av-social-link-mail' ><a  aria-label=\"Compartir por correo\" href='mailto:?subject=Aprobado%20proyecto%20que%20permite%20retiro%20de%20fondos%20previsionales%20para%20enfermos%20terminales&#038;body=https:\/\/radiorevelacionfm.cl\/?p=1993' aria-hidden='false' data-av_icon='\ue805' data-av_iconfont='entypo-fontello' title='' data-avia-related-tooltip='Compartir por correo'><span class='avia_hidden_link_text'>Compartir por correo<\/span><\/a><\/li><\/ul><\/div><\/div>\n<div  style='height:50px' class='hr hr-invisible   avia-builder-el-8  el_after_av_social_share  el_before_av_comments_list '><span class='hr-inner ' ><span class='hr-inner-style'><\/span><\/span><\/div>\n<div  class='av-buildercomment  av-blog-meta-html-info-disabled av-blog-meta-tag-disabled  '><\/div>\n","protected":false},"excerpt":{"rendered":"","protected":false},"author":1,"featured_media":0,"comment_status":"open","ping_status":"open","sticky":false,"template":"","format":"standard","meta":{"footnotes":""},"categories":[35],"tags":[],"class_list":["post-1993","post","type-post","status-publish","format-standard","hentry","category-politica"],"jetpack_featured_media_url":"","_links":{"self":[{"href":"https:\/\/radiorevelacionfm.cl\/index.php?rest_route=\/wp\/v2\/posts\/1993","targetHints":{"allow":["GET"]}}],"collection":[{"href":"https:\/\/radiorevelacionfm.cl\/index.php?rest_route=\/wp\/v2\/posts"}],"about":[{"href":"https:\/\/radiorevelacionfm.cl\/index.php?rest_route=\/wp\/v2\/types\/post"}],"author":[{"embeddable":true,"href":"https:\/\/radiorevelacionfm.cl\/index.php?rest_route=\/wp\/v2\/users\/1"}],"replies":[{"embeddable":true,"href":"https:\/\/radiorevelacionfm.cl\/index.php?rest_route=%2Fwp%2Fv2%2Fcomments&post=1993"}],"version-history":[{"count":2,"href":"https:\/\/radiorevelacionfm.cl\/index.php?rest_route=\/wp\/v2\/posts\/1993\/revisions"}],"predecessor-version":[{"id":1996,"href":"https:\/\/radiorevelacionfm.cl\/index.php?rest_route=\/wp\/v2\/posts\/1993\/revisions\/1996"}],"wp:attachment":[{"href":"https:\/\/radiorevelacionfm.cl\/index.php?rest_route=%2Fwp%2Fv2%2Fmedia&parent=1993"}],"wp:term":[{"taxonomy":"category","embeddable":true,"href":"https:\/\/radiorevelacionfm.cl\/index.php?rest_route=%2Fwp%2Fv2%2Fcategories&post=1993"},{"taxonomy":"post_tag","embeddable":true,"href":"https:\/\/radiorevelacionfm.cl\/index.php?rest_route=%2Fwp%2Fv2%2Ftags&post=1993"}],"curies":[{"name":"wp","href":"https:\/\/api.w.org\/{rel}","templated":true}]}}