{"id":19926,"date":"2022-08-02T17:27:15","date_gmt":"2022-08-02T20:27:15","guid":{"rendered":"https:\/\/radiorevelacionfm.cl\/?p=19926"},"modified":"2022-08-02T17:27:15","modified_gmt":"2022-08-02T20:27:15","slug":"senadora-ordenes-se-reunio-con-ministro-de-energia-para-avanzar-en-rebaja-de-tarifas-electricas-en-puerto-cisnes","status":"publish","type":"post","link":"https:\/\/radiorevelacionfm.cl\/?p=19926","title":{"rendered":"Senadora \u00d3rdenes se reuni\u00f3 con Ministro de Energ\u00eda para avanzar en rebaja de tarifas el\u00e9ctricas en Puerto Cisnes"},"content":{"rendered":"<div class=\"flex_column av_one_full  flex_column_div av-zero-column-padding first  avia-builder-el-0  el_before_av_one_full  avia-builder-el-first  \" style='border-radius:0px; '><div  class='avia-image-container  av-styling-    avia-builder-el-1  avia-builder-el-no-sibling  avia-align-center '  itemprop=\"image\" itemscope=\"itemscope\" itemtype=\"https:\/\/schema.org\/ImageObject\"  ><div class='avia-image-container-inner'><div class='avia-image-overlay-wrap'><img decoding=\"async\" class='wp-image-19927 avia-img-lazy-loading-not-19927 avia_image' src=\"https:\/\/radiorevelacionfm.cl\/wp-content\/uploads\/2022\/08\/img_5955-1-1-1_optimized.jpg\" alt='' title='img_5955-1-(1)-(1)_optimized' height=\"600\" width=\"949\"  itemprop=\"thumbnailUrl\" srcset=\"https:\/\/radiorevelacionfm.cl\/wp-content\/uploads\/2022\/08\/img_5955-1-1-1_optimized.jpg 949w, https:\/\/radiorevelacionfm.cl\/wp-content\/uploads\/2022\/08\/img_5955-1-1-1_optimized-300x190.jpg 300w, https:\/\/radiorevelacionfm.cl\/wp-content\/uploads\/2022\/08\/img_5955-1-1-1_optimized-768x486.jpg 768w, https:\/\/radiorevelacionfm.cl\/wp-content\/uploads\/2022\/08\/img_5955-1-1-1_optimized-705x446.jpg 705w, https:\/\/radiorevelacionfm.cl\/wp-content\/uploads\/2022\/08\/img_5955-1-1-1_optimized-600x379.jpg 600w\" sizes=\"(max-width: 949px) 100vw, 949px\" \/><\/div><\/div><\/div><\/div><div class=\"flex_column av_one_full  flex_column_div av-zero-column-padding first  avia-builder-el-2  el_after_av_one_full  el_before_av_one_full  column-top-margin\" style='border-radius:0px; '><section class=\"av_textblock_section \"  itemscope=\"itemscope\" itemtype=\"https:\/\/schema.org\/BlogPosting\" itemprop=\"blogPost\" ><div class='avia_textblock  '   itemprop=\"text\" ><p style=\"text-align: center;\"><span style=\"font-size: 18pt;\"><strong>Senadora \u00d3rdenes se reuni\u00f3 con Ministro de Energ\u00eda para avanzar en rebaja de tarifas el\u00e9ctricas en Puerto Cisnes<\/strong><\/span><\/p>\n<div id=\"gtx-trans\" style=\"position: absolute; left: -50px; top: 4.31534px;\">\n<div class=\"gtx-trans-icon\"><\/div>\n<\/div>\n<\/div><\/section><\/div><div class=\"flex_column av_one_full  flex_column_div av-zero-column-padding first  avia-builder-el-4  el_after_av_one_full  el_before_av_hr  column-top-margin\" style='border-radius:0px; '><section class=\"av_textblock_section \"  itemscope=\"itemscope\" itemtype=\"https:\/\/schema.org\/BlogPosting\" itemprop=\"blogPost\" ><div class='avia_textblock  '   itemprop=\"text\" ><p style=\"font-weight: 400; text-align: justify;\">En concordancia con los compromisos adquiridos con la comunidad de Puerto Cisnes, la senadora de Ays\u00e9n, Ximena \u00d3rdenes, se reuni\u00f3 este martes con el Ministro de Energ\u00eda, Claudio Huepe, con el prop\u00f3sito concretar una rebaja de las tarifas el\u00e9ctricas para la comuna y explorar algunas f\u00f3rmulas para equilibrar las diferencias de tarifa en la regi\u00f3n.<\/p>\n<p style=\"font-weight: 400; text-align: justify;\">La senadora explic\u00f3 que Ley General de Servicios El\u00e9ctricos contempla que los sistemas medianos son aquellos que tienen una capacidad instalada de 1,5 a 200 MW y que operan en zonas alejadas de los sistemas interconectados, mientras que comunas como Cisnes, son reconocidos como parte de los sistemas aislados.<\/p>\n<p style=\"font-weight: 400; text-align: justify;\">\u00d3rdenes dijo que \u201cPuerto Cisnes hoy d\u00eda es un sistema aislado y no est\u00e1 reconocido como un sistema mediano, y en la medida en que se reconozca en esa calidad, es posible -de manera simult\u00e1nea- rebajar la tarifa de electricidad, y eventualmente pasar de $270 a $146 el kilowatt\u201d.<\/p>\n<p style=\"font-weight: 400; text-align: justify;\">A\u00f1adi\u00f3 que \u201cpor eso hemos solicitado al Ejecutivo dar celeridad al proceso administrativo que reconoce a Puerto Cisnes como un sistema mediano, de manera que impacte positivamente en el costo de la electricidad en la ciudad y se concrete una rebaja tarifaria con posterioridad al cambio de sistema\u201d.<\/p>\n<p style=\"font-weight: 400; text-align: justify;\">La parlamentaria adem\u00e1s sostuvo que, \u201cpara avanzar de manera m\u00e1s estrat\u00e9gica en una l\u00f3gica de equidad tarifaria para toda la regi\u00f3n de Ays\u00e9n, se requiere mejorar la legislaci\u00f3n, concordante con nuestra convicci\u00f3n de que todas las comunas de la regi\u00f3n deben contar precios justos en materia el\u00e9ctrica\u201d.<\/p>\n<p style=\"font-weight: 400; text-align: justify;\">\u201cComo este paso legislativo depende de una iniciativa que debiese presentar el Ejecutivo, hemos conversado con el Ministro de Energ\u00eda para ponernos a disposici\u00f3n de avanzar y trabajar coordinadamente en un proyecto de ley que permita nivelar las tarifas del Sistema El\u00e9ctrico de Ays\u00e9n con los del resto del pa\u00eds y, de esa forma, tambi\u00e9n tener efectos positivos, logrando la posibilidad de disminuir las tarifas de luz que pagan las familias en nuestra regi\u00f3n\u201d, dijo la senadora Ximena \u00d3rdenes.<\/p>\n<\/div><\/section><\/div><div  style='height:50px' class='hr hr-invisible   avia-builder-el-6  el_after_av_one_full  el_before_av_social_share '><span class='hr-inner ' ><span class='hr-inner-style'><\/span><\/span><\/div><\/p>\n<div  class='av-social-sharing-box  avia-builder-el-7  el_after_av_hr  el_before_av_hr  '><div class='av-share-box'><h5 class='av-share-link-description av-no-toc '>Compartir esta noticia<\/h5><ul class='av-share-box-list noLightbox'><li class='av-share-link av-social-link-facebook' ><a target=\"_blank\" aria-label=\"Compartir en Facebook\" href='https:\/\/www.facebook.com\/sharer.php?u=https:\/\/radiorevelacionfm.cl\/?p=19926&#038;t=Senadora%20%C3%93rdenes%20se%20reuni%C3%B3%20con%20Ministro%20de%20Energ%C3%ADa%20para%20avanzar%20en%20rebaja%20de%20tarifas%20el%C3%A9ctricas%20en%20Puerto%20Cisnes' aria-hidden='false' data-av_icon='\ue8f3' data-av_iconfont='entypo-fontello' title='' data-avia-related-tooltip='Compartir en Facebook' rel=\"noopener\"><span class='avia_hidden_link_text'>Compartir en Facebook<\/span><\/a><\/li><li class='av-share-link av-social-link-twitter' ><a target=\"_blank\" aria-label=\"Compartir en Twitter\" href='https:\/\/twitter.com\/share?text=Senadora%20%C3%93rdenes%20se%20reuni%C3%B3%20con%20Ministro%20de%20Energ%C3%ADa%20para%20avanzar%20en%20rebaja%20de%20tarifas%20el%C3%A9ctricas%20en%20Puerto%20Cisnes&#038;url=https:\/\/radiorevelacionfm.cl\/?p=19926' aria-hidden='false' data-av_icon='\ue8f1' data-av_iconfont='entypo-fontello' title='' data-avia-related-tooltip='Compartir en Twitter' rel=\"noopener\"><span class='avia_hidden_link_text'>Compartir en Twitter<\/span><\/a><\/li><li class='av-share-link av-social-link-whatsapp' ><a target=\"_blank\" aria-label=\"Compartir en Whatsapp\" href='https:\/\/api.whatsapp.com\/send?text=https:\/\/radiorevelacionfm.cl\/?p=19926' aria-hidden='false' data-av_icon='\uf232' data-av_iconfont='entypo-fontello' title='' data-avia-related-tooltip='Compartir en Whatsapp' rel=\"noopener\"><span class='avia_hidden_link_text'>Compartir en Whatsapp<\/span><\/a><\/li><li class='av-share-link av-social-link-linkedin' ><a target=\"_blank\" aria-label=\"Compartir en LinkedIn\" href='https:\/\/linkedin.com\/shareArticle?mini=true&#038;title=Senadora%20%C3%93rdenes%20se%20reuni%C3%B3%20con%20Ministro%20de%20Energ%C3%ADa%20para%20avanzar%20en%20rebaja%20de%20tarifas%20el%C3%A9ctricas%20en%20Puerto%20Cisnes&#038;url=https:\/\/radiorevelacionfm.cl\/?p=19926' aria-hidden='false' data-av_icon='\ue8fc' data-av_iconfont='entypo-fontello' title='' data-avia-related-tooltip='Compartir en LinkedIn' rel=\"noopener\"><span class='avia_hidden_link_text'>Compartir en LinkedIn<\/span><\/a><\/li><li class='av-share-link av-social-link-mail' ><a  aria-label=\"Compartir por correo\" href='mailto:?subject=Senadora%20%C3%93rdenes%20se%20reuni%C3%B3%20con%20Ministro%20de%20Energ%C3%ADa%20para%20avanzar%20en%20rebaja%20de%20tarifas%20el%C3%A9ctricas%20en%20Puerto%20Cisnes&#038;body=https:\/\/radiorevelacionfm.cl\/?p=19926' aria-hidden='false' data-av_icon='\ue805' data-av_iconfont='entypo-fontello' title='' data-avia-related-tooltip='Compartir por correo'><span class='avia_hidden_link_text'>Compartir por correo<\/span><\/a><\/li><\/ul><\/div><\/div>\n<div  style='height:50px' class='hr hr-invisible   avia-builder-el-8  el_after_av_social_share  el_before_av_comments_list '><span class='hr-inner ' ><span class='hr-inner-style'><\/span><\/span><\/div>\n<div  class='av-buildercomment  av-blog-meta-html-info-disabled av-blog-meta-tag-disabled  '><\/div>\n","protected":false},"excerpt":{"rendered":"","protected":false},"author":1,"featured_media":19927,"comment_status":"open","ping_status":"open","sticky":false,"template":"","format":"standard","meta":{"footnotes":""},"categories":[35],"tags":[],"class_list":["post-19926","post","type-post","status-publish","format-standard","has-post-thumbnail","hentry","category-politica"],"jetpack_featured_media_url":"https:\/\/radiorevelacionfm.cl\/wp-content\/uploads\/2022\/08\/img_5955-1-1-1_optimized.jpg","_links":{"self":[{"href":"https:\/\/radiorevelacionfm.cl\/index.php?rest_route=\/wp\/v2\/posts\/19926","targetHints":{"allow":["GET"]}}],"collection":[{"href":"https:\/\/radiorevelacionfm.cl\/index.php?rest_route=\/wp\/v2\/posts"}],"about":[{"href":"https:\/\/radiorevelacionfm.cl\/index.php?rest_route=\/wp\/v2\/types\/post"}],"author":[{"embeddable":true,"href":"https:\/\/radiorevelacionfm.cl\/index.php?rest_route=\/wp\/v2\/users\/1"}],"replies":[{"embeddable":true,"href":"https:\/\/radiorevelacionfm.cl\/index.php?rest_route=%2Fwp%2Fv2%2Fcomments&post=19926"}],"version-history":[{"count":2,"href":"https:\/\/radiorevelacionfm.cl\/index.php?rest_route=\/wp\/v2\/posts\/19926\/revisions"}],"predecessor-version":[{"id":19929,"href":"https:\/\/radiorevelacionfm.cl\/index.php?rest_route=\/wp\/v2\/posts\/19926\/revisions\/19929"}],"wp:featuredmedia":[{"embeddable":true,"href":"https:\/\/radiorevelacionfm.cl\/index.php?rest_route=\/wp\/v2\/media\/19927"}],"wp:attachment":[{"href":"https:\/\/radiorevelacionfm.cl\/index.php?rest_route=%2Fwp%2Fv2%2Fmedia&parent=19926"}],"wp:term":[{"taxonomy":"category","embeddable":true,"href":"https:\/\/radiorevelacionfm.cl\/index.php?rest_route=%2Fwp%2Fv2%2Fcategories&post=19926"},{"taxonomy":"post_tag","embeddable":true,"href":"https:\/\/radiorevelacionfm.cl\/index.php?rest_route=%2Fwp%2Fv2%2Ftags&post=19926"}],"curies":[{"name":"wp","href":"https:\/\/api.w.org\/{rel}","templated":true}]}}