{"id":1988,"date":"2021-01-21T15:25:24","date_gmt":"2021-01-21T18:25:24","guid":{"rendered":"https:\/\/radiorevelacionfm.cl\/?p=1988"},"modified":"2021-01-21T15:38:15","modified_gmt":"2021-01-21T18:38:15","slug":"con-la-consigna-muevete-en-verano-anuncian-actividades-recreativas-y-deportivas-para-diversas-comunas-de-la-region","status":"publish","type":"post","link":"https:\/\/radiorevelacionfm.cl\/?p=1988","title":{"rendered":"Con la consigna \u00abMu\u00e9vete en Verano\u00bb anuncian parrilla de actividades recreativas y deportivas para diversas comunas de la regi\u00f3n"},"content":{"rendered":"<div class=\"flex_column av_one_full  flex_column_div av-zero-column-padding first  avia-builder-el-0  el_before_av_one_full  avia-builder-el-first  \" style='border-radius:0px; '><div  class='avia-image-container  av-styling-    avia-builder-el-1  avia-builder-el-no-sibling  avia-align-center '  itemprop=\"image\" itemscope=\"itemscope\" itemtype=\"https:\/\/schema.org\/ImageObject\"  ><div class='avia-image-container-inner'><div class='avia-image-overlay-wrap'><img decoding=\"async\" class='wp-image-0 avia-img-lazy-loading-not-0 avia_image' src=\"https:\/\/radiorevelacionfm.cl\/wp-content\/uploads\/2021\/01\/IND.0.jpg\" alt='' title=''   itemprop=\"thumbnailUrl\"  \/><\/div><\/div><\/div><\/div>\n<div class=\"flex_column av_one_full  flex_column_div av-zero-column-padding first  avia-builder-el-2  el_after_av_one_full  el_before_av_one_full  column-top-margin\" style='border-radius:0px; '><section class=\"av_textblock_section \"  itemscope=\"itemscope\" itemtype=\"https:\/\/schema.org\/BlogPosting\" itemprop=\"blogPost\" ><div class='avia_textblock  '   itemprop=\"text\" ><p style=\"text-align: center;\"><span style=\"font-size: 18pt;\"><strong>Con la consigna \u00abMu\u00e9vete en Verano\u00bb anuncian parrilla de actividades recreativas y deportivas para diversas comunas de la regi\u00f3n<\/strong><\/span><\/p>\n<div id=\"gtx-trans\" style=\"position: absolute; left: -50px; top: 4.31534px;\">\n<div class=\"gtx-trans-icon\"><\/div>\n<\/div>\n<\/div><\/section><\/div><div class=\"flex_column av_one_full  flex_column_div av-zero-column-padding first  avia-builder-el-4  el_after_av_one_full  el_before_av_hr  column-top-margin\" style='border-radius:0px; '><section class=\"av_textblock_section \"  itemscope=\"itemscope\" itemtype=\"https:\/\/schema.org\/BlogPosting\" itemprop=\"blogPost\" ><div class='avia_textblock  '   itemprop=\"text\" ><p style=\"font-weight: 400; text-align: justify;\">Ser\u00e1n actividades deportivas y recreativas presenciales de acuerdo a \u00a0la fase en que se encuentra cada comuna.<\/p>\n<p style=\"font-weight: 400; text-align: justify;\">Con la consigna \u00abMu\u00e9vete en Verano\u00bb y con el objetivo de promover la\u00a0pr\u00e1ctica de actividad f\u00edsica y deporte durante las vacaciones, el \u00a0Mindep e IND a trav\u00e9s del Departamento de Participaci\u00f3n Social, ofrecer\u00e1 diversos eventos recreativos presenciales y online en comunas y localidades de la regi\u00f3n.<\/p>\n<p style=\"font-weight: 400; text-align: justify;\">Las actividades incluir\u00e1n baile entretenido, cicletadas y desaf\u00edos deportivos de f\u00fatbol, ciclismo y b\u00e1squetbol, que se realizar\u00e1n de acuerdo al aforo m\u00e1ximo permitido, distanciamiento deportivo y medidas sanitarias establecidas por la autoridad de salud.<\/p>\n<p style=\"font-weight: 400; text-align: justify;\">Al respecto el Seremi del Deporte, Rodrigo Cubilla Retamal se\u00f1al\u00f3 \u00abel avance de las comunas dentro del Plan Paso a Paso del Gobierno de Chile, ha permitido que se abran posibilidades para hacer deporte y actividad f\u00edsica al aire libre con responsabilidad y siempre cuid\u00e1ndonos, por lo que esperamos llegar a distintos lugares dependiendo de la fase en que se encuentran y de esta forma \u00a0promover la actividad f\u00edsica y el deporte en \u00e9poca estival con actividades para que toda la familia participe\u00bb.<\/p>\n<p style=\"font-weight: 400; text-align: justify;\">En tanto el Director Regional Jos\u00e9 Manuel Sep\u00falveda manifest\u00f3 \u00abcada verano el Mindep-IND organiza y ejecuta diversas actividades en la regi\u00f3n y \u00a0este a\u00f1o nos hemos ido adaptando para sacar adelante estos eventos que se ejecutar\u00e1n de manera presencial seg\u00fan el aforo permitido y tambi\u00e9n en l\u00ednea a trav\u00e9s de nuestro fanpage, cumpliendo con todos los protocolos se\u00f1alados por la autoridad de salud de manera que sean seguros para usuarios, funcionarios y profesores\u00bb. \u00a0\u00a0Asimismo, agreg\u00f3 \u00ablos invitamos a enterarse de todos los detalles en nuestra p\u00e1gina de Facebook Mindep Ays\u00e9n donde encontrar\u00e1n fechas, \u00a0horarios y lugares donde realizaremos los eventos\u00bb,\u00a0 concluy\u00f3.<\/p>\n<p style=\"font-weight: 400; text-align: justify;\">A partir de la segunda semana de febrero se dar\u00e1 inicio a estos eventos, en la cancha del Estadio Regional, para luego trasladarse a otros sectores y localidades, fechas que ser\u00e1n comunicadas oportunamente a trav\u00e9s de las redes sociales Mindep Ays\u00e9n.<\/p>\n<\/div><\/section><\/div><\/p>\n<div  style='height:50px' class='hr hr-invisible   avia-builder-el-6  el_after_av_one_full  el_before_av_social_share '><span class='hr-inner ' ><span class='hr-inner-style'><\/span><\/span><\/div>\n<div  class='av-social-sharing-box  avia-builder-el-7  el_after_av_hr  el_before_av_hr  '><div class='av-share-box'><h5 class='av-share-link-description av-no-toc '>Compartir esta noticia<\/h5><ul class='av-share-box-list noLightbox'><li class='av-share-link av-social-link-facebook' ><a target=\"_blank\" aria-label=\"Compartir en Facebook\" href='https:\/\/www.facebook.com\/sharer.php?u=https:\/\/radiorevelacionfm.cl\/?p=1988&#038;t=Con%20la%20consigna%20%C2%ABMu%C3%A9vete%20en%20Verano%C2%BB%20anuncian%20parrilla%20de%20actividades%20recreativas%20y%20deportivas%20para%20diversas%20comunas%20de%20la%20regi%C3%B3n' aria-hidden='false' data-av_icon='\ue8f3' data-av_iconfont='entypo-fontello' title='' data-avia-related-tooltip='Compartir en Facebook' rel=\"noopener\"><span class='avia_hidden_link_text'>Compartir en Facebook<\/span><\/a><\/li><li class='av-share-link av-social-link-twitter' ><a target=\"_blank\" aria-label=\"Compartir en Twitter\" href='https:\/\/twitter.com\/share?text=Con%20la%20consigna%20%C2%ABMu%C3%A9vete%20en%20Verano%C2%BB%20anuncian%20parrilla%20de%20actividades%20recreativas%20y%20deportivas%20para%20diversas%20comunas%20de%20la%20regi%C3%B3n&#038;url=https:\/\/radiorevelacionfm.cl\/?p=1988' aria-hidden='false' data-av_icon='\ue8f1' data-av_iconfont='entypo-fontello' title='' data-avia-related-tooltip='Compartir en Twitter' rel=\"noopener\"><span class='avia_hidden_link_text'>Compartir en Twitter<\/span><\/a><\/li><li class='av-share-link av-social-link-whatsapp' ><a target=\"_blank\" aria-label=\"Compartir en Whatsapp\" href='https:\/\/api.whatsapp.com\/send?text=https:\/\/radiorevelacionfm.cl\/?p=1988' aria-hidden='false' data-av_icon='\uf232' data-av_iconfont='entypo-fontello' title='' data-avia-related-tooltip='Compartir en Whatsapp' rel=\"noopener\"><span class='avia_hidden_link_text'>Compartir en Whatsapp<\/span><\/a><\/li><li class='av-share-link av-social-link-linkedin' ><a target=\"_blank\" aria-label=\"Compartir en LinkedIn\" href='https:\/\/linkedin.com\/shareArticle?mini=true&#038;title=Con%20la%20consigna%20%C2%ABMu%C3%A9vete%20en%20Verano%C2%BB%20anuncian%20parrilla%20de%20actividades%20recreativas%20y%20deportivas%20para%20diversas%20comunas%20de%20la%20regi%C3%B3n&#038;url=https:\/\/radiorevelacionfm.cl\/?p=1988' aria-hidden='false' data-av_icon='\ue8fc' data-av_iconfont='entypo-fontello' title='' data-avia-related-tooltip='Compartir en LinkedIn' rel=\"noopener\"><span class='avia_hidden_link_text'>Compartir en LinkedIn<\/span><\/a><\/li><li class='av-share-link av-social-link-mail' ><a  aria-label=\"Compartir por correo\" href='mailto:?subject=Con%20la%20consigna%20%C2%ABMu%C3%A9vete%20en%20Verano%C2%BB%20anuncian%20parrilla%20de%20actividades%20recreativas%20y%20deportivas%20para%20diversas%20comunas%20de%20la%20regi%C3%B3n&#038;body=https:\/\/radiorevelacionfm.cl\/?p=1988' aria-hidden='false' data-av_icon='\ue805' data-av_iconfont='entypo-fontello' title='' data-avia-related-tooltip='Compartir por correo'><span class='avia_hidden_link_text'>Compartir por correo<\/span><\/a><\/li><\/ul><\/div><\/div>\n<div  style='height:50px' class='hr hr-invisible   avia-builder-el-8  el_after_av_social_share  el_before_av_comments_list '><span class='hr-inner ' ><span class='hr-inner-style'><\/span><\/span><\/div>\n<div  class='av-buildercomment  av-blog-meta-html-info-disabled av-blog-meta-tag-disabled  '><\/div>\n","protected":false},"excerpt":{"rendered":"","protected":false},"author":1,"featured_media":0,"comment_status":"open","ping_status":"open","sticky":false,"template":"","format":"standard","meta":{"footnotes":""},"categories":[40],"tags":[],"class_list":["post-1988","post","type-post","status-publish","format-standard","hentry","category-deportes"],"jetpack_featured_media_url":"","_links":{"self":[{"href":"https:\/\/radiorevelacionfm.cl\/index.php?rest_route=\/wp\/v2\/posts\/1988","targetHints":{"allow":["GET"]}}],"collection":[{"href":"https:\/\/radiorevelacionfm.cl\/index.php?rest_route=\/wp\/v2\/posts"}],"about":[{"href":"https:\/\/radiorevelacionfm.cl\/index.php?rest_route=\/wp\/v2\/types\/post"}],"author":[{"embeddable":true,"href":"https:\/\/radiorevelacionfm.cl\/index.php?rest_route=\/wp\/v2\/users\/1"}],"replies":[{"embeddable":true,"href":"https:\/\/radiorevelacionfm.cl\/index.php?rest_route=%2Fwp%2Fv2%2Fcomments&post=1988"}],"version-history":[{"count":3,"href":"https:\/\/radiorevelacionfm.cl\/index.php?rest_route=\/wp\/v2\/posts\/1988\/revisions"}],"predecessor-version":[{"id":1992,"href":"https:\/\/radiorevelacionfm.cl\/index.php?rest_route=\/wp\/v2\/posts\/1988\/revisions\/1992"}],"wp:attachment":[{"href":"https:\/\/radiorevelacionfm.cl\/index.php?rest_route=%2Fwp%2Fv2%2Fmedia&parent=1988"}],"wp:term":[{"taxonomy":"category","embeddable":true,"href":"https:\/\/radiorevelacionfm.cl\/index.php?rest_route=%2Fwp%2Fv2%2Fcategories&post=1988"},{"taxonomy":"post_tag","embeddable":true,"href":"https:\/\/radiorevelacionfm.cl\/index.php?rest_route=%2Fwp%2Fv2%2Ftags&post=1988"}],"curies":[{"name":"wp","href":"https:\/\/api.w.org\/{rel}","templated":true}]}}