{"id":19864,"date":"2022-08-01T14:13:54","date_gmt":"2022-08-01T17:13:54","guid":{"rendered":"https:\/\/radiorevelacionfm.cl\/?p=19864"},"modified":"2022-08-02T16:17:08","modified_gmt":"2022-08-02T19:17:08","slug":"culturas-abre-convocatoria-para-postular-al-sello-artesania-indigena-2022","status":"publish","type":"post","link":"https:\/\/radiorevelacionfm.cl\/?p=19864","title":{"rendered":"Cultura abre convocatoria para postular al Sello Artesan\u00eda Ind\u00edgena 2022"},"content":{"rendered":"<div class=\"flex_column av_one_full  flex_column_div av-zero-column-padding first  avia-builder-el-0  el_before_av_one_full  avia-builder-el-first  \" style='border-radius:0px; '><div  class='avia-image-container  av-styling-    avia-builder-el-1  avia-builder-el-no-sibling  avia-align-center '  itemprop=\"image\" itemscope=\"itemscope\" itemtype=\"https:\/\/schema.org\/ImageObject\"  ><div class='avia-image-container-inner'><div class='avia-image-overlay-wrap'><img decoding=\"async\" class='wp-image-19865 avia-img-lazy-loading-not-19865 avia_image' src=\"https:\/\/radiorevelacionfm.cl\/wp-content\/uploads\/2022\/08\/SAI22_Portales_Serpat_16-9-noticia-1-1.png\" alt='' title='SAI22_Portales_Serpat_16-9 (noticia) (1) (1)' height=\"600\" width=\"1066\"  itemprop=\"thumbnailUrl\" srcset=\"https:\/\/radiorevelacionfm.cl\/wp-content\/uploads\/2022\/08\/SAI22_Portales_Serpat_16-9-noticia-1-1.png 1066w, https:\/\/radiorevelacionfm.cl\/wp-content\/uploads\/2022\/08\/SAI22_Portales_Serpat_16-9-noticia-1-1-300x169.png 300w, https:\/\/radiorevelacionfm.cl\/wp-content\/uploads\/2022\/08\/SAI22_Portales_Serpat_16-9-noticia-1-1-1030x580.png 1030w, https:\/\/radiorevelacionfm.cl\/wp-content\/uploads\/2022\/08\/SAI22_Portales_Serpat_16-9-noticia-1-1-768x432.png 768w, https:\/\/radiorevelacionfm.cl\/wp-content\/uploads\/2022\/08\/SAI22_Portales_Serpat_16-9-noticia-1-1-705x397.png 705w, https:\/\/radiorevelacionfm.cl\/wp-content\/uploads\/2022\/08\/SAI22_Portales_Serpat_16-9-noticia-1-1-600x338.png 600w\" sizes=\"(max-width: 1066px) 100vw, 1066px\" \/><\/div><\/div><\/div><\/div>\n<div class=\"flex_column av_one_full  flex_column_div av-zero-column-padding first  avia-builder-el-2  el_after_av_one_full  el_before_av_one_full  column-top-margin\" style='border-radius:0px; '><section class=\"av_textblock_section \"  itemscope=\"itemscope\" itemtype=\"https:\/\/schema.org\/BlogPosting\" itemprop=\"blogPost\" ><div class='avia_textblock  '   itemprop=\"text\" ><p style=\"text-align: center;\"><span style=\"font-size: 18pt;\"><b><span lang=\"ES-CL\">Cultura abre convocatoria para postular al Sello Artesan\u00eda Ind\u00edgena 2022<\/span><\/b><\/span><\/p>\n<div id=\"gtx-trans\" style=\"position: absolute; left: -50px; top: 4.31534px;\">\n<div class=\"gtx-trans-icon\"><\/div>\n<\/div>\n<\/div><\/section><\/div><div class=\"flex_column av_one_full  flex_column_div av-zero-column-padding first  avia-builder-el-4  el_after_av_one_full  el_before_av_hr  column-top-margin\" style='border-radius:0px; '><section class=\"av_textblock_section \"  itemscope=\"itemscope\" itemtype=\"https:\/\/schema.org\/BlogPosting\" itemprop=\"blogPost\" ><div class='avia_textblock  '   itemprop=\"text\" ><p class=\"v1x_MsoNormal\" style=\"text-align: justify;\"><span lang=\"ES-CL\">Por s\u00e9ptimo a\u00f1o consecutivo el Ministerio de las Culturas, las Artes y el Patrimonio a trav\u00e9s de la Subdirecci\u00f3n Nacional de Pueblos Originarios abre la convocatoria para postular al Sello Artesan\u00eda Ind\u00edgena, distinci\u00f3n otorgada a obras de artesan\u00eda tradicional elaboradas por artesanos y artesanas pertenecientes a los pueblos originarios.<\/span><\/p>\n<p class=\"v1x_MsoNormal\" style=\"text-align: justify;\"><span lang=\"ES-CL\">\u00abEn las obras de las y los maestros artesanos confluyen sus cosmovisiones, paisajes y memorias. Sus oficios forman parte de una tradici\u00f3n oral que se transmite de generaci\u00f3n en generaci\u00f3n, implican saberes y destrezas particulares y responden a formas de vida ancladas en el territorio y los ciclos de la naturaleza\u00bb, dijo la Subsecretaria del Patrimonio Cultural, Paulina Soto Labb\u00e9, quien agreg\u00f3: \u00abSu sobrevivencia se ve amenazada en la actualidad tanto por las nuevas din\u00e1micas de producci\u00f3n y comercializaci\u00f3n como por las crisis medioambientales y la escasez de materias primas. Por ello reconocer a artesanos y artesanas es fundamental para visibilizar su arte y fomentar su vigencia\u00bb.<\/span><\/p>\n<p class=\"v1x_MsoNormal\" style=\"text-align: justify;\"><span lang=\"ES-CL\">El Sello Artesan\u00eda Ind\u00edgena es un reconocimiento que aporta a la dignificaci\u00f3n de un oficio que es parte de las expresiones m\u00e1s antiguas y fundamentales de las culturas ind\u00edgenas.<\/span><\/p>\n<p class=\"v1x_MsoNormal\" style=\"text-align: justify;\"><span lang=\"ES-CL\">La convocatoria desarrollada en alianza con el Programa de Artesan\u00eda de la Escuela de Dise\u00f1o de la Pontificia Universidad Cat\u00f3lica de Chile busca fortalecer la revitalizaci\u00f3n y proyecci\u00f3n de conocimientos y t\u00e9cnicas artesanales tradicionales e incentivar la difusi\u00f3n de estas manifestaciones como expresiones propias y distintivas de las culturas de los pueblos ind\u00edgenas presentes en el pa\u00eds.<\/span><\/p>\n<p class=\"v1x_MsoNormal\" style=\"text-align: justify;\"><span lang=\"ES-CL\">Desde 2016, se ha entregado esta distinci\u00f3n a 61 obras creadas por artesanas y artesanos pertenecientes a 8 pueblos originarios provenientes de distintos territorios de los extremos norte y sur, de Rapa Nui, y la Regi\u00f3n Metropolitana.<\/span><\/p>\n<p class=\"v1x_MsoNormal\" style=\"text-align: justify;\"><span lang=\"ES-CL\">\u00a0<\/span><\/p>\n<p class=\"v1x_MsoNormal\" style=\"text-align: justify;\"><b><span lang=\"ES-CL\">C\u00f3mo participar<\/span><\/b><\/p>\n<p class=\"v1x_MsoNormal\" style=\"text-align: justify;\"><span lang=\"ES-CL\">Las postulaciones se recibir\u00e1n de manera digital.\u00a0<b>Las bases del concurso<\/b>\u00a0y el\u00a0<b>formulario \u00fanico de postulaci\u00f3n<\/b>\u00a0est\u00e1n disponibles en\u00a0<a href=\"http:\/\/www.pueblosoriginarios.gob.cl\/sello-artesania-indigena\" target=\"_blank\" rel=\"noopener noreferrer\">www.pueblosoriginarios.gob.cl\/sello-artesania-indigena<\/a>. El plazo para participar se extender\u00e1 hasta el 31 de agosto a las 23:59 horas, y se respetar\u00e1 el huso horario de Chile continental, Rapa Nui y la regi\u00f3n de Magallanes. Este 2022, durante el periodo de convocatoria, se contar\u00e1 adem\u00e1s con un plazo para el env\u00edo opcional de obras entre el 17 al 31 de agosto.<\/span><\/p>\n<p class=\"v1x_MsoNormal\" style=\"text-align: justify;\"><span lang=\"ES-CL\">Podr\u00e1n postular personas ind\u00edgenas mayores de 18 a\u00f1os de los pueblos reconocidos por la Ley N\u00b0 19.253, que acrediten su pertenencia a los respectivos pueblos por medio de sus apellidos o, cuando \u00e9stos no sean evidentes, mediante certificado emitido por la Corporaci\u00f3n Nacional de Desarrollo Ind\u00edgena (Conadi).<\/span><\/p>\n<p class=\"v1x_MsoNormal\" style=\"text-align: justify;\"><span lang=\"ES-CL\">Ser\u00e1n galardonadas 10 obras ganadoras y 5 menciones honrosas. Las obras ganadoras y sus creadores\/as ser\u00e1n reconocidos\/as con el certificado oficial del \u00abSello Artesan\u00eda Ind\u00edgena\u00bb y obtendr\u00e1n un premio de 1 mill\u00f3n de pesos. En tanto, las menciones honrosas recibir\u00e1n un incentivo en dinero de 500 mil pesos cada una.<\/span><\/p>\n<p class=\"v1x_MsoNormal\" style=\"text-align: justify;\"><span lang=\"ES-CL\">Todas las consultas se pueden realizar en el correo\u00a0<a href=\"mailto:artesaniaindigena@patrimoniocultural.gob.cl\" rel=\"noreferrer\">artesaniaindigena@patrimoniocultural.gob.cl<\/a><\/span><\/p>\n<p class=\"v1x_MsoNormal\" style=\"text-align: justify;\"><span lang=\"ES-CL\">\u00a0<\/span><\/p>\n<\/div><\/section><\/div><\/p>\n<div  style='height:50px' class='hr hr-invisible   avia-builder-el-6  el_after_av_one_full  el_before_av_social_share '><span class='hr-inner ' ><span class='hr-inner-style'><\/span><\/span><\/div>\n<div  class='av-social-sharing-box  avia-builder-el-7  el_after_av_hr  el_before_av_hr  '><div class='av-share-box'><h5 class='av-share-link-description av-no-toc '>Compartir esta noticia<\/h5><ul class='av-share-box-list noLightbox'><li class='av-share-link av-social-link-facebook' ><a target=\"_blank\" aria-label=\"Compartir en Facebook\" href='https:\/\/www.facebook.com\/sharer.php?u=https:\/\/radiorevelacionfm.cl\/?p=19864&#038;t=Cultura%20abre%20convocatoria%20para%20postular%20al%20Sello%20Artesan%C3%ADa%20Ind%C3%ADgena%202022' aria-hidden='false' data-av_icon='\ue8f3' data-av_iconfont='entypo-fontello' title='' data-avia-related-tooltip='Compartir en Facebook' rel=\"noopener\"><span class='avia_hidden_link_text'>Compartir en Facebook<\/span><\/a><\/li><li class='av-share-link av-social-link-twitter' ><a target=\"_blank\" aria-label=\"Compartir en Twitter\" href='https:\/\/twitter.com\/share?text=Cultura%20abre%20convocatoria%20para%20postular%20al%20Sello%20Artesan%C3%ADa%20Ind%C3%ADgena%202022&#038;url=https:\/\/radiorevelacionfm.cl\/?p=19864' aria-hidden='false' data-av_icon='\ue8f1' data-av_iconfont='entypo-fontello' title='' data-avia-related-tooltip='Compartir en Twitter' rel=\"noopener\"><span class='avia_hidden_link_text'>Compartir en Twitter<\/span><\/a><\/li><li class='av-share-link av-social-link-whatsapp' ><a target=\"_blank\" aria-label=\"Compartir en Whatsapp\" href='https:\/\/api.whatsapp.com\/send?text=https:\/\/radiorevelacionfm.cl\/?p=19864' aria-hidden='false' data-av_icon='\uf232' data-av_iconfont='entypo-fontello' title='' data-avia-related-tooltip='Compartir en Whatsapp' rel=\"noopener\"><span class='avia_hidden_link_text'>Compartir en Whatsapp<\/span><\/a><\/li><li class='av-share-link av-social-link-linkedin' ><a target=\"_blank\" aria-label=\"Compartir en LinkedIn\" href='https:\/\/linkedin.com\/shareArticle?mini=true&#038;title=Cultura%20abre%20convocatoria%20para%20postular%20al%20Sello%20Artesan%C3%ADa%20Ind%C3%ADgena%202022&#038;url=https:\/\/radiorevelacionfm.cl\/?p=19864' aria-hidden='false' data-av_icon='\ue8fc' data-av_iconfont='entypo-fontello' title='' data-avia-related-tooltip='Compartir en LinkedIn' rel=\"noopener\"><span class='avia_hidden_link_text'>Compartir en LinkedIn<\/span><\/a><\/li><li class='av-share-link av-social-link-mail' ><a  aria-label=\"Compartir por correo\" href='mailto:?subject=Cultura%20abre%20convocatoria%20para%20postular%20al%20Sello%20Artesan%C3%ADa%20Ind%C3%ADgena%202022&#038;body=https:\/\/radiorevelacionfm.cl\/?p=19864' aria-hidden='false' data-av_icon='\ue805' data-av_iconfont='entypo-fontello' title='' data-avia-related-tooltip='Compartir por correo'><span class='avia_hidden_link_text'>Compartir por correo<\/span><\/a><\/li><\/ul><\/div><\/div>\n<div  style='height:50px' class='hr hr-invisible   avia-builder-el-8  el_after_av_social_share  el_before_av_comments_list '><span class='hr-inner ' ><span class='hr-inner-style'><\/span><\/span><\/div>\n<div  class='av-buildercomment  av-blog-meta-html-info-disabled av-blog-meta-tag-disabled  '><\/div>\n","protected":false},"excerpt":{"rendered":"","protected":false},"author":1,"featured_media":19865,"comment_status":"open","ping_status":"open","sticky":false,"template":"","format":"standard","meta":{"footnotes":""},"categories":[52],"tags":[],"class_list":["post-19864","post","type-post","status-publish","format-standard","has-post-thumbnail","hentry","category-cultura"],"jetpack_featured_media_url":"https:\/\/radiorevelacionfm.cl\/wp-content\/uploads\/2022\/08\/SAI22_Portales_Serpat_16-9-noticia-1-1.png","_links":{"self":[{"href":"https:\/\/radiorevelacionfm.cl\/index.php?rest_route=\/wp\/v2\/posts\/19864","targetHints":{"allow":["GET"]}}],"collection":[{"href":"https:\/\/radiorevelacionfm.cl\/index.php?rest_route=\/wp\/v2\/posts"}],"about":[{"href":"https:\/\/radiorevelacionfm.cl\/index.php?rest_route=\/wp\/v2\/types\/post"}],"author":[{"embeddable":true,"href":"https:\/\/radiorevelacionfm.cl\/index.php?rest_route=\/wp\/v2\/users\/1"}],"replies":[{"embeddable":true,"href":"https:\/\/radiorevelacionfm.cl\/index.php?rest_route=%2Fwp%2Fv2%2Fcomments&post=19864"}],"version-history":[{"count":3,"href":"https:\/\/radiorevelacionfm.cl\/index.php?rest_route=\/wp\/v2\/posts\/19864\/revisions"}],"predecessor-version":[{"id":19924,"href":"https:\/\/radiorevelacionfm.cl\/index.php?rest_route=\/wp\/v2\/posts\/19864\/revisions\/19924"}],"wp:featuredmedia":[{"embeddable":true,"href":"https:\/\/radiorevelacionfm.cl\/index.php?rest_route=\/wp\/v2\/media\/19865"}],"wp:attachment":[{"href":"https:\/\/radiorevelacionfm.cl\/index.php?rest_route=%2Fwp%2Fv2%2Fmedia&parent=19864"}],"wp:term":[{"taxonomy":"category","embeddable":true,"href":"https:\/\/radiorevelacionfm.cl\/index.php?rest_route=%2Fwp%2Fv2%2Fcategories&post=19864"},{"taxonomy":"post_tag","embeddable":true,"href":"https:\/\/radiorevelacionfm.cl\/index.php?rest_route=%2Fwp%2Fv2%2Ftags&post=19864"}],"curies":[{"name":"wp","href":"https:\/\/api.w.org\/{rel}","templated":true}]}}