{"id":19843,"date":"2022-07-31T19:21:59","date_gmt":"2022-07-31T22:21:59","guid":{"rendered":"https:\/\/radiorevelacionfm.cl\/?p=19843"},"modified":"2022-07-31T21:31:15","modified_gmt":"2022-08-01T00:31:15","slug":"senadora-ordenes-solicita-al-ministerio-de-energia-que-se-rebaje-la-tarifa-electrica-de-puerto-cisnes","status":"publish","type":"post","link":"https:\/\/radiorevelacionfm.cl\/?p=19843","title":{"rendered":"Senadora \u00d3rdenes solicita al ministerio de Energ\u00eda que se rebaje la tarifa el\u00e9ctrica de Puerto Cisnes"},"content":{"rendered":"<div class=\"flex_column av_one_full  flex_column_div av-zero-column-padding first  avia-builder-el-0  el_before_av_one_full  avia-builder-el-first  \" style='border-radius:0px; '><div  class='avia-image-container  av-styling-    avia-builder-el-1  avia-builder-el-no-sibling  avia-align-center '  itemprop=\"image\" itemscope=\"itemscope\" itemtype=\"https:\/\/schema.org\/ImageObject\"  ><div class='avia-image-container-inner'><div class='avia-image-overlay-wrap'><img decoding=\"async\" class='wp-image-5530 avia-img-lazy-loading-not-5530 avia_image' src=\"https:\/\/radiorevelacionfm.cl\/wp-content\/uploads\/2021\/06\/PUERTO-CISNES_01-1-1.jpg\" alt='' title='PUERTO CISNES_01 (1) (1)' height=\"600\" width=\"801\"  itemprop=\"thumbnailUrl\" srcset=\"https:\/\/radiorevelacionfm.cl\/wp-content\/uploads\/2021\/06\/PUERTO-CISNES_01-1-1.jpg 801w, https:\/\/radiorevelacionfm.cl\/wp-content\/uploads\/2021\/06\/PUERTO-CISNES_01-1-1-300x225.jpg 300w, https:\/\/radiorevelacionfm.cl\/wp-content\/uploads\/2021\/06\/PUERTO-CISNES_01-1-1-768x575.jpg 768w, https:\/\/radiorevelacionfm.cl\/wp-content\/uploads\/2021\/06\/PUERTO-CISNES_01-1-1-705x528.jpg 705w, https:\/\/radiorevelacionfm.cl\/wp-content\/uploads\/2021\/06\/PUERTO-CISNES_01-1-1-600x449.jpg 600w\" sizes=\"(max-width: 801px) 100vw, 801px\" \/><\/div><\/div><\/div><\/div>\n<div class=\"flex_column av_one_full  flex_column_div av-zero-column-padding first  avia-builder-el-2  el_after_av_one_full  el_before_av_one_full  column-top-margin\" style='border-radius:0px; '><section class=\"av_textblock_section \"  itemscope=\"itemscope\" itemtype=\"https:\/\/schema.org\/BlogPosting\" itemprop=\"blogPost\" ><div class='avia_textblock  '   itemprop=\"text\" ><p style=\"text-align: center;\"><strong><span style=\"font-size: 18pt;\">Senadora \u00d3rdenes solicita al ministerio de Energ\u00eda que se rebaje la tarifa el\u00e9ctrica de Puerto Cisnes<\/span><\/strong><\/p>\n<div id=\"gtx-trans\" style=\"position: absolute; left: -50px; top: 4.31534px;\">\n<div class=\"gtx-trans-icon\"><\/div>\n<\/div>\n<\/div><\/section><\/div>\n<div class=\"flex_column av_one_full  flex_column_div av-zero-column-padding first  avia-builder-el-4  el_after_av_one_full  el_before_av_hr  column-top-margin\" style='border-radius:0px; '><section class=\"av_textblock_section \"  itemscope=\"itemscope\" itemtype=\"https:\/\/schema.org\/BlogPosting\" itemprop=\"blogPost\" ><div class='avia_textblock  '   itemprop=\"text\" ><p style=\"font-weight: 400; text-align: justify;\">Frente al excesivo gasto al pagar las tarifas el\u00e9ctricas que realizan los hogares de Puerto Cisnes, la senadora de la Regi\u00f3n de Ays\u00e9n, Ximena Ordenes, expres\u00f3 la urgente necesidad de rebajar las tarifas en esa localidad, donde se paga cerca de $270 el kilowatt por hora (KWH), mientras que en Coyhaique se pagan $146 por KWH.<\/p>\n<p style=\"font-weight: 400; text-align: justify;\">Distintos representantes de organizaciones de la comunidad, as\u00ed como el concejal de Cisnes, Carlos Vald\u00e9s, manifestaron a la senadora Ximena Ordenes su preocupaci\u00f3n por los altos montos de electricidad que deben costear los habitantes de esa localidad.<\/p>\n<p style=\"font-weight: 400; text-align: justify;\">A ra\u00edz de esta situaci\u00f3n, la senadora Ordenes se reunir\u00e1 con el Ministro de Energ\u00eda, Claudio Huepe, durante los pr\u00f3ximos d\u00edas para manifestar la urgencia de abordar la tarifa el\u00e9ctrica en Cisnes, buscando que el Ejecutivo revise el tema y entregue una pronta respuesta a la comunidad.<\/p>\n<p style=\"font-weight: 400; text-align: justify;\">\u201cLa tarifa el\u00e9ctrica es una preocupaci\u00f3n de muchos chilenos y chilenas pero en la regi\u00f3n de Ays\u00e9n, tenemos un caso especial. En la localidad de Cisnes ocurre que no est\u00e1 reconocida como un sistema mediano\u201d, explic\u00f3 la senadora.<\/p>\n<p style=\"font-weight: 400; text-align: justify;\">Ordenes a\u00f1adi\u00f3 que \u201cpara eso, se han hecho una serie de gestiones con la empresa el\u00e9ctrica y con el Ministerio de Energ\u00eda, para que se reconozca a Cisnes como un sistema mediano y de esa manera pueden tener la misma tarifa que se reconoci\u00f3 con el tema de la equidad tarifaria\u201d, se\u00f1al\u00f3 la parlamentaria.<\/p>\n<p style=\"font-weight: 400; text-align: justify;\">La senadora de Ays\u00e9n agreg\u00f3 que \u201ceso significa que -as\u00ed como Coyhaique u otras zonas donde esto est\u00e1 reconocido- se pagan m\u00e1s o menos 150 pesos por KW por hora, lo que no ocurre en Cisnes qu\u00e9 d\u00eda a d\u00eda pagan por lo menos 100 pesos m\u00e1s\u201d.<\/p>\n<p style=\"font-weight: 400; text-align: justify;\">A su vez, el concejal de Cisnes, Carlos Vald\u00e9s, se\u00f1al\u00f3 que \u201cen conjunto con la senadora Ximena Ordenes hemos estamos llevando siempre el tema de la rebaja de la tarifa el\u00e9ctrica de Puerto Cisnes, que est\u00e1 en un proceso bien avanzado, ya la empresa el\u00e9ctrica hizo sus avances, esperamos que dentro de un a\u00f1o ojal\u00e1, el pr\u00f3ximo a\u00f1o, eso ya saben la realidad para Puerto Cisnes\u201d, adelantando que la tarifa bajar\u00eda de los $259 que cuesta hoy d\u00eda a unos $150 o $160 pesos por KWH.<\/p>\n<\/div><\/section><\/div><div  style='height:50px' class='hr hr-invisible   avia-builder-el-6  el_after_av_one_full  el_before_av_social_share '><span class='hr-inner ' ><span class='hr-inner-style'><\/span><\/span><\/div><\/p>\n<div  class='av-social-sharing-box  avia-builder-el-7  el_after_av_hr  el_before_av_hr  '><div class='av-share-box'><h5 class='av-share-link-description av-no-toc '>Compartir esta noticia<\/h5><ul class='av-share-box-list noLightbox'><li class='av-share-link av-social-link-facebook' ><a target=\"_blank\" aria-label=\"Compartir en Facebook\" href='https:\/\/www.facebook.com\/sharer.php?u=https:\/\/radiorevelacionfm.cl\/?p=19843&#038;t=Senadora%20%C3%93rdenes%20solicita%20al%20ministerio%20de%20Energ%C3%ADa%20que%20se%20rebaje%20la%20tarifa%20el%C3%A9ctrica%20de%20Puerto%20Cisnes' aria-hidden='false' data-av_icon='\ue8f3' data-av_iconfont='entypo-fontello' title='' data-avia-related-tooltip='Compartir en Facebook' rel=\"noopener\"><span class='avia_hidden_link_text'>Compartir en Facebook<\/span><\/a><\/li><li class='av-share-link av-social-link-twitter' ><a target=\"_blank\" aria-label=\"Compartir en Twitter\" href='https:\/\/twitter.com\/share?text=Senadora%20%C3%93rdenes%20solicita%20al%20ministerio%20de%20Energ%C3%ADa%20que%20se%20rebaje%20la%20tarifa%20el%C3%A9ctrica%20de%20Puerto%20Cisnes&#038;url=https:\/\/radiorevelacionfm.cl\/?p=19843' aria-hidden='false' data-av_icon='\ue8f1' data-av_iconfont='entypo-fontello' title='' data-avia-related-tooltip='Compartir en Twitter' rel=\"noopener\"><span class='avia_hidden_link_text'>Compartir en Twitter<\/span><\/a><\/li><li class='av-share-link av-social-link-whatsapp' ><a target=\"_blank\" aria-label=\"Compartir en Whatsapp\" href='https:\/\/api.whatsapp.com\/send?text=https:\/\/radiorevelacionfm.cl\/?p=19843' aria-hidden='false' data-av_icon='\uf232' data-av_iconfont='entypo-fontello' title='' data-avia-related-tooltip='Compartir en Whatsapp' rel=\"noopener\"><span class='avia_hidden_link_text'>Compartir en Whatsapp<\/span><\/a><\/li><li class='av-share-link av-social-link-linkedin' ><a target=\"_blank\" aria-label=\"Compartir en LinkedIn\" href='https:\/\/linkedin.com\/shareArticle?mini=true&#038;title=Senadora%20%C3%93rdenes%20solicita%20al%20ministerio%20de%20Energ%C3%ADa%20que%20se%20rebaje%20la%20tarifa%20el%C3%A9ctrica%20de%20Puerto%20Cisnes&#038;url=https:\/\/radiorevelacionfm.cl\/?p=19843' aria-hidden='false' data-av_icon='\ue8fc' data-av_iconfont='entypo-fontello' title='' data-avia-related-tooltip='Compartir en LinkedIn' rel=\"noopener\"><span class='avia_hidden_link_text'>Compartir en LinkedIn<\/span><\/a><\/li><li class='av-share-link av-social-link-mail' ><a  aria-label=\"Compartir por correo\" href='mailto:?subject=Senadora%20%C3%93rdenes%20solicita%20al%20ministerio%20de%20Energ%C3%ADa%20que%20se%20rebaje%20la%20tarifa%20el%C3%A9ctrica%20de%20Puerto%20Cisnes&#038;body=https:\/\/radiorevelacionfm.cl\/?p=19843' aria-hidden='false' data-av_icon='\ue805' data-av_iconfont='entypo-fontello' title='' data-avia-related-tooltip='Compartir por correo'><span class='avia_hidden_link_text'>Compartir por correo<\/span><\/a><\/li><\/ul><\/div><\/div>\n<div  style='height:50px' class='hr hr-invisible   avia-builder-el-8  el_after_av_social_share  el_before_av_comments_list '><span class='hr-inner ' ><span class='hr-inner-style'><\/span><\/span><\/div>\n<div  class='av-buildercomment  av-blog-meta-html-info-disabled av-blog-meta-tag-disabled  '><\/div>\n","protected":false},"excerpt":{"rendered":"","protected":false},"author":1,"featured_media":5530,"comment_status":"open","ping_status":"open","sticky":false,"template":"","format":"standard","meta":{"footnotes":""},"categories":[38],"tags":[],"class_list":["post-19843","post","type-post","status-publish","format-standard","has-post-thumbnail","hentry","category-regional"],"jetpack_featured_media_url":"https:\/\/radiorevelacionfm.cl\/wp-content\/uploads\/2021\/06\/PUERTO-CISNES_01-1-1.jpg","_links":{"self":[{"href":"https:\/\/radiorevelacionfm.cl\/index.php?rest_route=\/wp\/v2\/posts\/19843","targetHints":{"allow":["GET"]}}],"collection":[{"href":"https:\/\/radiorevelacionfm.cl\/index.php?rest_route=\/wp\/v2\/posts"}],"about":[{"href":"https:\/\/radiorevelacionfm.cl\/index.php?rest_route=\/wp\/v2\/types\/post"}],"author":[{"embeddable":true,"href":"https:\/\/radiorevelacionfm.cl\/index.php?rest_route=\/wp\/v2\/users\/1"}],"replies":[{"embeddable":true,"href":"https:\/\/radiorevelacionfm.cl\/index.php?rest_route=%2Fwp%2Fv2%2Fcomments&post=19843"}],"version-history":[{"count":3,"href":"https:\/\/radiorevelacionfm.cl\/index.php?rest_route=\/wp\/v2\/posts\/19843\/revisions"}],"predecessor-version":[{"id":19852,"href":"https:\/\/radiorevelacionfm.cl\/index.php?rest_route=\/wp\/v2\/posts\/19843\/revisions\/19852"}],"wp:featuredmedia":[{"embeddable":true,"href":"https:\/\/radiorevelacionfm.cl\/index.php?rest_route=\/wp\/v2\/media\/5530"}],"wp:attachment":[{"href":"https:\/\/radiorevelacionfm.cl\/index.php?rest_route=%2Fwp%2Fv2%2Fmedia&parent=19843"}],"wp:term":[{"taxonomy":"category","embeddable":true,"href":"https:\/\/radiorevelacionfm.cl\/index.php?rest_route=%2Fwp%2Fv2%2Fcategories&post=19843"},{"taxonomy":"post_tag","embeddable":true,"href":"https:\/\/radiorevelacionfm.cl\/index.php?rest_route=%2Fwp%2Fv2%2Ftags&post=19843"}],"curies":[{"name":"wp","href":"https:\/\/api.w.org\/{rel}","templated":true}]}}