{"id":19836,"date":"2022-07-31T13:51:54","date_gmt":"2022-07-31T16:51:54","guid":{"rendered":"https:\/\/radiorevelacionfm.cl\/?p=19836"},"modified":"2022-07-31T13:51:54","modified_gmt":"2022-07-31T16:51:54","slug":"instituciones-adhieren-protocolo-de-acuerdo-para-diseno-de-nueva-nave-en-lago-general-carrera","status":"publish","type":"post","link":"https:\/\/radiorevelacionfm.cl\/?p=19836","title":{"rendered":"Instituciones adhieren protocolo de acuerdo para dise\u00f1o de nueva nave en Lago General Carrera"},"content":{"rendered":"<div class=\"flex_column av_one_full  flex_column_div av-zero-column-padding first  avia-builder-el-0  el_before_av_one_full  avia-builder-el-first  \" style='border-radius:0px; '><div  class='avia-image-container  av-styling-    avia-builder-el-1  avia-builder-el-no-sibling  avia-align-center '  itemprop=\"image\" itemscope=\"itemscope\" itemtype=\"https:\/\/schema.org\/ImageObject\"  ><div class='avia-image-container-inner'><div class='avia-image-overlay-wrap'><img decoding=\"async\" class='wp-image-19840 avia-img-lazy-loading-not-19840 avia_image' src=\"https:\/\/radiorevelacionfm.cl\/wp-content\/uploads\/2022\/07\/Protocolo-Conectividad-Chile-Chico-1-1.jpeg\" alt='' title='Protocolo Conectividad Chile Chico (1) (1)' height=\"600\" width=\"800\"  itemprop=\"thumbnailUrl\" srcset=\"https:\/\/radiorevelacionfm.cl\/wp-content\/uploads\/2022\/07\/Protocolo-Conectividad-Chile-Chico-1-1.jpeg 800w, https:\/\/radiorevelacionfm.cl\/wp-content\/uploads\/2022\/07\/Protocolo-Conectividad-Chile-Chico-1-1-300x225.jpeg 300w, https:\/\/radiorevelacionfm.cl\/wp-content\/uploads\/2022\/07\/Protocolo-Conectividad-Chile-Chico-1-1-768x576.jpeg 768w, https:\/\/radiorevelacionfm.cl\/wp-content\/uploads\/2022\/07\/Protocolo-Conectividad-Chile-Chico-1-1-705x529.jpeg 705w, https:\/\/radiorevelacionfm.cl\/wp-content\/uploads\/2022\/07\/Protocolo-Conectividad-Chile-Chico-1-1-600x450.jpeg 600w\" sizes=\"(max-width: 800px) 100vw, 800px\" \/><\/div><\/div><\/div><\/div><div class=\"flex_column av_one_full  flex_column_div av-zero-column-padding first  avia-builder-el-2  el_after_av_one_full  el_before_av_one_full  column-top-margin\" style='border-radius:0px; '><section class=\"av_textblock_section \"  itemscope=\"itemscope\" itemtype=\"https:\/\/schema.org\/BlogPosting\" itemprop=\"blogPost\" ><div class='avia_textblock  '   itemprop=\"text\" ><p style=\"font-weight: 400; text-align: center;\"><span style=\"font-size: 18pt;\"><strong>Instituciones adhieren protocolo de acuerdo <\/strong><strong>para dise\u00f1o de nueva nave en Lago General Carrera<\/strong><\/span><\/p>\n<div id=\"gtx-trans\" style=\"position: absolute; left: -50px; top: 4.31534px;\">\n<div class=\"gtx-trans-icon\"><\/div>\n<\/div>\n<\/div><\/section><\/div><div class=\"flex_column av_one_full  flex_column_div av-zero-column-padding first  avia-builder-el-4  el_after_av_one_full  el_before_av_hr  column-top-margin\" style='border-radius:0px; '><section class=\"av_textblock_section \"  itemscope=\"itemscope\" itemtype=\"https:\/\/schema.org\/BlogPosting\" itemprop=\"blogPost\" ><div class='avia_textblock  '   itemprop=\"text\" ><p style=\"text-align: justify;\">Un protocolo de acuerdo para iniciar el proceso de participaci\u00f3n ciudadana que orientar\u00e1 el dise\u00f1o de una nueva embarcaci\u00f3n para el Lago General Carrera, suscribieron este s\u00e1bado un conjunto de instituciones, en el marco de las medidas de largo plazo del Plan de Conectividad para Chile Chico.<\/p>\n<p style=\"text-align: justify;\">El compromiso qued\u00f3 suscrito en el gimnasio municipal de Chile Chico con las firmas de la Gobernadora Regional, Andrea Mac\u00edas, Delegado Presidencial Regional, Rodrigo Araya, Delegado Presidencial Provincial, Daniel Fern\u00e1ndez, alcalde Luperciano Mu\u00f1oz, seremis de Obras P\u00fablicas, Patricio Sanhueza, y de Transportes y Telecomunicaciones, Claudia Cantero; acad\u00e9mico y representante de la Universidad Austral de Chile, Claudio Troncoso y encargado de Vinculaci\u00f3n con el Medio de la Universidad de Ays\u00e9n, Mario Saldivia.<\/p>\n<p style=\"text-align: justify;\">\u201cEs un acto tremendamente significativo, donde todos los actores involucrados nos sentamos de frente, de cara a la comunidad, a comprometernos para buscar la mejor alternativa que pueda surgir desde nuestra propia regi\u00f3n, para dar soluci\u00f3n a un problema que ya lleva mucho tiempo afectando a toda una comunidad, no s\u00f3lo en el d\u00eda a d\u00eda, sino que tambi\u00e9n en el desarrollo que pueda tener en el \u00e1mbito productivo. Como Gobierno Regional y su Consejo, reafirmamos nuestro compromiso con ponernos del lado de la soluci\u00f3n y aportar en todo aquello que sea necesario\u201d, indic\u00f3 Andrea Mac\u00edas.<\/p>\n<p style=\"text-align: justify;\">Rodrigo Araya destac\u00f3 la importancia de trabajar en las medidas de conectividad terrestre, a\u00e9rea y lacustre de corto, mediano y largo plazo, de manera simult\u00e1nea.<\/p>\n<p style=\"text-align: justify;\">\u201cFirmamos un compromiso para trabajar en un dise\u00f1o de una nueva conectividad para el lago, partiendo por qu\u00e9 nave se necesita para complementar las naves existentes. Ese compromiso implica que las instituciones van a poner todas sus capacidades t\u00e9cnicas para trabajar con la comunidad de Chile Chico. Estuvo la Uni\u00f3n Comunal de Juntas de vecinos y vecinos de Chile Chico, porque cualquier soluci\u00f3n que llevemos a cabo, tiene que estar legitimada por la comunidad\u201d, expres\u00f3.<\/p>\n<p style=\"text-align: justify;\">Patricio Sanhueza recalc\u00f3 que el proceso participativo es fundamental para que la nueva embarcaci\u00f3n responda a lo que la poblaci\u00f3n priorice en tr\u00e1nsito lacustre. \u201cLa historia de una nueva nave, con un dise\u00f1o participativo. Hemos mostrado el avance que hemos tenido con mi colega de Transportes, Claudia Cantero, con el Delegado Presidencial Regional y Provincial, hemos tenido la oportunidad de mostrar todo el trabajo realizado y tambi\u00e9n las proyecciones a futuro. Hemos comprometido plazos bastante desafiantes y que esperamos ir construyendo con la comunidad, con la Mesa de Conectividad del Lago General Carrera, donde participan las organizaciones y vamos cumpliendo el mandato de nuestro Presidente Gabriel Boric, de escuchar a las comunidades y construir pol\u00edticas p\u00fablicas desde el territorio\u201d, indic\u00f3.<\/p>\n<p style=\"text-align: justify;\">El alcalde Luperciano Mu\u00f1oz dijo que este protocolo genera un compromiso concreto para avanzar hacia una soluci\u00f3n definitiva. \u201cHemos empezado por la firma de este protocolo, que para nosotros es fundamental iniciar el trabajo de la Mesa Nacional de Conectividad. Tenemos a dos universidades, a las municipalidades, al Ministerio de Obras P\u00fablicas, al Gobierno Regional, a trav\u00e9s de la Gobernadora. Por lo tanto, para nosotros esta firma es el inicio de un trabajo que tenemos no solo la esperanza, sino que la obligaci\u00f3n pol\u00edtica de poder concluir r\u00e1pidamente con una soluci\u00f3n para la conectividad del Lago General Carrera\u201d, se\u00f1al\u00f3<\/p>\n<p style=\"text-align: justify;\">En el encuentro, la seremi Claudia Cantero dijo que este protocolo sirve \u201cpara poder trabajar un proceso de planificaci\u00f3n que nos d\u00e9 respuesta a los problemas de conectividad, mirando a largo plazo y seguir trabajando en lo cotidiano para dar soluci\u00f3n a los problemas de conectividad actuales, a trav\u00e9s del Plan de Contingencia que como Ministerio de Transportes, hemos trabajo en estos meses\u201d.<\/p>\n<p style=\"text-align: justify;\"><strong>Conectividad a\u00e9rea, terrestre y lacustre<\/strong><\/p>\n<p style=\"text-align: justify;\">El Plan de Conectividad involucra a las Delegaciones Presidenciales Regional, Provincial, el Ministerio de Obras P\u00fablicas y Ministerio de Transportes y Telecomunicaciones, junto con el Gobierno Regional y su Consejo, municipalidades de R\u00edo Ib\u00e1\u00f1ez y Chile Chico, parlamentarios y organizaciones de la comunidad.<\/p>\n<p style=\"text-align: justify;\">Entre las medidas de traslado terrestre, a\u00e9reo y lacustre, se cuenta aumento de los viajes mensuales de la barcaza Chelenco, reparaci\u00f3n de las barcazas Tehuelche y Pilchero, vuelos subvencionados entre Coyhaique y Chile Chico, habilitaci\u00f3n sala de pasajeros en aer\u00f3dromo Teniente Vidal, buses para traslado por Argentina y apertura del Paso Palaviccini en las pr\u00f3ximas semanas.<\/p>\n<p style=\"text-align: justify;\">Como medidas de largo plazo, el Ministerio de Obras P\u00fablicas prepara el dise\u00f1o participativo y posterior construcci\u00f3n de una nueva embarcaci\u00f3n; licitaci\u00f3n de la construcci\u00f3n de un cobertizo en Paso Las Llaves avaluado en seis mil millones de pesos y pavimentaci\u00f3n de la ruta 265-Ch El Mait\u00e9n-Guadal mediante una inversi\u00f3n de 15.000 millones de pesos para el pr\u00f3ximo a\u00f1o 2023.<\/p>\n<\/div><\/section><\/div><div  style='height:50px' class='hr hr-invisible   avia-builder-el-6  el_after_av_one_full  el_before_av_social_share '><span class='hr-inner ' ><span class='hr-inner-style'><\/span><\/span><\/div><\/p>\n<div  class='av-social-sharing-box  avia-builder-el-7  el_after_av_hr  el_before_av_hr  '><div class='av-share-box'><h5 class='av-share-link-description av-no-toc '>Compartir esta noticia<\/h5><ul class='av-share-box-list noLightbox'><li class='av-share-link av-social-link-facebook' ><a target=\"_blank\" aria-label=\"Compartir en Facebook\" href='https:\/\/www.facebook.com\/sharer.php?u=https:\/\/radiorevelacionfm.cl\/?p=19836&#038;t=Instituciones%20adhieren%20protocolo%20de%20acuerdo%20para%20dise%C3%B1o%20de%20nueva%20nave%20en%20Lago%20General%20Carrera' aria-hidden='false' data-av_icon='\ue8f3' data-av_iconfont='entypo-fontello' title='' data-avia-related-tooltip='Compartir en Facebook' rel=\"noopener\"><span class='avia_hidden_link_text'>Compartir en Facebook<\/span><\/a><\/li><li class='av-share-link av-social-link-twitter' ><a target=\"_blank\" aria-label=\"Compartir en Twitter\" href='https:\/\/twitter.com\/share?text=Instituciones%20adhieren%20protocolo%20de%20acuerdo%20para%20dise%C3%B1o%20de%20nueva%20nave%20en%20Lago%20General%20Carrera&#038;url=https:\/\/radiorevelacionfm.cl\/?p=19836' aria-hidden='false' data-av_icon='\ue8f1' data-av_iconfont='entypo-fontello' title='' data-avia-related-tooltip='Compartir en Twitter' rel=\"noopener\"><span class='avia_hidden_link_text'>Compartir en Twitter<\/span><\/a><\/li><li class='av-share-link av-social-link-whatsapp' ><a target=\"_blank\" aria-label=\"Compartir en Whatsapp\" href='https:\/\/api.whatsapp.com\/send?text=https:\/\/radiorevelacionfm.cl\/?p=19836' aria-hidden='false' data-av_icon='\uf232' data-av_iconfont='entypo-fontello' title='' data-avia-related-tooltip='Compartir en Whatsapp' rel=\"noopener\"><span class='avia_hidden_link_text'>Compartir en Whatsapp<\/span><\/a><\/li><li class='av-share-link av-social-link-linkedin' ><a target=\"_blank\" aria-label=\"Compartir en LinkedIn\" href='https:\/\/linkedin.com\/shareArticle?mini=true&#038;title=Instituciones%20adhieren%20protocolo%20de%20acuerdo%20para%20dise%C3%B1o%20de%20nueva%20nave%20en%20Lago%20General%20Carrera&#038;url=https:\/\/radiorevelacionfm.cl\/?p=19836' aria-hidden='false' data-av_icon='\ue8fc' data-av_iconfont='entypo-fontello' title='' data-avia-related-tooltip='Compartir en LinkedIn' rel=\"noopener\"><span class='avia_hidden_link_text'>Compartir en LinkedIn<\/span><\/a><\/li><li class='av-share-link av-social-link-mail' ><a  aria-label=\"Compartir por correo\" href='mailto:?subject=Instituciones%20adhieren%20protocolo%20de%20acuerdo%20para%20dise%C3%B1o%20de%20nueva%20nave%20en%20Lago%20General%20Carrera&#038;body=https:\/\/radiorevelacionfm.cl\/?p=19836' aria-hidden='false' data-av_icon='\ue805' data-av_iconfont='entypo-fontello' title='' data-avia-related-tooltip='Compartir por correo'><span class='avia_hidden_link_text'>Compartir por correo<\/span><\/a><\/li><\/ul><\/div><\/div>\n<div  style='height:50px' class='hr hr-invisible   avia-builder-el-8  el_after_av_social_share  el_before_av_comments_list '><span class='hr-inner ' ><span class='hr-inner-style'><\/span><\/span><\/div>\n<div  class='av-buildercomment  av-blog-meta-html-info-disabled av-blog-meta-tag-disabled  '><\/div>\n","protected":false},"excerpt":{"rendered":"","protected":false},"author":1,"featured_media":19840,"comment_status":"open","ping_status":"open","sticky":false,"template":"","format":"standard","meta":{"footnotes":""},"categories":[38],"tags":[],"class_list":["post-19836","post","type-post","status-publish","format-standard","has-post-thumbnail","hentry","category-regional"],"jetpack_featured_media_url":"https:\/\/radiorevelacionfm.cl\/wp-content\/uploads\/2022\/07\/Protocolo-Conectividad-Chile-Chico-1-1.jpeg","_links":{"self":[{"href":"https:\/\/radiorevelacionfm.cl\/index.php?rest_route=\/wp\/v2\/posts\/19836","targetHints":{"allow":["GET"]}}],"collection":[{"href":"https:\/\/radiorevelacionfm.cl\/index.php?rest_route=\/wp\/v2\/posts"}],"about":[{"href":"https:\/\/radiorevelacionfm.cl\/index.php?rest_route=\/wp\/v2\/types\/post"}],"author":[{"embeddable":true,"href":"https:\/\/radiorevelacionfm.cl\/index.php?rest_route=\/wp\/v2\/users\/1"}],"replies":[{"embeddable":true,"href":"https:\/\/radiorevelacionfm.cl\/index.php?rest_route=%2Fwp%2Fv2%2Fcomments&post=19836"}],"version-history":[{"count":2,"href":"https:\/\/radiorevelacionfm.cl\/index.php?rest_route=\/wp\/v2\/posts\/19836\/revisions"}],"predecessor-version":[{"id":19842,"href":"https:\/\/radiorevelacionfm.cl\/index.php?rest_route=\/wp\/v2\/posts\/19836\/revisions\/19842"}],"wp:featuredmedia":[{"embeddable":true,"href":"https:\/\/radiorevelacionfm.cl\/index.php?rest_route=\/wp\/v2\/media\/19840"}],"wp:attachment":[{"href":"https:\/\/radiorevelacionfm.cl\/index.php?rest_route=%2Fwp%2Fv2%2Fmedia&parent=19836"}],"wp:term":[{"taxonomy":"category","embeddable":true,"href":"https:\/\/radiorevelacionfm.cl\/index.php?rest_route=%2Fwp%2Fv2%2Fcategories&post=19836"},{"taxonomy":"post_tag","embeddable":true,"href":"https:\/\/radiorevelacionfm.cl\/index.php?rest_route=%2Fwp%2Fv2%2Ftags&post=19836"}],"curies":[{"name":"wp","href":"https:\/\/api.w.org\/{rel}","templated":true}]}}