{"id":19814,"date":"2022-07-29T20:48:39","date_gmt":"2022-07-29T23:48:39","guid":{"rendered":"https:\/\/radiorevelacionfm.cl\/?p=19814"},"modified":"2022-07-29T20:48:39","modified_gmt":"2022-07-29T23:48:39","slug":"carabineros-detuvo-a-dos-personas-tras-investigacion-por-baleo-a-vehiculo-en-coyhaique","status":"publish","type":"post","link":"https:\/\/radiorevelacionfm.cl\/?p=19814","title":{"rendered":"Carabineros detuvo a dos personas tras investigaci\u00f3n por baleo a veh\u00edculo en Coyhaique"},"content":{"rendered":"<div class=\"flex_column av_one_full  flex_column_div av-zero-column-padding first  avia-builder-el-0  el_before_av_one_full  avia-builder-el-first  \" style='border-radius:0px; '><div  class='avia-image-container  av-styling-    avia-builder-el-1  avia-builder-el-no-sibling  avia-align-center '  itemprop=\"image\" itemscope=\"itemscope\" itemtype=\"https:\/\/schema.org\/ImageObject\"  ><div class='avia-image-container-inner'><div class='avia-image-overlay-wrap'><img decoding=\"async\" class='wp-image-19815 avia-img-lazy-loading-not-19815 avia_image' src=\"https:\/\/radiorevelacionfm.cl\/wp-content\/uploads\/2022\/07\/20220728_151835-1-1_optimized-1_optimized.jpg\" alt='' title='20220728_151835-(1)-(1)_optimized-(1)_optimized' height=\"600\" width=\"1067\"  itemprop=\"thumbnailUrl\" srcset=\"https:\/\/radiorevelacionfm.cl\/wp-content\/uploads\/2022\/07\/20220728_151835-1-1_optimized-1_optimized.jpg 1067w, https:\/\/radiorevelacionfm.cl\/wp-content\/uploads\/2022\/07\/20220728_151835-1-1_optimized-1_optimized-300x169.jpg 300w, https:\/\/radiorevelacionfm.cl\/wp-content\/uploads\/2022\/07\/20220728_151835-1-1_optimized-1_optimized-1030x579.jpg 1030w, https:\/\/radiorevelacionfm.cl\/wp-content\/uploads\/2022\/07\/20220728_151835-1-1_optimized-1_optimized-768x432.jpg 768w, https:\/\/radiorevelacionfm.cl\/wp-content\/uploads\/2022\/07\/20220728_151835-1-1_optimized-1_optimized-705x396.jpg 705w, https:\/\/radiorevelacionfm.cl\/wp-content\/uploads\/2022\/07\/20220728_151835-1-1_optimized-1_optimized-600x337.jpg 600w\" sizes=\"(max-width: 1067px) 100vw, 1067px\" \/><\/div><\/div><\/div><\/div><div class=\"flex_column av_one_full  flex_column_div av-zero-column-padding first  avia-builder-el-2  el_after_av_one_full  el_before_av_one_full  column-top-margin\" style='border-radius:0px; '><section class=\"av_textblock_section \"  itemscope=\"itemscope\" itemtype=\"https:\/\/schema.org\/BlogPosting\" itemprop=\"blogPost\" ><div class='avia_textblock  '   itemprop=\"text\" ><p style=\"text-align: center;\"><strong><span style=\"font-size: 18pt;\">Carabineros detuvo a dos personas tras investigaci\u00f3n por baleo a veh\u00edculo en Coyhaique <\/span><\/strong><\/p>\n<div id=\"gtx-trans\" style=\"position: absolute; left: -50px; top: 4.31534px;\">\n<div class=\"gtx-trans-icon\"><\/div>\n<\/div>\n<\/div><\/section><\/div><div class=\"flex_column av_one_full  flex_column_div av-zero-column-padding first  avia-builder-el-4  el_after_av_one_full  el_before_av_hr  column-top-margin\" style='border-radius:0px; '><section class=\"av_textblock_section \"  itemscope=\"itemscope\" itemtype=\"https:\/\/schema.org\/BlogPosting\" itemprop=\"blogPost\" ><div class='avia_textblock  '   itemprop=\"text\" ><p class=\"v1MsoNormal\" style=\"text-align: justify;\">Las diligencias permitieron dar con dos personas de 20 y 22 a\u00f1os de edad, siendo este \u00faltimo aprehendido por homicidio frustrado, en tanto que el otro sujeto manten\u00eda una orden de detenci\u00f3n vigente por robo en lugar habitado, procedimiento que igualmente permiti\u00f3 el decomiso de una cantidad de marihuana al interior de un domicilio, antecedentes que fueron derivados a la Fiscal\u00eda.<\/p>\n<p class=\"v1MsoNormal\" style=\"text-align: justify;\">Un trabajo de inteligencia policial y an\u00e1lisis de informaci\u00f3n por parte de un equipo especializado de Carabineros \u2013desarrollado de manera conjunta con la Fiscal\u00eda- permiti\u00f3 ubicar y detener a dos personas por su presunta participaci\u00f3n en el baleo a un veh\u00edculo en avenida Ogana, hecho registrado pasado el mediod\u00eda del jueves en la ciudad de Coyhaique.<\/p>\n<p class=\"v1MsoNormal\" style=\"text-align: justify;\">El Prefecto de Carabineros Ays\u00e9n, Paulo Pino Molina, indic\u00f3 que tras la oportuna denuncia, sumado a la r\u00e1pida respuesta por parte de Carabineros, el trabajo en el sitio del suceso e informaci\u00f3n recabada, el personal especializado logr\u00f3 en el transcurso de la tarde del jueves dar con un domicilio en calle Lautaro, donde fueron localizados dos individuos de 20 y 22 a\u00f1os de edad, siendo detenidos por este hecho.<\/p>\n<p class=\"v1MsoNormal\" style=\"text-align: justify;\">\u00abCarabineros gener\u00f3 un equipo multidisciplinario en cooperaci\u00f3n con el Ministerio P\u00fablico, se logr\u00f3 r\u00e1pidamente dar auxilio a las v\u00edctimas, las cuales entregaron antecedentes que nos permitieron el d\u00eda de ayer (jueves) llegar en forma r\u00e1pida -en cosa de horas- detener a dos personas que est\u00e1n siendo imputadas por su presunta participaci\u00f3n en el delito de homicidio frustrado, ley de drogas y tambi\u00e9n porque uno de ellos manten\u00eda una orden pendiente por el delito de robo en lugar habitado emitida por el Juzgado de Garant\u00eda de Ays\u00e9n\u00bb, expres\u00f3 el Prefecto de Carabineros Ays\u00e9n.<\/p>\n<p class=\"v1MsoNormal\" style=\"text-align: justify;\"><b>Equipo multidisciplinario<\/b><\/p>\n<p class=\"v1MsoNormal\" style=\"text-align: justify;\">Una vez ocurrido y denunciado el hecho, el Coronel Pino, destac\u00f3 que el personal arrib\u00f3 de manera inmediata al lugar, con un tiempo de respuesta del procedimiento de cuatro minutos, procediendo a aislar el sitio del suceso, dando inicio a las diligencias.<\/p>\n<p class=\"v1MsoNormal\" style=\"text-align: justify;\">\u00abR\u00e1pidamente se cre\u00f3 un equipo multidisciplinario (&#8230;) que est\u00e1 conformado por Labocar, el Oficial de la S.I.P, lo cual nos permiti\u00f3 tomar ciertos antecedentes, se entrega por parte de la v\u00edctima la presunta identidad del posible autor de este delito y se procede a un proceso de inteligencia policial -a trav\u00e9s de una vigilancia- y se logra la detenci\u00f3n de estas personas\u00bb, destac\u00f3 el Oficial Superior.<\/p>\n<p class=\"v1MsoNormal\" style=\"text-align: justify;\">Uno de los sujetos fue detenido cuando se dispon\u00eda a ingresar a un domicilio, el cual autoriz\u00f3 al personal a efectuar el ingreso al inmueble, en cuyo interior Carabineros decomis\u00f3 130 grs de marihuana y 50 mil pesos en dinero en efectivo, siendo igualmente localizado en el lugar un segundo sujeto quien manten\u00eda una orden de detenci\u00f3n vigente por robo en lugar habitado en la comuna de Ays\u00e9n.<\/p>\n<p class=\"v1MsoNormal\" style=\"text-align: justify;\">Los antecedentes del procedimiento fueron remitidos a la Fiscal\u00eda, en tanto que los aprehendidos fueron derivados a la audiencia de control de detenci\u00f3n.<\/p>\n<p class=\"v1MsoNormal\" style=\"text-align: justify;\">Carabineros contin\u00faa el desarrollo de diligencias y peritajes cuyos antecedentes ser\u00e1n puestos en conocimiento de la Fiscal\u00eda que dirige investigaci\u00f3n por este hecho.<\/p>\n<p class=\"v1MsoNormal\" style=\"text-align: justify;\">Por su parte el Coordinador Regional de Seguridad P\u00fablica, Crist\u00f3bal Barcel\u00f3, respald\u00f3 el trabajo de Carabineros y destac\u00f3 la eficiencia en la capacidad de detenciones materializadas tras un corto tiempo de respuesta.<\/p>\n<p class=\"v1MsoNormal\" style=\"text-align: justify;\">\u00abHemos estado trabajando con ellos, nos reunimos todas las semanas, para determinar las acciones y estrategias que est\u00e1n haciendo cada una de las polic\u00edas en materia de delitos m\u00e1s frecuentes en las comunas, as\u00ed como los delitos de infracci\u00f3n a la ley 20.000 que han estado asociados en los \u00faltimos casos\u00bb, indic\u00f3 la autoridad.<\/p>\n<\/div><\/section><\/div><div  style='height:50px' class='hr hr-invisible   avia-builder-el-6  el_after_av_one_full  el_before_av_social_share '><span class='hr-inner ' ><span class='hr-inner-style'><\/span><\/span><\/div><\/p>\n<div  class='av-social-sharing-box  avia-builder-el-7  el_after_av_hr  el_before_av_hr  '><div class='av-share-box'><h5 class='av-share-link-description av-no-toc '>Compartir esta noticia<\/h5><ul class='av-share-box-list noLightbox'><li class='av-share-link av-social-link-facebook' ><a target=\"_blank\" aria-label=\"Compartir en Facebook\" href='https:\/\/www.facebook.com\/sharer.php?u=https:\/\/radiorevelacionfm.cl\/?p=19814&#038;t=Carabineros%20detuvo%20a%20dos%20personas%20tras%20investigaci%C3%B3n%20por%20baleo%20a%20veh%C3%ADculo%20en%20Coyhaique' aria-hidden='false' data-av_icon='\ue8f3' data-av_iconfont='entypo-fontello' title='' data-avia-related-tooltip='Compartir en Facebook' rel=\"noopener\"><span class='avia_hidden_link_text'>Compartir en Facebook<\/span><\/a><\/li><li class='av-share-link av-social-link-twitter' ><a target=\"_blank\" aria-label=\"Compartir en Twitter\" href='https:\/\/twitter.com\/share?text=Carabineros%20detuvo%20a%20dos%20personas%20tras%20investigaci%C3%B3n%20por%20baleo%20a%20veh%C3%ADculo%20en%20Coyhaique&#038;url=https:\/\/radiorevelacionfm.cl\/?p=19814' aria-hidden='false' data-av_icon='\ue8f1' data-av_iconfont='entypo-fontello' title='' data-avia-related-tooltip='Compartir en Twitter' rel=\"noopener\"><span class='avia_hidden_link_text'>Compartir en Twitter<\/span><\/a><\/li><li class='av-share-link av-social-link-whatsapp' ><a target=\"_blank\" aria-label=\"Compartir en Whatsapp\" href='https:\/\/api.whatsapp.com\/send?text=https:\/\/radiorevelacionfm.cl\/?p=19814' aria-hidden='false' data-av_icon='\uf232' data-av_iconfont='entypo-fontello' title='' data-avia-related-tooltip='Compartir en Whatsapp' rel=\"noopener\"><span class='avia_hidden_link_text'>Compartir en Whatsapp<\/span><\/a><\/li><li class='av-share-link av-social-link-linkedin' ><a target=\"_blank\" aria-label=\"Compartir en LinkedIn\" href='https:\/\/linkedin.com\/shareArticle?mini=true&#038;title=Carabineros%20detuvo%20a%20dos%20personas%20tras%20investigaci%C3%B3n%20por%20baleo%20a%20veh%C3%ADculo%20en%20Coyhaique&#038;url=https:\/\/radiorevelacionfm.cl\/?p=19814' aria-hidden='false' data-av_icon='\ue8fc' data-av_iconfont='entypo-fontello' title='' data-avia-related-tooltip='Compartir en LinkedIn' rel=\"noopener\"><span class='avia_hidden_link_text'>Compartir en LinkedIn<\/span><\/a><\/li><li class='av-share-link av-social-link-mail' ><a  aria-label=\"Compartir por correo\" href='mailto:?subject=Carabineros%20detuvo%20a%20dos%20personas%20tras%20investigaci%C3%B3n%20por%20baleo%20a%20veh%C3%ADculo%20en%20Coyhaique&#038;body=https:\/\/radiorevelacionfm.cl\/?p=19814' aria-hidden='false' data-av_icon='\ue805' data-av_iconfont='entypo-fontello' title='' data-avia-related-tooltip='Compartir por correo'><span class='avia_hidden_link_text'>Compartir por correo<\/span><\/a><\/li><\/ul><\/div><\/div>\n<div  style='height:50px' class='hr hr-invisible   avia-builder-el-8  el_after_av_social_share  el_before_av_comments_list '><span class='hr-inner ' ><span class='hr-inner-style'><\/span><\/span><\/div>\n<div  class='av-buildercomment  av-blog-meta-html-info-disabled av-blog-meta-tag-disabled  '><\/div>\n","protected":false},"excerpt":{"rendered":"","protected":false},"author":1,"featured_media":19815,"comment_status":"open","ping_status":"open","sticky":false,"template":"","format":"standard","meta":{"footnotes":""},"categories":[36],"tags":[],"class_list":["post-19814","post","type-post","status-publish","format-standard","has-post-thumbnail","hentry","category-policial"],"jetpack_featured_media_url":"https:\/\/radiorevelacionfm.cl\/wp-content\/uploads\/2022\/07\/20220728_151835-1-1_optimized-1_optimized.jpg","_links":{"self":[{"href":"https:\/\/radiorevelacionfm.cl\/index.php?rest_route=\/wp\/v2\/posts\/19814","targetHints":{"allow":["GET"]}}],"collection":[{"href":"https:\/\/radiorevelacionfm.cl\/index.php?rest_route=\/wp\/v2\/posts"}],"about":[{"href":"https:\/\/radiorevelacionfm.cl\/index.php?rest_route=\/wp\/v2\/types\/post"}],"author":[{"embeddable":true,"href":"https:\/\/radiorevelacionfm.cl\/index.php?rest_route=\/wp\/v2\/users\/1"}],"replies":[{"embeddable":true,"href":"https:\/\/radiorevelacionfm.cl\/index.php?rest_route=%2Fwp%2Fv2%2Fcomments&post=19814"}],"version-history":[{"count":2,"href":"https:\/\/radiorevelacionfm.cl\/index.php?rest_route=\/wp\/v2\/posts\/19814\/revisions"}],"predecessor-version":[{"id":19817,"href":"https:\/\/radiorevelacionfm.cl\/index.php?rest_route=\/wp\/v2\/posts\/19814\/revisions\/19817"}],"wp:featuredmedia":[{"embeddable":true,"href":"https:\/\/radiorevelacionfm.cl\/index.php?rest_route=\/wp\/v2\/media\/19815"}],"wp:attachment":[{"href":"https:\/\/radiorevelacionfm.cl\/index.php?rest_route=%2Fwp%2Fv2%2Fmedia&parent=19814"}],"wp:term":[{"taxonomy":"category","embeddable":true,"href":"https:\/\/radiorevelacionfm.cl\/index.php?rest_route=%2Fwp%2Fv2%2Fcategories&post=19814"},{"taxonomy":"post_tag","embeddable":true,"href":"https:\/\/radiorevelacionfm.cl\/index.php?rest_route=%2Fwp%2Fv2%2Ftags&post=19814"}],"curies":[{"name":"wp","href":"https:\/\/api.w.org\/{rel}","templated":true}]}}