{"id":19796,"date":"2022-07-29T16:33:26","date_gmt":"2022-07-29T19:33:26","guid":{"rendered":"https:\/\/radiorevelacionfm.cl\/?p=19796"},"modified":"2022-07-29T16:33:26","modified_gmt":"2022-07-29T19:33:26","slug":"municipio-y-pdi-firman-acuerdo-de-colaboracion-para-conexion-espejo-de-las-camaras-de-seguridad-de-coyhaique","status":"publish","type":"post","link":"https:\/\/radiorevelacionfm.cl\/?p=19796","title":{"rendered":"Municipio y PDI firman acuerdo de colaboraci\u00f3n para conexi\u00f3n espejo de las c\u00e1maras de seguridad de Coyhaique"},"content":{"rendered":"<div class=\"flex_column av_one_full  flex_column_div av-zero-column-padding first  avia-builder-el-0  el_before_av_one_full  avia-builder-el-first  \" style='border-radius:0px; '><div  class='avia-image-container  av-styling-    avia-builder-el-1  avia-builder-el-no-sibling  avia-align-center '  itemprop=\"image\" itemscope=\"itemscope\" itemtype=\"https:\/\/schema.org\/ImageObject\"  ><div class='avia-image-container-inner'><div class='avia-image-overlay-wrap'><img decoding=\"async\" class='wp-image-19797 avia-img-lazy-loading-not-19797 avia_image' src=\"https:\/\/radiorevelacionfm.cl\/wp-content\/uploads\/2022\/07\/Firma-acuerdo-Muni-y-PDI-camaras-espejo-002-1-1.jpg\" alt='' title='Firma acuerdo Muni y PDI - c\u00e1maras espejo 002 (1) (1)' height=\"600\" width=\"944\"  itemprop=\"thumbnailUrl\" srcset=\"https:\/\/radiorevelacionfm.cl\/wp-content\/uploads\/2022\/07\/Firma-acuerdo-Muni-y-PDI-camaras-espejo-002-1-1.jpg 944w, https:\/\/radiorevelacionfm.cl\/wp-content\/uploads\/2022\/07\/Firma-acuerdo-Muni-y-PDI-camaras-espejo-002-1-1-300x191.jpg 300w, https:\/\/radiorevelacionfm.cl\/wp-content\/uploads\/2022\/07\/Firma-acuerdo-Muni-y-PDI-camaras-espejo-002-1-1-768x488.jpg 768w, https:\/\/radiorevelacionfm.cl\/wp-content\/uploads\/2022\/07\/Firma-acuerdo-Muni-y-PDI-camaras-espejo-002-1-1-705x448.jpg 705w, https:\/\/radiorevelacionfm.cl\/wp-content\/uploads\/2022\/07\/Firma-acuerdo-Muni-y-PDI-camaras-espejo-002-1-1-600x381.jpg 600w\" sizes=\"(max-width: 944px) 100vw, 944px\" \/><\/div><\/div><\/div><\/div><div class=\"flex_column av_one_full  flex_column_div av-zero-column-padding first  avia-builder-el-2  el_after_av_one_full  el_before_av_one_full  column-top-margin\" style='border-radius:0px; '><section class=\"av_textblock_section \"  itemscope=\"itemscope\" itemtype=\"https:\/\/schema.org\/BlogPosting\" itemprop=\"blogPost\" ><div class='avia_textblock  '   itemprop=\"text\" ><p style=\"text-align: center;\"><strong><span style=\"font-size: 18pt;\">Municipio y PDI firman acuerdo de colaboraci\u00f3n para conexi\u00f3n espejo de las c\u00e1maras de seguridad de Coyhaique<\/span><\/strong><\/p>\n<div id=\"gtx-trans\" style=\"position: absolute; left: -50px; top: 4.31534px;\">\n<div class=\"gtx-trans-icon\"><\/div>\n<\/div>\n<\/div><\/section><\/div><div class=\"flex_column av_one_full  flex_column_div av-zero-column-padding first  avia-builder-el-4  el_after_av_one_full  el_before_av_hr  column-top-margin\" style='border-radius:0px; '><section class=\"av_textblock_section \"  itemscope=\"itemscope\" itemtype=\"https:\/\/schema.org\/BlogPosting\" itemprop=\"blogPost\" ><div class='avia_textblock  '   itemprop=\"text\" ><p style=\"text-align: justify;\">Este jueves, en el Complejo Policial Coyhaique de la PDI, se llev\u00f3 a cabo la firma de un acuerdo de colaboraci\u00f3n entre la Ilustre Municipalidad de Coyhaique y la Polic\u00eda de Investigaciones de Chile que busca potenciar la calidad de servicio y respuesta en materias de seguridad p\u00fablica e implementar mejores herramientas tecnol\u00f3gicas para el an\u00e1lisis criminal e investigaci\u00f3n de los delitos.<\/p>\n<p style=\"text-align: justify;\">Se trata de una conexi\u00f3n espejo de las c\u00e1maras de seguridad municipales en la Oficina de An\u00e1lisis Criminal de la PDI en Coyhaique que ser\u00e1n aprovechadas para la explotaci\u00f3n de la informaci\u00f3n territorial que derive de las c\u00e1maras municipales, lo que permitir\u00e1 obtener insumos para el an\u00e1lisis e investigaci\u00f3n criminal de los distintos delitos que ocurren en la ciudad de Coyhaique, sum\u00e1ndose nuevos datos y antecedentes para las diversas t\u00e9cnicas investigativas que explotan constantemente los detectives.<\/p>\n<p style=\"text-align: justify;\">El jefe comunal, Carlos Gatica Villegas, se\u00f1al\u00f3 que \u201cfirmamos un acuerdo de colaboraci\u00f3n con la Polic\u00eda de Investigaciones de Chile que materializa el trabajo en conjunto en distintas materias, pero tambi\u00e9n focaliza la acci\u00f3n en cuanto a compartir las c\u00e1maras de vigilancia que tiene el municipio, bajo una metodolog\u00eda de espejo, para que ellos puedan revisar cada una de las c\u00e1maras que est\u00e1n dispuestas en todo el sector urbano de Coyhaique\u201d.<\/p>\n<p style=\"text-align: justify;\">El trabajo en torno a la seguridad p\u00fablica requiere del trabajo mancomunado entre distintos servicios, en ese sentido, el alcalde de Coyhaique indic\u00f3 que \u201cno me cabe duda que este convenio nos ayuda a ambas instituciones a combatir la delincuencia, luchar por una ciudad m\u00e1s segura y luchar contra el microtr\u00e1fico\u201d.<\/p>\n<p style=\"text-align: justify;\">Por su parte, el jefe de la Prefectura Provincial Coyhaique de la PDI, prefecto H\u00e9ctor Moya Mart\u00ednez, agradeci\u00f3 la confianza que deposita el municipio en la Polic\u00eda de Investigaciones, sosteniendo que \u201cestas tecnolog\u00edas se van sumando al an\u00e1lisis criminal y la investigaci\u00f3n de los delitos para la obtenci\u00f3n de resultados operativos\u201d. As\u00ed, explic\u00f3 el jefe policial que \u201cel uso de las c\u00e1maras nos permitir\u00e1 georreferenciar y obtener informaci\u00f3n de primera l\u00ednea para el an\u00e1lisis criminal en la investigaci\u00f3n de los delitos\u201d.<\/p>\n<p style=\"text-align: justify;\">Sobre el trabajo en temas de seguridad p\u00fablica, \u201cla PDI tiene un compromiso con elevar la calidad de las investigaciones que estamos generando y agilizar sus procesos, por tanto, tener acceso a todas estas tecnolog\u00edas e im\u00e1genes en tiempo real permitir\u00e1 posicionar y adelantar el an\u00e1lisis estrat\u00e9gico en la investigaci\u00f3n de los delitos y, en definitiva, poder aportar a los vecinos en temas de seguridad\u201d, resalt\u00f3 el prefecto H\u00e9ctor Moya.<\/p>\n<p style=\"text-align: justify;\">As\u00ed, la PDI contar\u00e1 con diversos insumos para el trabajo mancomunado con el Ministerio P\u00fablico, ya que \u201cexiste mucha informaci\u00f3n que se maneja en los procedimientos investigativos, por tanto, una imagen nos permitir\u00e1 establecer diferentes situaciones, conductas y din\u00e1micas asociadas a un delito, logrando identificar estas conductas en patrones futuros en la comisi\u00f3n de estos hechos\u201d.<\/p>\n<p style=\"text-align: justify;\">En definitiva, \u201ces un elemento que se suma a la investigaci\u00f3n para fortalecer los est\u00e1ndares investigativos en la regi\u00f3n en favor de la comunidad\u201d, finaliz\u00f3 el jefe de la Prefectura Provincial Coyhaique.<\/p>\n<\/div><\/section><\/div><div  style='height:50px' class='hr hr-invisible   avia-builder-el-6  el_after_av_one_full  el_before_av_social_share '><span class='hr-inner ' ><span class='hr-inner-style'><\/span><\/span><\/div><\/p>\n<div  class='av-social-sharing-box  avia-builder-el-7  el_after_av_hr  el_before_av_hr  '><div class='av-share-box'><h5 class='av-share-link-description av-no-toc '>Compartir esta noticia<\/h5><ul class='av-share-box-list noLightbox'><li class='av-share-link av-social-link-facebook' ><a target=\"_blank\" aria-label=\"Compartir en Facebook\" href='https:\/\/www.facebook.com\/sharer.php?u=https:\/\/radiorevelacionfm.cl\/?p=19796&#038;t=Municipio%20y%20PDI%20firman%20acuerdo%20de%20colaboraci%C3%B3n%20para%20conexi%C3%B3n%20espejo%20de%20las%20c%C3%A1maras%20de%20seguridad%20de%20Coyhaique' aria-hidden='false' data-av_icon='\ue8f3' data-av_iconfont='entypo-fontello' title='' data-avia-related-tooltip='Compartir en Facebook' rel=\"noopener\"><span class='avia_hidden_link_text'>Compartir en Facebook<\/span><\/a><\/li><li class='av-share-link av-social-link-twitter' ><a target=\"_blank\" aria-label=\"Compartir en Twitter\" href='https:\/\/twitter.com\/share?text=Municipio%20y%20PDI%20firman%20acuerdo%20de%20colaboraci%C3%B3n%20para%20conexi%C3%B3n%20espejo%20de%20las%20c%C3%A1maras%20de%20seguridad%20de%20Coyhaique&#038;url=https:\/\/radiorevelacionfm.cl\/?p=19796' aria-hidden='false' data-av_icon='\ue8f1' data-av_iconfont='entypo-fontello' title='' data-avia-related-tooltip='Compartir en Twitter' rel=\"noopener\"><span class='avia_hidden_link_text'>Compartir en Twitter<\/span><\/a><\/li><li class='av-share-link av-social-link-whatsapp' ><a target=\"_blank\" aria-label=\"Compartir en Whatsapp\" href='https:\/\/api.whatsapp.com\/send?text=https:\/\/radiorevelacionfm.cl\/?p=19796' aria-hidden='false' data-av_icon='\uf232' data-av_iconfont='entypo-fontello' title='' data-avia-related-tooltip='Compartir en Whatsapp' rel=\"noopener\"><span class='avia_hidden_link_text'>Compartir en Whatsapp<\/span><\/a><\/li><li class='av-share-link av-social-link-linkedin' ><a target=\"_blank\" aria-label=\"Compartir en LinkedIn\" href='https:\/\/linkedin.com\/shareArticle?mini=true&#038;title=Municipio%20y%20PDI%20firman%20acuerdo%20de%20colaboraci%C3%B3n%20para%20conexi%C3%B3n%20espejo%20de%20las%20c%C3%A1maras%20de%20seguridad%20de%20Coyhaique&#038;url=https:\/\/radiorevelacionfm.cl\/?p=19796' aria-hidden='false' data-av_icon='\ue8fc' data-av_iconfont='entypo-fontello' title='' data-avia-related-tooltip='Compartir en LinkedIn' rel=\"noopener\"><span class='avia_hidden_link_text'>Compartir en LinkedIn<\/span><\/a><\/li><li class='av-share-link av-social-link-mail' ><a  aria-label=\"Compartir por correo\" href='mailto:?subject=Municipio%20y%20PDI%20firman%20acuerdo%20de%20colaboraci%C3%B3n%20para%20conexi%C3%B3n%20espejo%20de%20las%20c%C3%A1maras%20de%20seguridad%20de%20Coyhaique&#038;body=https:\/\/radiorevelacionfm.cl\/?p=19796' aria-hidden='false' data-av_icon='\ue805' data-av_iconfont='entypo-fontello' title='' data-avia-related-tooltip='Compartir por correo'><span class='avia_hidden_link_text'>Compartir por correo<\/span><\/a><\/li><\/ul><\/div><\/div>\n<div  style='height:50px' class='hr hr-invisible   avia-builder-el-8  el_after_av_social_share  el_before_av_comments_list '><span class='hr-inner ' ><span class='hr-inner-style'><\/span><\/span><\/div>\n<div  class='av-buildercomment  av-blog-meta-html-info-disabled av-blog-meta-tag-disabled  '><\/div>\n","protected":false},"excerpt":{"rendered":"","protected":false},"author":1,"featured_media":19797,"comment_status":"open","ping_status":"open","sticky":false,"template":"","format":"standard","meta":{"footnotes":""},"categories":[36],"tags":[],"class_list":["post-19796","post","type-post","status-publish","format-standard","has-post-thumbnail","hentry","category-policial"],"jetpack_featured_media_url":"https:\/\/radiorevelacionfm.cl\/wp-content\/uploads\/2022\/07\/Firma-acuerdo-Muni-y-PDI-camaras-espejo-002-1-1.jpg","_links":{"self":[{"href":"https:\/\/radiorevelacionfm.cl\/index.php?rest_route=\/wp\/v2\/posts\/19796","targetHints":{"allow":["GET"]}}],"collection":[{"href":"https:\/\/radiorevelacionfm.cl\/index.php?rest_route=\/wp\/v2\/posts"}],"about":[{"href":"https:\/\/radiorevelacionfm.cl\/index.php?rest_route=\/wp\/v2\/types\/post"}],"author":[{"embeddable":true,"href":"https:\/\/radiorevelacionfm.cl\/index.php?rest_route=\/wp\/v2\/users\/1"}],"replies":[{"embeddable":true,"href":"https:\/\/radiorevelacionfm.cl\/index.php?rest_route=%2Fwp%2Fv2%2Fcomments&post=19796"}],"version-history":[{"count":2,"href":"https:\/\/radiorevelacionfm.cl\/index.php?rest_route=\/wp\/v2\/posts\/19796\/revisions"}],"predecessor-version":[{"id":19799,"href":"https:\/\/radiorevelacionfm.cl\/index.php?rest_route=\/wp\/v2\/posts\/19796\/revisions\/19799"}],"wp:featuredmedia":[{"embeddable":true,"href":"https:\/\/radiorevelacionfm.cl\/index.php?rest_route=\/wp\/v2\/media\/19797"}],"wp:attachment":[{"href":"https:\/\/radiorevelacionfm.cl\/index.php?rest_route=%2Fwp%2Fv2%2Fmedia&parent=19796"}],"wp:term":[{"taxonomy":"category","embeddable":true,"href":"https:\/\/radiorevelacionfm.cl\/index.php?rest_route=%2Fwp%2Fv2%2Fcategories&post=19796"},{"taxonomy":"post_tag","embeddable":true,"href":"https:\/\/radiorevelacionfm.cl\/index.php?rest_route=%2Fwp%2Fv2%2Ftags&post=19796"}],"curies":[{"name":"wp","href":"https:\/\/api.w.org\/{rel}","templated":true}]}}