{"id":19774,"date":"2022-07-28T19:37:14","date_gmt":"2022-07-28T22:37:14","guid":{"rendered":"https:\/\/radiorevelacionfm.cl\/?p=19774"},"modified":"2022-07-28T19:37:14","modified_gmt":"2022-07-28T22:37:14","slug":"carabineros-junto-a-la-fiscalia-indaga-baleo-a-vehiculo-en-av-ogana-de-coyhaique","status":"publish","type":"post","link":"https:\/\/radiorevelacionfm.cl\/?p=19774","title":{"rendered":"Carabineros junto a la Fiscal\u00eda indaga baleo a veh\u00edculo en Av. Ogana de Coyhaique"},"content":{"rendered":"<div class=\"flex_column av_one_full  flex_column_div av-zero-column-padding first  avia-builder-el-0  el_before_av_one_full  avia-builder-el-first  \" style='border-radius:0px; '><div  class='avia-image-container  av-styling-    avia-builder-el-1  avia-builder-el-no-sibling  avia-align-center '  itemprop=\"image\" itemscope=\"itemscope\" itemtype=\"https:\/\/schema.org\/ImageObject\"  ><div class='avia-image-container-inner'><div class='avia-image-overlay-wrap'><img decoding=\"async\" class='wp-image-19775 avia-img-lazy-loading-not-19775 avia_image' src=\"https:\/\/radiorevelacionfm.cl\/wp-content\/uploads\/2022\/07\/20220728_145140-1-1_optimized-1.jpg\" alt='' title='20220728_145140-(1)-(1)_optimized (1)' height=\"600\" width=\"874\"  itemprop=\"thumbnailUrl\" srcset=\"https:\/\/radiorevelacionfm.cl\/wp-content\/uploads\/2022\/07\/20220728_145140-1-1_optimized-1.jpg 874w, https:\/\/radiorevelacionfm.cl\/wp-content\/uploads\/2022\/07\/20220728_145140-1-1_optimized-1-300x206.jpg 300w, https:\/\/radiorevelacionfm.cl\/wp-content\/uploads\/2022\/07\/20220728_145140-1-1_optimized-1-768x527.jpg 768w, https:\/\/radiorevelacionfm.cl\/wp-content\/uploads\/2022\/07\/20220728_145140-1-1_optimized-1-705x484.jpg 705w, https:\/\/radiorevelacionfm.cl\/wp-content\/uploads\/2022\/07\/20220728_145140-1-1_optimized-1-600x412.jpg 600w\" sizes=\"(max-width: 874px) 100vw, 874px\" \/><\/div><\/div><\/div><\/div><div class=\"flex_column av_one_full  flex_column_div av-zero-column-padding first  avia-builder-el-2  el_after_av_one_full  el_before_av_one_full  column-top-margin\" style='border-radius:0px; '><section class=\"av_textblock_section \"  itemscope=\"itemscope\" itemtype=\"https:\/\/schema.org\/BlogPosting\" itemprop=\"blogPost\" ><div class='avia_textblock  '   itemprop=\"text\" ><p style=\"text-align: center;\"><strong><span style=\"font-size: 18pt;\">Carabineros junto a la Fiscal\u00eda indaga baleo a veh\u00edculo en Av. Ogana de Coyhaique<\/span><\/strong><\/p>\n<div id=\"gtx-trans\" style=\"position: absolute; left: -50px; top: 4.31534px;\">\n<div class=\"gtx-trans-icon\"><\/div>\n<\/div>\n<\/div><\/section><\/div><div class=\"flex_column av_one_full  flex_column_div av-zero-column-padding first  avia-builder-el-4  el_after_av_one_full  el_before_av_hr  column-top-margin\" style='border-radius:0px; '><section class=\"av_textblock_section \"  itemscope=\"itemscope\" itemtype=\"https:\/\/schema.org\/BlogPosting\" itemprop=\"blogPost\" ><div class='avia_textblock  '   itemprop=\"text\" ><p class=\"v1MsoNormal\" style=\"text-align: justify;\">Carabineros de la 1ra. Comisar\u00eda de Coyhaique a trav\u00e9s de la Secci\u00f3n de Investigaci\u00f3n Policial (S.I.P), apoyados por el Laboratorio de Criminal\u00edstica Institucional (Labocar) y en conjunto con la Fiscal\u00eda, se encuentran desarrollando diversas diligencias orientadas a esclarecer un hecho que pasado el mediod\u00eda de hoy culmin\u00f3 con el baleo a un veh\u00edculo en movimiento en avenida Ogana de esta ciudad, ataque tras el cual la v\u00edctima perdi\u00f3 el control del m\u00f3vil y se estrell\u00f3 contra la reja de un domicilio del sector, ocasionando da\u00f1os en el lugar.<\/p>\n<p class=\"v1MsoNormal\" style=\"text-align: justify;\">El Subcomisario de los Servicios, Capit\u00e1n Jos\u00e9 Espinoza indic\u00f3 que tras lo anterior, Carabineros con apoyo de personal de Control del Orden P\u00fablico (COP) aisl\u00f3 el sitio del suceso con la finalidad de efectuar la b\u00fasqueda de evidencia bal\u00edstica o medios de inter\u00e9s criminal\u00edstico en las inmediaciones.<\/p>\n<p class=\"v1MsoNormal\" style=\"text-align: justify;\">\u00abTenemos una l\u00ednea investigativa por parte de personal de la S.I.P de la 1ra. Comisar\u00eda, la cual est\u00e1 haciendo mayores indagaciones con respecto al posible autor del hecho. Esto se habr\u00eda generado aproximadamente a las 12:30 horas, el cual se habr\u00eda trasladado desde otro sector y ac\u00e1 finaliz\u00f3. Hubo una controversia entre (los ocupantes de) dos veh\u00edculos \u2013uno color rojo y uno azul- y de este hecho habr\u00edan resultado disparos\u00bb, expres\u00f3 el Oficial.<\/p>\n<p class=\"v1MsoNormal\" style=\"text-align: justify;\">Seg\u00fan las primeras indagatorias, el veh\u00edculo atacado presentar\u00eda impactos bal\u00edsticos en la carrocer\u00eda, sin que afortunadamente sus ocupantes hayan resultado lesionados.<\/p>\n<p class=\"v1MsoNormal\" style=\"text-align: justify;\">Al cierre de esta edici\u00f3n no se registran personas detenidas, en tanto que la S.I.P desarrolla m\u00faltiples diligencias investigativas, sumado a la verificaci\u00f3n de registros de c\u00e1maras y empadronamiento de testigos con la finalidad de obtener antecedentes que permitan dar con la identidad y paradero de el o los responsables del ataque.<\/p>\n<p class=\"v1MsoNormal\" style=\"text-align: justify;\">A bordo del veh\u00edculo atacado -el cual lo hac\u00eda sin matr\u00edcula- viajaban dos ocupantes quienes fueron trasladados al hospital regional de Coyhaique para la constataci\u00f3n de lesiones.<\/p>\n<p class=\"v1MsoNormal\" style=\"text-align: justify;\">Los antecedentes del procedimiento fueron puestos en conocimiento de la Fiscal\u00eda local de Coyhaique que dirige investigaci\u00f3n por este hecho.<\/p>\n<p class=\"v1MsoNormal\" style=\"text-align: justify;\">El Capit\u00e1n Espinoza indic\u00f3 que Carabineros se encuentra desarrollando diversas fiscalizaciones siendo cursadas infracciones a conductores que circulan en veh\u00edculos sin patente, trabajo al cual se han sumado fiscalizadores municipales controlando igualmente a veh\u00edculos que poseen modificaciones antirreglamentarias.<\/p>\n<\/div><\/section><\/div><div  style='height:50px' class='hr hr-invisible   avia-builder-el-6  el_after_av_one_full  el_before_av_social_share '><span class='hr-inner ' ><span class='hr-inner-style'><\/span><\/span><\/div><\/p>\n<div  class='av-social-sharing-box  avia-builder-el-7  el_after_av_hr  el_before_av_hr  '><div class='av-share-box'><h5 class='av-share-link-description av-no-toc '>Compartir esta noticia<\/h5><ul class='av-share-box-list noLightbox'><li class='av-share-link av-social-link-facebook' ><a target=\"_blank\" aria-label=\"Compartir en Facebook\" href='https:\/\/www.facebook.com\/sharer.php?u=https:\/\/radiorevelacionfm.cl\/?p=19774&#038;t=Carabineros%20junto%20a%20la%20Fiscal%C3%ADa%20indaga%20baleo%20a%20veh%C3%ADculo%20en%20Av.%20Ogana%20de%20Coyhaique' aria-hidden='false' data-av_icon='\ue8f3' data-av_iconfont='entypo-fontello' title='' data-avia-related-tooltip='Compartir en Facebook' rel=\"noopener\"><span class='avia_hidden_link_text'>Compartir en Facebook<\/span><\/a><\/li><li class='av-share-link av-social-link-twitter' ><a target=\"_blank\" aria-label=\"Compartir en Twitter\" href='https:\/\/twitter.com\/share?text=Carabineros%20junto%20a%20la%20Fiscal%C3%ADa%20indaga%20baleo%20a%20veh%C3%ADculo%20en%20Av.%20Ogana%20de%20Coyhaique&#038;url=https:\/\/radiorevelacionfm.cl\/?p=19774' aria-hidden='false' data-av_icon='\ue8f1' data-av_iconfont='entypo-fontello' title='' data-avia-related-tooltip='Compartir en Twitter' rel=\"noopener\"><span class='avia_hidden_link_text'>Compartir en Twitter<\/span><\/a><\/li><li class='av-share-link av-social-link-whatsapp' ><a target=\"_blank\" aria-label=\"Compartir en Whatsapp\" href='https:\/\/api.whatsapp.com\/send?text=https:\/\/radiorevelacionfm.cl\/?p=19774' aria-hidden='false' data-av_icon='\uf232' data-av_iconfont='entypo-fontello' title='' data-avia-related-tooltip='Compartir en Whatsapp' rel=\"noopener\"><span class='avia_hidden_link_text'>Compartir en Whatsapp<\/span><\/a><\/li><li class='av-share-link av-social-link-linkedin' ><a target=\"_blank\" aria-label=\"Compartir en LinkedIn\" href='https:\/\/linkedin.com\/shareArticle?mini=true&#038;title=Carabineros%20junto%20a%20la%20Fiscal%C3%ADa%20indaga%20baleo%20a%20veh%C3%ADculo%20en%20Av.%20Ogana%20de%20Coyhaique&#038;url=https:\/\/radiorevelacionfm.cl\/?p=19774' aria-hidden='false' data-av_icon='\ue8fc' data-av_iconfont='entypo-fontello' title='' data-avia-related-tooltip='Compartir en LinkedIn' rel=\"noopener\"><span class='avia_hidden_link_text'>Compartir en LinkedIn<\/span><\/a><\/li><li class='av-share-link av-social-link-mail' ><a  aria-label=\"Compartir por correo\" href='mailto:?subject=Carabineros%20junto%20a%20la%20Fiscal%C3%ADa%20indaga%20baleo%20a%20veh%C3%ADculo%20en%20Av.%20Ogana%20de%20Coyhaique&#038;body=https:\/\/radiorevelacionfm.cl\/?p=19774' aria-hidden='false' data-av_icon='\ue805' data-av_iconfont='entypo-fontello' title='' data-avia-related-tooltip='Compartir por correo'><span class='avia_hidden_link_text'>Compartir por correo<\/span><\/a><\/li><\/ul><\/div><\/div>\n<div  style='height:50px' class='hr hr-invisible   avia-builder-el-8  el_after_av_social_share  el_before_av_comments_list '><span class='hr-inner ' ><span class='hr-inner-style'><\/span><\/span><\/div>\n<div  class='av-buildercomment  av-blog-meta-html-info-disabled av-blog-meta-tag-disabled  '><\/div>\n","protected":false},"excerpt":{"rendered":"","protected":false},"author":1,"featured_media":19775,"comment_status":"open","ping_status":"open","sticky":false,"template":"","format":"standard","meta":{"footnotes":""},"categories":[36],"tags":[],"class_list":["post-19774","post","type-post","status-publish","format-standard","has-post-thumbnail","hentry","category-policial"],"jetpack_featured_media_url":"https:\/\/radiorevelacionfm.cl\/wp-content\/uploads\/2022\/07\/20220728_145140-1-1_optimized-1.jpg","_links":{"self":[{"href":"https:\/\/radiorevelacionfm.cl\/index.php?rest_route=\/wp\/v2\/posts\/19774","targetHints":{"allow":["GET"]}}],"collection":[{"href":"https:\/\/radiorevelacionfm.cl\/index.php?rest_route=\/wp\/v2\/posts"}],"about":[{"href":"https:\/\/radiorevelacionfm.cl\/index.php?rest_route=\/wp\/v2\/types\/post"}],"author":[{"embeddable":true,"href":"https:\/\/radiorevelacionfm.cl\/index.php?rest_route=\/wp\/v2\/users\/1"}],"replies":[{"embeddable":true,"href":"https:\/\/radiorevelacionfm.cl\/index.php?rest_route=%2Fwp%2Fv2%2Fcomments&post=19774"}],"version-history":[{"count":2,"href":"https:\/\/radiorevelacionfm.cl\/index.php?rest_route=\/wp\/v2\/posts\/19774\/revisions"}],"predecessor-version":[{"id":19777,"href":"https:\/\/radiorevelacionfm.cl\/index.php?rest_route=\/wp\/v2\/posts\/19774\/revisions\/19777"}],"wp:featuredmedia":[{"embeddable":true,"href":"https:\/\/radiorevelacionfm.cl\/index.php?rest_route=\/wp\/v2\/media\/19775"}],"wp:attachment":[{"href":"https:\/\/radiorevelacionfm.cl\/index.php?rest_route=%2Fwp%2Fv2%2Fmedia&parent=19774"}],"wp:term":[{"taxonomy":"category","embeddable":true,"href":"https:\/\/radiorevelacionfm.cl\/index.php?rest_route=%2Fwp%2Fv2%2Fcategories&post=19774"},{"taxonomy":"post_tag","embeddable":true,"href":"https:\/\/radiorevelacionfm.cl\/index.php?rest_route=%2Fwp%2Fv2%2Ftags&post=19774"}],"curies":[{"name":"wp","href":"https:\/\/api.w.org\/{rel}","templated":true}]}}