{"id":19770,"date":"2022-07-28T17:35:18","date_gmt":"2022-07-28T20:35:18","guid":{"rendered":"https:\/\/radiorevelacionfm.cl\/?p=19770"},"modified":"2022-07-28T17:35:18","modified_gmt":"2022-07-28T20:35:18","slug":"samu-alerta-las-24-horas-solo-en-aysen-el-servicio-de-ambulancias-de-emergencia-recibe-un-promedio-de-350-llamadas-mensuales-para-traslado-de-pacientes","status":"publish","type":"post","link":"https:\/\/radiorevelacionfm.cl\/?p=19770","title":{"rendered":"SAMU Alerta las 24 horas: Solo en Ays\u00e9n, el servicio de ambulancias de emergencia recibe un promedio de 350 llamadas mensuales para traslado de pacientes"},"content":{"rendered":"<div class=\"flex_column av_one_full  flex_column_div av-zero-column-padding first  avia-builder-el-0  el_before_av_one_full  avia-builder-el-first  \" style='border-radius:0px; '><div  class='avia-image-container  av-styling-    avia-builder-el-1  avia-builder-el-no-sibling  avia-align-center '  itemprop=\"image\" itemscope=\"itemscope\" itemtype=\"https:\/\/schema.org\/ImageObject\"  ><div class='avia-image-container-inner'><div class='avia-image-overlay-wrap'><img decoding=\"async\" class='wp-image-19771 avia-img-lazy-loading-not-19771 avia_image' src=\"https:\/\/radiorevelacionfm.cl\/wp-content\/uploads\/2022\/07\/SAMU-1-1-1.jpeg\" alt='' title='SAMU (1) (1) (1)' height=\"600\" width=\"800\"  itemprop=\"thumbnailUrl\" srcset=\"https:\/\/radiorevelacionfm.cl\/wp-content\/uploads\/2022\/07\/SAMU-1-1-1.jpeg 800w, https:\/\/radiorevelacionfm.cl\/wp-content\/uploads\/2022\/07\/SAMU-1-1-1-300x225.jpeg 300w, https:\/\/radiorevelacionfm.cl\/wp-content\/uploads\/2022\/07\/SAMU-1-1-1-768x576.jpeg 768w, https:\/\/radiorevelacionfm.cl\/wp-content\/uploads\/2022\/07\/SAMU-1-1-1-705x529.jpeg 705w, https:\/\/radiorevelacionfm.cl\/wp-content\/uploads\/2022\/07\/SAMU-1-1-1-600x450.jpeg 600w\" sizes=\"(max-width: 800px) 100vw, 800px\" \/><\/div><\/div><\/div><\/div><div class=\"flex_column av_one_full  flex_column_div av-zero-column-padding first  avia-builder-el-2  el_after_av_one_full  el_before_av_one_full  column-top-margin\" style='border-radius:0px; '><section class=\"av_textblock_section \"  itemscope=\"itemscope\" itemtype=\"https:\/\/schema.org\/BlogPosting\" itemprop=\"blogPost\" ><div class='avia_textblock  '   itemprop=\"text\" ><p style=\"text-align: center;\"><strong><span style=\"font-size: 18pt;\">SAMU Alerta las 24 horas: Solo en Ays\u00e9n, el servicio de ambulancias <b><span lang=\"ES\">de emergencia <\/span><\/b>recibe un promedio de 350 llamadas mensuales para traslado de pacientes<\/span><\/strong><\/p>\n<div id=\"gtx-trans\" style=\"position: absolute; left: -50px; top: 4.31534px;\">\n<div class=\"gtx-trans-icon\"><\/div>\n<\/div>\n<\/div><\/section><\/div><div class=\"flex_column av_one_full  flex_column_div av-zero-column-padding first  avia-builder-el-4  el_after_av_one_full  el_before_av_hr  column-top-margin\" style='border-radius:0px; '><section class=\"av_textblock_section \"  itemscope=\"itemscope\" itemtype=\"https:\/\/schema.org\/BlogPosting\" itemprop=\"blogPost\" ><div class='avia_textblock  '   itemprop=\"text\" ><p class=\"v1MsoNormal\" style=\"text-align: justify;\"><span lang=\"ES\">Conectividad reducida, hielo, nieve, caminos de ripio con curvas cerradas y escasa visibilidad, \u00e1rboles ca\u00eddos en la ruta, animales que aparecen de forma intempestiva y un sinf\u00edn de imponderables deben sortear todos los inviernos el equipo del\u00a0<\/span>Sistema de Atenci\u00f3n M\u00e9dica de Urgencias, conocidos por su sigla SAMU, quienes recorren la regi\u00f3n para trasladar en ambulancias a los pacientes que lo requieren.<\/p>\n<p class=\"v1MsoNormal\" style=\"text-align: justify;\">Una tarea ardua, agotadora y siempre al l\u00edmite, que obliga al equipo a estar atentos a los requerimientos de la comunidad.<\/p>\n<p class=\"v1MsoNormal\" style=\"text-align: justify;\"><span lang=\"ES\">Si bien es cierto la geograf\u00eda loca y desmembrada de Ays\u00e9n es un atractivo tur\u00edstico que anualmente mueve a miles de turistas chilenos y extranjeros por la Patagonia, tambi\u00e9n es un elemento que limita el trabajo del SAMU. \u00abLos tiempos de traslado se duplican, la velocidad promedio en la ruta 7 es de 60 kil\u00f3metros por hora. Entonces las distancias no se deben calcular en kil\u00f3metros, sino en tiempo, considerando adem\u00e1s las condiciones clim\u00e1ticas adversas, con nevazones y escarcha\u00bb, se\u00f1ala el Dr. Felipe Corsini, jefe subrogante de SAMU y m\u00e9dico regulador.<\/span><\/p>\n<p class=\"v1MsoNormal\" style=\"text-align: justify;\"><b><span lang=\"ES\">\u00abSAMU es pasi\u00f3n\u00bb<\/span><\/b><\/p>\n<p class=\"v1MsoNormal\" style=\"text-align: justify;\"><span lang=\"ES\">Este a\u00f1o los despachos de ambulancia se han incrementado respecto a las \u00faltimas temporadas. El SAMU y su despliegue territorial trae consigo la activaci\u00f3n de un protocolo que involucra al sistema de protecci\u00f3n civil, donde se trabaja mancomunadamente con ONEMI, Vialidad, MOP, Carabineros y Bomberos, entre otros, para que los tiempos de traslado sean menores, \u00abpero siempre preservando la salud de nuestro personal y de los pacientes y en este tiempo se ponen a prueba las competencias de nuestros conductores rural y de ac\u00e1, porque manejar con nieve y escarcha es distinto\u00bb, advierte Corsini.<\/span><\/p>\n<p class=\"v1MsoNormal\" style=\"text-align: justify;\"><span lang=\"ES\">Las coordinaciones permanentes con el intersector son muy importantes, con el Centro de Alerta Temprana de la ONEMI, quienes prestan el apoyo e informaci\u00f3n en detalle de condiciones de carreteras y rutas regionales en l\u00ednea. \u00abMostramos compromiso y cari\u00f1o por nuestro trabajo que generamos con la gente de la regi\u00f3n y eso se refleja en estos traslados complejos, donde el recurso humano est\u00e1 siempre dispuesto a hacer su trabajo de buena manera, porque SAMU es pasi\u00f3n\u00bb, agrega el Dr. Corsini.<\/span><\/p>\n<p class=\"v1MsoNormal\" style=\"text-align: justify;\"><span lang=\"ES\">Expuestos al clima adverso y \u00abtambi\u00e9n muchas veces a las mismas personas en su estado de shock donde eventualmente hay agresiones al personal, pero a pesar de ello, los funcionarios hacen su trabajo de la mejor manera posible, al igual que toda la red\u00bb.<\/span><\/p>\n<p class=\"v1MsoNormal\" style=\"text-align: justify;\"><span lang=\"ES\">Hay protocolos y estrategias definidas, donde el sentido de equipo prima para establecer una buena comunicaci\u00f3n. \u00abEste trabajo no lo hacemos solos, es en conjunto, desde el director, sub director que est\u00e1n comprometidos con nosotros, al igual que los directores de los hospitales y, sobre todo, con el inter sector\u00bb, explica Corsini.<\/span><\/p>\n<p class=\"v1MsoNormal\" style=\"text-align: justify;\"><span lang=\"ES\">Para Ra\u00fal Espinoza, conductor SAMU este invierno ha sido m\u00e1s malo que otros y \u00abeso nos ha complicado los traslados intrarregionales por cortes de camino, la gran nieva ca\u00edda y se hace dif\u00edcil el acceso a otras localidades fuera de Coyhaique\u00bb.<\/span><\/p>\n<p class=\"v1MsoNormal\" style=\"text-align: justify;\"><span lang=\"ES\">Espinoza tiene clara su responsabilidad, por eso su m\u00e1xima es lento, pero seguro. \u00abLa prudencia es elemental en este trabajo y conducir siempre a la defensiva\u00bb.<\/span><\/p>\n<p class=\"v1MsoNormal\" style=\"text-align: justify;\"><span lang=\"ES\">De paso quiso recordar a la comunidad que las demoras muchas veces tienen que ver con las condiciones clim\u00e1ticas y de tr\u00e1nsito y \u00abque es mejor ir despacio y llegar bien y no arriesgar la vida del equipo y los pacientes\u00bb, matiza el conductor profesional.<\/span><\/p>\n<p class=\"v1MsoNormal\" style=\"text-align: justify;\"><span lang=\"ES\">Semanalmente a nivel regional ingresa un promedio de 350 llamadas y se despachan 90 ambulancias a distintos puntos de Ays\u00e9n. \u00abNosotros tenemos que estar preparados para todo tipo de situaciones m\u00e9dicas y de otra \u00edndole y el clima es uno de ellos. Tenemos nuestro uniforme en buenas condiciones, los veh\u00edculos est\u00e1n con sus mantenciones, clavos, cadenas y lo importante es la seguridad de nosotros y los pacientes y eso nos mantiene tranquilos\u00bb, explica Rodrigo Alejandro Vera Medina, enfermero reanimador.<\/span><\/p>\n<p class=\"v1MsoNormal\" style=\"text-align: justify;\"><span lang=\"ES\">Lo importante para el SAMU es gestionar y estar siempre dispuestos. \u00abNosotros somos un equipo, eso es lo importante. A veces nos resbalamos por el hielo, pero all\u00ed estamos. Muchas veces la gente no ve eso y si no estamos comprometidos todos, no funcionamos solos\u00bb, dice Pamela Fabres, param\u00e9dico.<\/span><\/p>\n<p class=\"v1MsoNormal\" style=\"text-align: justify;\"><span lang=\"ES\">De paso la profesional hizo un llamado a la poblaci\u00f3n para hacer un buen uso del SAMU, \u00abya que a veces para ir por algo no tan grave, nos perdemos emergencias reales, as\u00ed que debemos explicar eso tambi\u00e9n\u00bb.<\/span><\/p>\n<p class=\"v1MsoNormal\" style=\"text-align: justify;\"><span lang=\"ES\">Caber recordar que el n\u00famero 131 est\u00e1 destinado a emergencias vitales, es decir, cuando una persona est\u00e1 en riesgo de muerte, aunque no son pocas las veces que concurren a situaciones de baja complejidad o inescrupulosos que usan la l\u00ednea para hacer \u00abpitanzas\u00bb, es decir, llaman solo para lanzar una broma y volver a colgar.<\/span><\/p>\n<p class=\"v1MsoNormal\" style=\"text-align: justify;\"><span lang=\"ES\">Las reuniones de coordinaci\u00f3n se hacen de forma peri\u00f3dica, con las instituciones que son parte del sistema de protecci\u00f3n civil y el conocido ABC de la emergencia.\u00a0<\/span>\u00abEn la regi\u00f3n de Ays\u00e9n tenemos un sistema integral e integrado de telecomunicaciones en sistema de radio VHF ABC, que est\u00e1 instaurado en toda la regi\u00f3n. Orgullosamente podemos decir que somos la \u00fanica regi\u00f3n del pa\u00eds que tiene esto, donde se operativiza todo el sistema ABC; Ambulancias, Bomberos y Carabineros, esto nos permite por ejemplo que, si una llamada ingresa al 133, que para mucha gente es el \u00fanico n\u00famero de emergencia, la llamada pueda ser informada a las instituciones que correspondan a trav\u00e9s de este sistema integrado\u00bb, a\u00f1ade Sidi Bravo, Director Regional de Onemi.<br \/>\nEstas reuniones se realizan regularmente en las oficinas de las instituciones involucradas y facilitan que los equipos se conozcan y vinculen, permitiendo una mejor respuesta a la comunidad.<\/p>\n<p class=\"v1MsoNormal\" style=\"text-align: justify;\"><b><span lang=\"ES\">Nuestro SAMU entrega una respuesta r\u00e1pida<\/span><\/b><\/p>\n<p class=\"v1MsoNormal\" style=\"text-align: justify;\"><span lang=\"ES\">Si bien es cierto, todo funcionario p\u00fablico se debe al Estado, a la ciudadan\u00eda, a las personas que sostienen el sistema, no es menos verdad que trabajar en un servicio que exige rapidez y eficiencia, sometido a un alto estr\u00e9s, le da un cariz distinto. Algo que reconoce el subdirector de gesti\u00f3n asistencial, Hern\u00e1n Barrientos. \u00abQuiero manifestar mi sincera gratitud por la importante labor asistencial que realizan nuestros funcionarios y funcionarias del servicio de atenci\u00f3n m\u00e9dica de urgencia SAMU, dependiente del Servicio de Salud Ays\u00e9n. Son los responsables de la atenci\u00f3n m\u00e9dica prehospitalaria en Ays\u00e9n, los que reciben los llamados al 131 y que buscan respuesta a necesidades de salud urgentes y graves, durante todo el a\u00f1o y las 24 horas del d\u00eda, con un equipo siempre alerta para dar la primera atenci\u00f3n\u00bb, destaca.<\/span><\/p>\n<p class=\"v1MsoNormal\" style=\"text-align: justify;\"><span lang=\"ES\">A pesar de las severas condiciones clim\u00e1ticas, \u00abnuestro SAMU entrega una respuesta r\u00e1pida, con personal altamente capacitado, para entregar una atenci\u00f3n segura y de calidad a nuestros pacientes y son un apoyo permanente a la red asistencial, rescatando pacientes de los lugares m\u00e1s rec\u00f3nditos de nuestra regi\u00f3n, por eso es un servicio valorado por la comunidad\u00bb, concluye el alto directivo.<\/span><\/p>\n<\/div><\/section><\/div><div  style='height:50px' class='hr hr-invisible   avia-builder-el-6  el_after_av_one_full  el_before_av_social_share '><span class='hr-inner ' ><span class='hr-inner-style'><\/span><\/span><\/div><\/p>\n<div  class='av-social-sharing-box  avia-builder-el-7  el_after_av_hr  el_before_av_hr  '><div class='av-share-box'><h5 class='av-share-link-description av-no-toc '>Compartir esta noticia<\/h5><ul class='av-share-box-list noLightbox'><li class='av-share-link av-social-link-facebook' ><a target=\"_blank\" aria-label=\"Compartir en Facebook\" href='https:\/\/www.facebook.com\/sharer.php?u=https:\/\/radiorevelacionfm.cl\/?p=19770&#038;t=SAMU%20Alerta%20las%2024%20horas%3A%20Solo%20en%20Ays%C3%A9n%2C%20el%20servicio%20de%20ambulancias%20de%20emergencia%20recibe%20un%20promedio%20de%20350%20llamadas%20mensuales%20para%20traslado%20de%20pacientes' aria-hidden='false' data-av_icon='\ue8f3' data-av_iconfont='entypo-fontello' title='' data-avia-related-tooltip='Compartir en Facebook' rel=\"noopener\"><span class='avia_hidden_link_text'>Compartir en Facebook<\/span><\/a><\/li><li class='av-share-link av-social-link-twitter' ><a target=\"_blank\" aria-label=\"Compartir en Twitter\" href='https:\/\/twitter.com\/share?text=SAMU%20Alerta%20las%2024%20horas%3A%20Solo%20en%20Ays%C3%A9n%2C%20el%20servicio%20de%20ambulancias%20de%20emergencia%20recibe%20un%20promedio%20de%20350%20llamadas%20mensuales%20para%20traslado%20de%20pacientes&#038;url=https:\/\/radiorevelacionfm.cl\/?p=19770' aria-hidden='false' data-av_icon='\ue8f1' data-av_iconfont='entypo-fontello' title='' data-avia-related-tooltip='Compartir en Twitter' rel=\"noopener\"><span class='avia_hidden_link_text'>Compartir en Twitter<\/span><\/a><\/li><li class='av-share-link av-social-link-whatsapp' ><a target=\"_blank\" aria-label=\"Compartir en Whatsapp\" href='https:\/\/api.whatsapp.com\/send?text=https:\/\/radiorevelacionfm.cl\/?p=19770' aria-hidden='false' data-av_icon='\uf232' data-av_iconfont='entypo-fontello' title='' data-avia-related-tooltip='Compartir en Whatsapp' rel=\"noopener\"><span class='avia_hidden_link_text'>Compartir en Whatsapp<\/span><\/a><\/li><li class='av-share-link av-social-link-linkedin' ><a target=\"_blank\" aria-label=\"Compartir en LinkedIn\" href='https:\/\/linkedin.com\/shareArticle?mini=true&#038;title=SAMU%20Alerta%20las%2024%20horas%3A%20Solo%20en%20Ays%C3%A9n%2C%20el%20servicio%20de%20ambulancias%20de%20emergencia%20recibe%20un%20promedio%20de%20350%20llamadas%20mensuales%20para%20traslado%20de%20pacientes&#038;url=https:\/\/radiorevelacionfm.cl\/?p=19770' aria-hidden='false' data-av_icon='\ue8fc' data-av_iconfont='entypo-fontello' title='' data-avia-related-tooltip='Compartir en LinkedIn' rel=\"noopener\"><span class='avia_hidden_link_text'>Compartir en LinkedIn<\/span><\/a><\/li><li class='av-share-link av-social-link-mail' ><a  aria-label=\"Compartir por correo\" href='mailto:?subject=SAMU%20Alerta%20las%2024%20horas%3A%20Solo%20en%20Ays%C3%A9n%2C%20el%20servicio%20de%20ambulancias%20de%20emergencia%20recibe%20un%20promedio%20de%20350%20llamadas%20mensuales%20para%20traslado%20de%20pacientes&#038;body=https:\/\/radiorevelacionfm.cl\/?p=19770' aria-hidden='false' data-av_icon='\ue805' data-av_iconfont='entypo-fontello' title='' data-avia-related-tooltip='Compartir por correo'><span class='avia_hidden_link_text'>Compartir por correo<\/span><\/a><\/li><\/ul><\/div><\/div>\n<div  style='height:50px' class='hr hr-invisible   avia-builder-el-8  el_after_av_social_share  el_before_av_comments_list '><span class='hr-inner ' ><span class='hr-inner-style'><\/span><\/span><\/div>\n<div  class='av-buildercomment  av-blog-meta-html-info-disabled av-blog-meta-tag-disabled  '><\/div>\n","protected":false},"excerpt":{"rendered":"","protected":false},"author":1,"featured_media":19771,"comment_status":"open","ping_status":"open","sticky":false,"template":"","format":"standard","meta":{"footnotes":""},"categories":[46],"tags":[],"class_list":["post-19770","post","type-post","status-publish","format-standard","has-post-thumbnail","hentry","category-salud"],"jetpack_featured_media_url":"https:\/\/radiorevelacionfm.cl\/wp-content\/uploads\/2022\/07\/SAMU-1-1-1.jpeg","_links":{"self":[{"href":"https:\/\/radiorevelacionfm.cl\/index.php?rest_route=\/wp\/v2\/posts\/19770","targetHints":{"allow":["GET"]}}],"collection":[{"href":"https:\/\/radiorevelacionfm.cl\/index.php?rest_route=\/wp\/v2\/posts"}],"about":[{"href":"https:\/\/radiorevelacionfm.cl\/index.php?rest_route=\/wp\/v2\/types\/post"}],"author":[{"embeddable":true,"href":"https:\/\/radiorevelacionfm.cl\/index.php?rest_route=\/wp\/v2\/users\/1"}],"replies":[{"embeddable":true,"href":"https:\/\/radiorevelacionfm.cl\/index.php?rest_route=%2Fwp%2Fv2%2Fcomments&post=19770"}],"version-history":[{"count":2,"href":"https:\/\/radiorevelacionfm.cl\/index.php?rest_route=\/wp\/v2\/posts\/19770\/revisions"}],"predecessor-version":[{"id":19773,"href":"https:\/\/radiorevelacionfm.cl\/index.php?rest_route=\/wp\/v2\/posts\/19770\/revisions\/19773"}],"wp:featuredmedia":[{"embeddable":true,"href":"https:\/\/radiorevelacionfm.cl\/index.php?rest_route=\/wp\/v2\/media\/19771"}],"wp:attachment":[{"href":"https:\/\/radiorevelacionfm.cl\/index.php?rest_route=%2Fwp%2Fv2%2Fmedia&parent=19770"}],"wp:term":[{"taxonomy":"category","embeddable":true,"href":"https:\/\/radiorevelacionfm.cl\/index.php?rest_route=%2Fwp%2Fv2%2Fcategories&post=19770"},{"taxonomy":"post_tag","embeddable":true,"href":"https:\/\/radiorevelacionfm.cl\/index.php?rest_route=%2Fwp%2Fv2%2Ftags&post=19770"}],"curies":[{"name":"wp","href":"https:\/\/api.w.org\/{rel}","templated":true}]}}