{"id":1977,"date":"2021-01-21T10:17:00","date_gmt":"2021-01-21T13:17:00","guid":{"rendered":"https:\/\/radiorevelacionfm.cl\/?p=1977"},"modified":"2021-01-21T10:17:00","modified_gmt":"2021-01-21T13:17:00","slug":"sernameg-y-municipalidad-de-aysen-llaman-a-postular-al-programa-mujeres-jefas-de-hogar","status":"publish","type":"post","link":"https:\/\/radiorevelacionfm.cl\/?p=1977","title":{"rendered":"SernamEG y Municipalidad de Ays\u00e9n llaman a postular al Programa Mujeres Jefas de Hogar"},"content":{"rendered":"<div class=\"flex_column av_one_full  flex_column_div av-zero-column-padding first  avia-builder-el-0  el_before_av_one_full  avia-builder-el-first  \" style='border-radius:0px; '><div  class='avia-image-container  av-styling-    avia-builder-el-1  avia-builder-el-no-sibling  avia-align-center '  itemprop=\"image\" itemscope=\"itemscope\" itemtype=\"https:\/\/schema.org\/ImageObject\"  ><div class='avia-image-container-inner'><div class='avia-image-overlay-wrap'><img decoding=\"async\" class='wp-image-0 avia-img-lazy-loading-not-0 avia_image' src=\"https:\/\/radiorevelacionfm.cl\/wp-content\/uploads\/2021\/01\/postulacion-PMJH-3-1.jpg\" alt='' title=''   itemprop=\"thumbnailUrl\"  \/><\/div><\/div><\/div><\/div><div class=\"flex_column av_one_full  flex_column_div av-zero-column-padding first  avia-builder-el-2  el_after_av_one_full  el_before_av_one_full  column-top-margin\" style='border-radius:0px; '><section class=\"av_textblock_section \"  itemscope=\"itemscope\" itemtype=\"https:\/\/schema.org\/BlogPosting\" itemprop=\"blogPost\" ><div class='avia_textblock  '   itemprop=\"text\" ><p style=\"text-align: center;\"><span style=\"font-size: 18pt;\"><strong>SernamEG y Municipalidad de Ays\u00e9n llaman a postular al Programa Mujeres Jefas de Hogar<\/strong><\/span><\/p>\n<div id=\"gtx-trans\" style=\"position: absolute; left: -50px; top: 4.31534px;\">\n<div class=\"gtx-trans-icon\"><\/div>\n<\/div>\n<\/div><\/section><\/div><div class=\"flex_column av_one_full  flex_column_div av-zero-column-padding first  avia-builder-el-4  el_after_av_one_full  el_before_av_hr  column-top-margin\" style='border-radius:0px; '><section class=\"av_textblock_section \"  itemscope=\"itemscope\" itemtype=\"https:\/\/schema.org\/BlogPosting\" itemprop=\"blogPost\" ><div class='avia_textblock  '   itemprop=\"text\" ><p style=\"font-weight: 400; text-align: justify;\">Comenz\u00f3 el proceso de postulaci\u00f3n al Programa Mujeres Jefas de Hogar (PMJH) del Servicio Nacional de la Mujer y la Equidad de G\u00e9nero, que se ejecuta v\u00eda convenio con la Municipalidad de Ays\u00e9n, el que busca promover la autonom\u00eda econ\u00f3mica de las mujeres jefas de hogar. A las participantes se les entrega un conjunto de herramientas que les permitan generar, gestionar ingresos y recursos propios a partir del trabajo remunerado, el acceso a la oferta p\u00fablica y de oportunidades de conciliaci\u00f3n trabajo remunerado, dom\u00e9stico y de cuidados.<\/p>\n<p style=\"font-weight: 400; text-align: justify;\">Su modelo de intervenci\u00f3n es integral, reconociendo las diversas brechas que las mujeres jefas de hogar enfrentan, hace \u00e9nfasis en el desarrollo y fortalecimiento de condiciones, para su empoderamiento, empleabilidad &#8211; en actividades econ\u00f3micas dependientes o independientes- y acceso a servicios que mejoran sus competencias y calidad de vida.<\/p>\n<p style=\"font-weight: 400; text-align: justify;\">El impacto de la pandemia Covid-19 en las condiciones laborales de las mujeres a nivel regional es abordado en el estudio \u201cTerm\u00f3metro Laboral Regi\u00f3n de Ays\u00e9n, Enero 2021\u201d elaborado por el Observatorio Laboral Ays\u00e9n de SENCE y la Universidad de Ays\u00e9n.<\/p>\n<p style=\"font-weight: 400; text-align: justify;\">Uno de los datos entregados fue analizado por la Directora Regional de SernamEG, Elizabeth Guti\u00e9rrez Eggers, precisando que \u201crespecto a Hombres y Mujeres Inactivos Potenciales, en contexto de pandemia, la tasa es mayor en el caso de las mujeres llegando a una tasa de 42,2% en el trimestre Septiembre \u2013 Noviembre 2020; y en hombres alcanz\u00f3 una tasa de 24,3%. Esta cifra refleja claramente que ha existido un impacto negativo y se menciona adem\u00e1s que algunas de las razones explicitadas por las mujeres encuestadas, es que se encuentran bajo esta condici\u00f3n; debido a temas familiares y de cuidado de otras personas. Frente a este panorama resulta evidente la necesidad en contar con programas como el Mujeres Jefas de Hogar que es un aporte real para apoyar a las emprendedoras, as\u00ed como a las mujeres cuando vuelvan a trabajar de forma asalariada, como tambi\u00e9n para quienes conservan sus empleos y quieran acceder a mejores trabajos\u201d.<\/p>\n<p style=\"font-weight: 400; text-align: justify;\">Desde el a\u00f1o 1993, el modelo program\u00e1tico se ejecuta en el territorio en el marco del convenio entre SernamEG y el municipio local, lo que fue resaltado por el Alcalde de Ays\u00e9n, Luis Mart\u00ednez Gallardo. La autoridad comunal tambi\u00e9n se refiri\u00f3 al compromiso de las profesionales que trabajan directamente con las participantes, el que fue puesto a prueba el a\u00f1o pasado, con la adecuaci\u00f3n de los Talleres de Formaci\u00f3n para el Trabajo del modo presencial al telem\u00e1tico; acci\u00f3n que forma parte del plan de contingencia para el manejo del Covid-19. Junto con relevar que este a\u00f1o ya existe una experiencia previa en esta materia, el Alcalde de Ays\u00e9n lanz\u00f3 un llamado a las mujeres a postular al Programa Mujeres Jefas de Hogar, \u201ccomo Municipio queremos hacer una invitaci\u00f3n para inscribirse en el programa Mujeres Jefas de Hogar que permite la capacitaci\u00f3n de mujeres entre ellos 18 y los 65 a\u00f1os de edad. Las inscripciones est\u00e1n abiertas y los talleres son entretenidos, de all\u00ed nuestro inter\u00e9s en invitarlas, porque es una buena oportunidad. Sobre todo, en los tiempos que vivimos y las esperamos para que postulen\u201d, puntualiz\u00f3.<\/p>\n<p style=\"font-weight: 400; text-align: justify;\">Parte de la oferta del Programa Mujeres Jefas de Hogar consiste en Talleres de Formaci\u00f3n para el Trabajo, en los que se entrega formaci\u00f3n socio-laboral dependiente e independiente. Su objetivo principal es desarrollar capacidades y habilidades para conseguir, mantener y\/o mejorar un empleo o actividad independiente. En la siguiente fase de la trayectoria de las participantes, cada una de ellas debe elaborar un Proyecto Laboral, que les permitir\u00e1 planificar las actividades de corto, mediano y largo plazo; necesarias para fortalecer su autonom\u00eda econ\u00f3mica<\/p>\n<p style=\"font-weight: 400; text-align: justify;\">La ejecuci\u00f3n del modelo program\u00e1tico se realizar\u00e1 de manera presencial o virtual, dependiendo de la fase en la que se encuentre la comuna de Ays\u00e9n y cumpliendo con todos los resguardos sanitarios, emanados desde el Ministerio de Salud. Si se ejecuta de manera virtual, debido a la crisis sanitaria por Covid- 19, se requiere contar con acceso a internet a trav\u00e9s de un tel\u00e9fono celular, computador o tablet, lo que permitir\u00e1 asistir a los talleres del modelo program\u00e1tico, entre otras actividades.<\/p>\n<p style=\"font-weight: 400; text-align: justify;\">Las interesadas en ser parte del programa Mujeres Jefas de Hogar en la comuna de Ays\u00e9n deben solicitar hora de entrevista para su postulaci\u00f3n a los n\u00fameros de tel\u00e9fonos +56 941580701 &#8211; +56 936259230 o al correo electr\u00f3nico\u00a0<a href=\"mailto:pmjh@puertoaysen.cl\">pmjh@puertoaysen.cl<\/a>. Otra opci\u00f3n es realizar su preinscripci\u00f3n en el banner que se ha dispuesto en la p\u00e1gina de SernamEG\u00a0<a href=\"http:\/\/www.sernameg.gob.cl\/\" data-saferedirecturl=\"https:\/\/www.google.com\/url?q=http:\/\/www.sernameg.gob.cl&amp;source=gmail&amp;ust=1611265902714000&amp;usg=AFQjCNG8wmPKVZ9q5t03YpGmrpgAgMqn-A\">www.sernameg.gob.cl<\/a>\u00a0link\u00a0<a href=\"https:\/\/app.sernam.cl\/form\/2021\/mjh\/postula\/\" data-saferedirecturl=\"https:\/\/www.google.com\/url?q=https:\/\/app.sernam.cl\/form\/2021\/mjh\/postula\/&amp;source=gmail&amp;ust=1611265902714000&amp;usg=AFQjCNHSx1E2YLxO0HtCUpNrBYB2LMn1Lw\">https:\/\/app.sernam.cl\/form\/2021\/mjh\/postula\/<\/a>\u00a0y posteriormente ser\u00e1n contactadas para su entrevista de postulaci\u00f3n. Dado el contexto de emergencia sanitaria por Covid-19, las entrevistas de postulaci\u00f3n ser\u00e1n de lunes a viernes en horario de oficina &#8211; s\u00f3lo de manera remota-; es decir, v\u00eda WhatsApp, telef\u00f3nica, videoconferencia o video llamada. Todas estas medidas se toman con el objetivo de prevenir contagios por Covid-19, para proteger la salud de toda la comunidad.<\/p>\n<\/div><\/section><\/div><div  style='height:50px' class='hr hr-invisible   avia-builder-el-6  el_after_av_one_full  el_before_av_social_share '><span class='hr-inner ' ><span class='hr-inner-style'><\/span><\/span><\/div><\/p>\n<div  class='av-social-sharing-box  avia-builder-el-7  el_after_av_hr  el_before_av_hr  '><div class='av-share-box'><h5 class='av-share-link-description av-no-toc '>Compartir esta noticia<\/h5><ul class='av-share-box-list noLightbox'><li class='av-share-link av-social-link-facebook' ><a target=\"_blank\" aria-label=\"Compartir en Facebook\" href='https:\/\/www.facebook.com\/sharer.php?u=https:\/\/radiorevelacionfm.cl\/?p=1977&#038;t=SernamEG%20y%20Municipalidad%20de%20Ays%C3%A9n%20llaman%20a%20postular%20al%20Programa%20Mujeres%20Jefas%20de%20Hogar' aria-hidden='false' data-av_icon='\ue8f3' data-av_iconfont='entypo-fontello' title='' data-avia-related-tooltip='Compartir en Facebook' rel=\"noopener\"><span class='avia_hidden_link_text'>Compartir en Facebook<\/span><\/a><\/li><li class='av-share-link av-social-link-twitter' ><a target=\"_blank\" aria-label=\"Compartir en Twitter\" href='https:\/\/twitter.com\/share?text=SernamEG%20y%20Municipalidad%20de%20Ays%C3%A9n%20llaman%20a%20postular%20al%20Programa%20Mujeres%20Jefas%20de%20Hogar&#038;url=https:\/\/radiorevelacionfm.cl\/?p=1977' aria-hidden='false' data-av_icon='\ue8f1' data-av_iconfont='entypo-fontello' title='' data-avia-related-tooltip='Compartir en Twitter' rel=\"noopener\"><span class='avia_hidden_link_text'>Compartir en Twitter<\/span><\/a><\/li><li class='av-share-link av-social-link-whatsapp' ><a target=\"_blank\" aria-label=\"Compartir en Whatsapp\" href='https:\/\/api.whatsapp.com\/send?text=https:\/\/radiorevelacionfm.cl\/?p=1977' aria-hidden='false' data-av_icon='\uf232' data-av_iconfont='entypo-fontello' title='' data-avia-related-tooltip='Compartir en Whatsapp' rel=\"noopener\"><span class='avia_hidden_link_text'>Compartir en Whatsapp<\/span><\/a><\/li><li class='av-share-link av-social-link-linkedin' ><a target=\"_blank\" aria-label=\"Compartir en LinkedIn\" href='https:\/\/linkedin.com\/shareArticle?mini=true&#038;title=SernamEG%20y%20Municipalidad%20de%20Ays%C3%A9n%20llaman%20a%20postular%20al%20Programa%20Mujeres%20Jefas%20de%20Hogar&#038;url=https:\/\/radiorevelacionfm.cl\/?p=1977' aria-hidden='false' data-av_icon='\ue8fc' data-av_iconfont='entypo-fontello' title='' data-avia-related-tooltip='Compartir en LinkedIn' rel=\"noopener\"><span class='avia_hidden_link_text'>Compartir en LinkedIn<\/span><\/a><\/li><li class='av-share-link av-social-link-mail' ><a  aria-label=\"Compartir por correo\" href='mailto:?subject=SernamEG%20y%20Municipalidad%20de%20Ays%C3%A9n%20llaman%20a%20postular%20al%20Programa%20Mujeres%20Jefas%20de%20Hogar&#038;body=https:\/\/radiorevelacionfm.cl\/?p=1977' aria-hidden='false' data-av_icon='\ue805' data-av_iconfont='entypo-fontello' title='' data-avia-related-tooltip='Compartir por correo'><span class='avia_hidden_link_text'>Compartir por correo<\/span><\/a><\/li><\/ul><\/div><\/div>\n<div  style='height:50px' class='hr hr-invisible   avia-builder-el-8  el_after_av_social_share  el_before_av_comments_list '><span class='hr-inner ' ><span class='hr-inner-style'><\/span><\/span><\/div>\n<div  class='av-buildercomment  av-blog-meta-html-info-disabled av-blog-meta-tag-disabled  '><\/div>\n","protected":false},"excerpt":{"rendered":"","protected":false},"author":1,"featured_media":0,"comment_status":"open","ping_status":"open","sticky":false,"template":"","format":"standard","meta":{"footnotes":""},"categories":[38],"tags":[],"class_list":["post-1977","post","type-post","status-publish","format-standard","hentry","category-regional"],"jetpack_featured_media_url":"","_links":{"self":[{"href":"https:\/\/radiorevelacionfm.cl\/index.php?rest_route=\/wp\/v2\/posts\/1977","targetHints":{"allow":["GET"]}}],"collection":[{"href":"https:\/\/radiorevelacionfm.cl\/index.php?rest_route=\/wp\/v2\/posts"}],"about":[{"href":"https:\/\/radiorevelacionfm.cl\/index.php?rest_route=\/wp\/v2\/types\/post"}],"author":[{"embeddable":true,"href":"https:\/\/radiorevelacionfm.cl\/index.php?rest_route=\/wp\/v2\/users\/1"}],"replies":[{"embeddable":true,"href":"https:\/\/radiorevelacionfm.cl\/index.php?rest_route=%2Fwp%2Fv2%2Fcomments&post=1977"}],"version-history":[{"count":1,"href":"https:\/\/radiorevelacionfm.cl\/index.php?rest_route=\/wp\/v2\/posts\/1977\/revisions"}],"predecessor-version":[{"id":1979,"href":"https:\/\/radiorevelacionfm.cl\/index.php?rest_route=\/wp\/v2\/posts\/1977\/revisions\/1979"}],"wp:attachment":[{"href":"https:\/\/radiorevelacionfm.cl\/index.php?rest_route=%2Fwp%2Fv2%2Fmedia&parent=1977"}],"wp:term":[{"taxonomy":"category","embeddable":true,"href":"https:\/\/radiorevelacionfm.cl\/index.php?rest_route=%2Fwp%2Fv2%2Fcategories&post=1977"},{"taxonomy":"post_tag","embeddable":true,"href":"https:\/\/radiorevelacionfm.cl\/index.php?rest_route=%2Fwp%2Fv2%2Ftags&post=1977"}],"curies":[{"name":"wp","href":"https:\/\/api.w.org\/{rel}","templated":true}]}}