{"id":19766,"date":"2022-07-29T10:18:28","date_gmt":"2022-07-29T13:18:28","guid":{"rendered":"https:\/\/radiorevelacionfm.cl\/?p=19766"},"modified":"2022-07-29T10:18:28","modified_gmt":"2022-07-29T13:18:28","slug":"seremi-de-educacion-llama-a-apoderados-a-enviar-con-confianza-a-sus-hijas-e-hijos-a-clases-durante-el-segundo-semestre","status":"publish","type":"post","link":"https:\/\/radiorevelacionfm.cl\/?p=19766","title":{"rendered":"Seremi de Educaci\u00f3n llama a apoderados a enviar con confianza a sus hijas e hijos a clases durante el segundo semestre"},"content":{"rendered":"<div class=\"flex_column av_one_full  flex_column_div av-zero-column-padding first  avia-builder-el-0  el_before_av_one_full  avia-builder-el-first  \" style='border-radius:0px; '><div  class='avia-image-container  av-styling-    avia-builder-el-1  avia-builder-el-no-sibling  avia-align-center '  itemprop=\"image\" itemscope=\"itemscope\" itemtype=\"https:\/\/schema.org\/ImageObject\"  ><div class='avia-image-container-inner'><div class='avia-image-overlay-wrap'><img decoding=\"async\" class='wp-image-19767 avia-img-lazy-loading-not-19767 avia_image' src=\"https:\/\/radiorevelacionfm.cl\/wp-content\/uploads\/2022\/07\/Seremi-Educacion-70-1.jpg\" alt='' title='Seremi Educacion (70) (1)' height=\"600\" width=\"742\"  itemprop=\"thumbnailUrl\" srcset=\"https:\/\/radiorevelacionfm.cl\/wp-content\/uploads\/2022\/07\/Seremi-Educacion-70-1.jpg 742w, https:\/\/radiorevelacionfm.cl\/wp-content\/uploads\/2022\/07\/Seremi-Educacion-70-1-300x243.jpg 300w, https:\/\/radiorevelacionfm.cl\/wp-content\/uploads\/2022\/07\/Seremi-Educacion-70-1-495x400.jpg 495w, https:\/\/radiorevelacionfm.cl\/wp-content\/uploads\/2022\/07\/Seremi-Educacion-70-1-705x570.jpg 705w, https:\/\/radiorevelacionfm.cl\/wp-content\/uploads\/2022\/07\/Seremi-Educacion-70-1-600x485.jpg 600w\" sizes=\"(max-width: 742px) 100vw, 742px\" \/><\/div><\/div><\/div><\/div><div class=\"flex_column av_one_full  flex_column_div av-zero-column-padding first  avia-builder-el-2  el_after_av_one_full  el_before_av_one_full  column-top-margin\" style='border-radius:0px; '><section class=\"av_textblock_section \"  itemscope=\"itemscope\" itemtype=\"https:\/\/schema.org\/BlogPosting\" itemprop=\"blogPost\" ><div class='avia_textblock  '   itemprop=\"text\" ><p style=\"text-align: center;\"><strong><span style=\"font-size: 18pt;\">Seremi de Educaci\u00f3n llama a apoderados a enviar con confianza a sus hijas e hijos a clases durante el segundo semestre<\/span><\/strong><\/p>\n<div id=\"gtx-trans\" style=\"position: absolute; left: -50px; top: 4.31534px;\">\n<div class=\"gtx-trans-icon\"><\/div>\n<\/div>\n<\/div><\/section><\/div><div class=\"flex_column av_one_full  flex_column_div av-zero-column-padding first  avia-builder-el-4  el_after_av_one_full  el_before_av_hr  column-top-margin\" style='border-radius:0px; '><section class=\"av_textblock_section \"  itemscope=\"itemscope\" itemtype=\"https:\/\/schema.org\/BlogPosting\" itemprop=\"blogPost\" ><div class='avia_textblock  '   itemprop=\"text\" ><p class=\"v1MsoNormal\" style=\"text-align: justify;\"><span lang=\"ES\">A d\u00edas de iniciar el segundo semestre del a\u00f1o escolar 2022 el pr\u00f3ximo lunes 01 de agosto la seremi de Educaci\u00f3n de Ays\u00e9n Isabel Garrido Casassa llam\u00f3 a las familias a enviar a sus hijos a clases porque\u00a0<\/span>la experiencia de la presencialidad es insustituible.<\/p>\n<p class=\"v1MsoNormal\" style=\"text-align: justify;\">\u201cSi nuestras hijas\u00a0 y nuestros hijos no est\u00e1n en la escuela pasando esta experiencia escolar es muy dif\u00edcil que pueda aprender y estar habilitado para entrar al siglo XXI. Es con la asistencia a clases que garantizamos el derecho a la educaci\u00f3n\u201d, afirm\u00f3 la autoridad sectorial, haciendo referencia al Plan de Promoci\u00f3n de la asistencia y permanencia escolar presentado esta semana por el Presidente de la Rep\u00fablica Gabriel Boric y el Ministro de Educaci\u00f3n Marco Antonio \u00c1vila.<\/p>\n<p class=\"v1MsoNormal\" style=\"text-align: justify;\">Dicho plan contempla acciones para el corto, mediano y largo plazo. Entre las medidas est\u00e1 la\u00a0entrega bimensual de reportes sobre ausentismo y desvinculaci\u00f3n de estudiantes a los sostenedores y equipos directivos de cada centro educativo,\u00a0para que puedan implementar acciones focalizadas; as\u00ed como tambi\u00e9n la entrega de orientaciones para el desarrollo de planes de trabajo en el segundo semestre y el acompa\u00f1amiento a las comunidades educativas a trav\u00e9s de los equipos de supervisi\u00f3n del Mineduc.<\/p>\n<p class=\"v1MsoNormal\" style=\"text-align: justify;\">Tambi\u00e9n se entregar\u00e1 apoyo a las comunidades educativas a trav\u00e9s de cursos formativos; un sistema de alerta temprana en centros de educaci\u00f3n de personas j\u00f3venes y adultas y la realizaci\u00f3n de\u00a0tutor\u00edas personalizadas para las y los estudiantes con mayor rezago. Esto \u00faltimo se realizar\u00e1 a trav\u00e9s de un convenio con universidades para que las pr\u00e1cticas profesionales de estudiantes de educaci\u00f3n se centren en estudiantes con riesgo de deserci\u00f3n o que est\u00e9n rezagados. Se espera que sean 10.000 tutores a lo largo del pa\u00eds.<\/p>\n<p class=\"v1MsoNormal\" style=\"text-align: justify;\"><b><span lang=\"ES\">Preparativos para el inicio de clases seguro<\/span><\/b><\/p>\n<p class=\"v1MsoNormal\" style=\"text-align: justify;\"><span lang=\"ES\">La Seremi de Educaci\u00f3n tambi\u00e9n formul\u00f3 un llamado a los sostenedores de establecimientos educacionales a adoptar medidas de cuidado para el retorno seguro a clases tras el periodo de vacaciones de invierno<\/span><\/p>\n<p class=\"v1MsoNormal\" style=\"text-align: justify;\"><span lang=\"ES\">\u201cTomando en cuenta que al inicio del segundo semestre del a\u00f1o escolar 2022 el pr\u00f3ximo lunes 01 de agosto a\u00fan estaremos en periodo invernal que este a\u00f1o ha sido particularmente riguroso en cuanto a las condiciones clim\u00e1ticas con nevadas intermitentes y heladas matinales, estimamos pertinente recordar a los colegios que adopten medidas preventivas. En concreto, sugerimos efectuar limpieza de ductos de humo y mantenci\u00f3n de sistema de evacuaci\u00f3n de aguas lluvia y alcantarillado; despeje de v\u00edas de acceso al establecimiento en el caso de nieve y escarcha y verificar el correcto funcionamiento de\u00a0 redes el\u00e9ctricas y sistema de calefacci\u00f3n\u201d.<\/span><\/p>\n<p class=\"v1MsoNormal\" style=\"text-align: justify;\"><span lang=\"ES\">Respecto a este \u00faltimo \u00edtem, Isabel Garrido inform\u00f3 que se ha consultado a los\u00a0 sostenedores de establecimientos que usan pellets para calefacci\u00f3n si disponen del stock suficiente. Los reportes de los sostenedores entregados a la fecha dan cuenta de que las escuelas tienen abastecimiento suficiente para iniciar el segundo semestre.<\/span><\/p>\n<p class=\"v1MsoNormal\" style=\"text-align: justify;\"><span lang=\"ES\">A lo anterior se suma la observancia permanente de los protocolos sanitarios vigentes de prevenci\u00f3n del COVD 19, ya que a\u00fan nos encontramos en medio de la pandemia.<\/span><\/p>\n<p class=\"v1MsoNormal\" style=\"text-align: justify;\"><span lang=\"ES\">La autoridad sectorial se\u00f1al\u00f3 que \u201cEstas recomendaciones buscan que todas nuestras comunidades educativas inicien el segundo semestre de clases de forma segura y evitar la ocurrencia de accidentes en los respectivos establecimientos educativos, velando as\u00ed por el bienestar de los estudiantes, profesores, asistentes de la educaci\u00f3n, y tambi\u00e9n padres y apoderados\u201d.<\/span><\/p>\n<p class=\"v1MsoNormal\" style=\"text-align: justify;\"><span lang=\"ES\">\u00a0<\/span><\/p>\n<p class=\"v1MsoNormal\" style=\"text-align: justify;\"><b><span lang=\"ES\">Programa Alimentaci\u00f3n Escolar<\/span><\/b><\/p>\n<p class=\"v1MsoNormal\" style=\"text-align: justify;\"><span lang=\"ES\">Por otra parte, se informa que JUNAEB se encuentra durante la presente\u00a0 semana supervisando en terreno\u00a0 el cumplimiento efectivo del abastecimiento de productos perecible a los colegios municipales y particulares subvencionados por parte de la empresa concesionaria Hendaya. Son 78 establecimientos educacionales municipales y particulares subvencionados\u00a0 de las 10 comunas de la regi\u00f3n los que est\u00e1n adscritos al programa de Alimentaci\u00f3n Escolar (PAE).<\/span><\/p>\n<\/div><\/section><\/div><div  style='height:50px' class='hr hr-invisible   avia-builder-el-6  el_after_av_one_full  el_before_av_social_share '><span class='hr-inner ' ><span class='hr-inner-style'><\/span><\/span><\/div><\/p>\n<div  class='av-social-sharing-box  avia-builder-el-7  el_after_av_hr  el_before_av_hr  '><div class='av-share-box'><h5 class='av-share-link-description av-no-toc '>Compartir esta noticia<\/h5><ul class='av-share-box-list noLightbox'><li class='av-share-link av-social-link-facebook' ><a target=\"_blank\" aria-label=\"Compartir en Facebook\" href='https:\/\/www.facebook.com\/sharer.php?u=https:\/\/radiorevelacionfm.cl\/?p=19766&#038;t=Seremi%20de%20Educaci%C3%B3n%20llama%20a%20apoderados%20a%20enviar%20con%20confianza%20a%20sus%20hijas%20e%20hijos%20a%20clases%20durante%20el%20segundo%20semestre' aria-hidden='false' data-av_icon='\ue8f3' data-av_iconfont='entypo-fontello' title='' data-avia-related-tooltip='Compartir en Facebook' rel=\"noopener\"><span class='avia_hidden_link_text'>Compartir en Facebook<\/span><\/a><\/li><li class='av-share-link av-social-link-twitter' ><a target=\"_blank\" aria-label=\"Compartir en Twitter\" href='https:\/\/twitter.com\/share?text=Seremi%20de%20Educaci%C3%B3n%20llama%20a%20apoderados%20a%20enviar%20con%20confianza%20a%20sus%20hijas%20e%20hijos%20a%20clases%20durante%20el%20segundo%20semestre&#038;url=https:\/\/radiorevelacionfm.cl\/?p=19766' aria-hidden='false' data-av_icon='\ue8f1' data-av_iconfont='entypo-fontello' title='' data-avia-related-tooltip='Compartir en Twitter' rel=\"noopener\"><span class='avia_hidden_link_text'>Compartir en Twitter<\/span><\/a><\/li><li class='av-share-link av-social-link-whatsapp' ><a target=\"_blank\" aria-label=\"Compartir en Whatsapp\" href='https:\/\/api.whatsapp.com\/send?text=https:\/\/radiorevelacionfm.cl\/?p=19766' aria-hidden='false' data-av_icon='\uf232' data-av_iconfont='entypo-fontello' title='' data-avia-related-tooltip='Compartir en Whatsapp' rel=\"noopener\"><span class='avia_hidden_link_text'>Compartir en Whatsapp<\/span><\/a><\/li><li class='av-share-link av-social-link-linkedin' ><a target=\"_blank\" aria-label=\"Compartir en LinkedIn\" href='https:\/\/linkedin.com\/shareArticle?mini=true&#038;title=Seremi%20de%20Educaci%C3%B3n%20llama%20a%20apoderados%20a%20enviar%20con%20confianza%20a%20sus%20hijas%20e%20hijos%20a%20clases%20durante%20el%20segundo%20semestre&#038;url=https:\/\/radiorevelacionfm.cl\/?p=19766' aria-hidden='false' data-av_icon='\ue8fc' data-av_iconfont='entypo-fontello' title='' data-avia-related-tooltip='Compartir en LinkedIn' rel=\"noopener\"><span class='avia_hidden_link_text'>Compartir en LinkedIn<\/span><\/a><\/li><li class='av-share-link av-social-link-mail' ><a  aria-label=\"Compartir por correo\" href='mailto:?subject=Seremi%20de%20Educaci%C3%B3n%20llama%20a%20apoderados%20a%20enviar%20con%20confianza%20a%20sus%20hijas%20e%20hijos%20a%20clases%20durante%20el%20segundo%20semestre&#038;body=https:\/\/radiorevelacionfm.cl\/?p=19766' aria-hidden='false' data-av_icon='\ue805' data-av_iconfont='entypo-fontello' title='' data-avia-related-tooltip='Compartir por correo'><span class='avia_hidden_link_text'>Compartir por correo<\/span><\/a><\/li><\/ul><\/div><\/div>\n<div  style='height:50px' class='hr hr-invisible   avia-builder-el-8  el_after_av_social_share  el_before_av_comments_list '><span class='hr-inner ' ><span class='hr-inner-style'><\/span><\/span><\/div>\n<div  class='av-buildercomment  av-blog-meta-html-info-disabled av-blog-meta-tag-disabled  '><\/div>\n","protected":false},"excerpt":{"rendered":"","protected":false},"author":1,"featured_media":19767,"comment_status":"open","ping_status":"open","sticky":false,"template":"","format":"standard","meta":{"footnotes":""},"categories":[49],"tags":[],"class_list":["post-19766","post","type-post","status-publish","format-standard","has-post-thumbnail","hentry","category-educacion"],"jetpack_featured_media_url":"https:\/\/radiorevelacionfm.cl\/wp-content\/uploads\/2022\/07\/Seremi-Educacion-70-1.jpg","_links":{"self":[{"href":"https:\/\/radiorevelacionfm.cl\/index.php?rest_route=\/wp\/v2\/posts\/19766","targetHints":{"allow":["GET"]}}],"collection":[{"href":"https:\/\/radiorevelacionfm.cl\/index.php?rest_route=\/wp\/v2\/posts"}],"about":[{"href":"https:\/\/radiorevelacionfm.cl\/index.php?rest_route=\/wp\/v2\/types\/post"}],"author":[{"embeddable":true,"href":"https:\/\/radiorevelacionfm.cl\/index.php?rest_route=\/wp\/v2\/users\/1"}],"replies":[{"embeddable":true,"href":"https:\/\/radiorevelacionfm.cl\/index.php?rest_route=%2Fwp%2Fv2%2Fcomments&post=19766"}],"version-history":[{"count":2,"href":"https:\/\/radiorevelacionfm.cl\/index.php?rest_route=\/wp\/v2\/posts\/19766\/revisions"}],"predecessor-version":[{"id":19789,"href":"https:\/\/radiorevelacionfm.cl\/index.php?rest_route=\/wp\/v2\/posts\/19766\/revisions\/19789"}],"wp:featuredmedia":[{"embeddable":true,"href":"https:\/\/radiorevelacionfm.cl\/index.php?rest_route=\/wp\/v2\/media\/19767"}],"wp:attachment":[{"href":"https:\/\/radiorevelacionfm.cl\/index.php?rest_route=%2Fwp%2Fv2%2Fmedia&parent=19766"}],"wp:term":[{"taxonomy":"category","embeddable":true,"href":"https:\/\/radiorevelacionfm.cl\/index.php?rest_route=%2Fwp%2Fv2%2Fcategories&post=19766"},{"taxonomy":"post_tag","embeddable":true,"href":"https:\/\/radiorevelacionfm.cl\/index.php?rest_route=%2Fwp%2Fv2%2Ftags&post=19766"}],"curies":[{"name":"wp","href":"https:\/\/api.w.org\/{rel}","templated":true}]}}