{"id":19763,"date":"2022-07-28T16:42:02","date_gmt":"2022-07-28T19:42:02","guid":{"rendered":"https:\/\/radiorevelacionfm.cl\/?p=19763"},"modified":"2022-07-28T16:42:02","modified_gmt":"2022-07-28T19:42:02","slug":"escuela-de-invierno-de-la-uaysen-se-desplegara-por-primera-vez-a-otros-territorios","status":"publish","type":"post","link":"https:\/\/radiorevelacionfm.cl\/?p=19763","title":{"rendered":"Escuela de Invierno de la UAys\u00e9n se desplegar\u00e1 por primera vez a otros territorios"},"content":{"rendered":"<div class=\"flex_column av_one_full  flex_column_div av-zero-column-padding first  avia-builder-el-0  el_before_av_one_full  avia-builder-el-first  \" style='border-radius:0px; '><div  class='avia-image-container  av-styling-    avia-builder-el-1  avia-builder-el-no-sibling  avia-align-center '  itemprop=\"image\" itemscope=\"itemscope\" itemtype=\"https:\/\/schema.org\/ImageObject\"  ><div class='avia-image-container-inner'><div class='avia-image-overlay-wrap'><img decoding=\"async\" class='wp-image-19764 avia-img-lazy-loading-not-19764 avia_image' src=\"https:\/\/radiorevelacionfm.cl\/wp-content\/uploads\/2022\/07\/Rectora-lanzamiento-1-1.jpeg\" alt='' title='Rectora lanzamiento (1) (1)' height=\"600\" width=\"1068\"  itemprop=\"thumbnailUrl\" srcset=\"https:\/\/radiorevelacionfm.cl\/wp-content\/uploads\/2022\/07\/Rectora-lanzamiento-1-1.jpeg 1068w, https:\/\/radiorevelacionfm.cl\/wp-content\/uploads\/2022\/07\/Rectora-lanzamiento-1-1-300x169.jpeg 300w, https:\/\/radiorevelacionfm.cl\/wp-content\/uploads\/2022\/07\/Rectora-lanzamiento-1-1-1030x579.jpeg 1030w, https:\/\/radiorevelacionfm.cl\/wp-content\/uploads\/2022\/07\/Rectora-lanzamiento-1-1-768x431.jpeg 768w, https:\/\/radiorevelacionfm.cl\/wp-content\/uploads\/2022\/07\/Rectora-lanzamiento-1-1-705x396.jpeg 705w, https:\/\/radiorevelacionfm.cl\/wp-content\/uploads\/2022\/07\/Rectora-lanzamiento-1-1-600x337.jpeg 600w\" sizes=\"(max-width: 1068px) 100vw, 1068px\" \/><\/div><\/div><\/div><\/div><div class=\"flex_column av_one_full  flex_column_div av-zero-column-padding first  avia-builder-el-2  el_after_av_one_full  el_before_av_one_full  column-top-margin\" style='border-radius:0px; '><section class=\"av_textblock_section \"  itemscope=\"itemscope\" itemtype=\"https:\/\/schema.org\/BlogPosting\" itemprop=\"blogPost\" ><div class='avia_textblock  '   itemprop=\"text\" ><p style=\"text-align: center;\"><strong><span style=\"font-size: 18pt;\">Escuela de Invierno de la UAys\u00e9n se desplegar\u00e1 por primera vez a otros territorios<\/span><\/strong><\/p>\n<div id=\"gtx-trans\" style=\"position: absolute; left: -50px; top: 4.31534px;\">\n<div class=\"gtx-trans-icon\"><\/div>\n<\/div>\n<\/div><\/section><\/div><div class=\"flex_column av_one_full  flex_column_div av-zero-column-padding first  avia-builder-el-4  el_after_av_one_full  el_before_av_hr  column-top-margin\" style='border-radius:0px; '><section class=\"av_textblock_section \"  itemscope=\"itemscope\" itemtype=\"https:\/\/schema.org\/BlogPosting\" itemprop=\"blogPost\" ><div class='avia_textblock  '   itemprop=\"text\" ><p style=\"text-align: justify;\">En una conferencia de prensa\u00a0 la rectora de la Universidad de Ays\u00e9n, Natacha Pino Acu\u00f1a, y el Director (s) de Vinculaci\u00f3n con el Medio (VcM), Mario Saldivia \u00c1lvarez, presentaron la 7\u00aa versi\u00f3n de la Escuela de Invierno que la casa de estudios regional viene desarrollando desde 2017 .<\/p>\n<p style=\"text-align: justify;\">Las autoridades resaltaron el despliegue territorial que por primera vez realizar\u00e1n los y las profesionales y acad\u00e9micos a las localidades de La Junta, Melinka y Cochrane donde sostendr\u00e1n encuentros con las comunidades educativas, gremiales y sociales de cada lugar del 2 al 4 de agosto.<\/p>\n<p style=\"text-align: justify;\">La rectora, quien actualmente,\u00a0 es la \u00a0vicepresidenta de la Agrupaci\u00f3n de Universidades Regionales de Chile (AUR)\u00a0 tambi\u00e9n subray\u00f3 que en Coyhaique \u201cparte del cuerpo docente y cient\u00edficos invitados del Centro para el Desarrollo de la\u00a0 Nanociencia y la Nanotecnolog\u00eda (CEDENNA) visitar\u00e1n los\u00a0 liceos Juan Pablo II, Altos del Mackay, Josefina Aguirre, Profesor Ricardo Navarrete y Diego Portales para traspasar los conocimientos directamente a los estudiantes de 3\u00ba y 4\u00ba Medio de los establecimientos educacionales y habr\u00e1 un nutrido programa de actividades abierto a la comunidad del 8 al 12 de agosto\u201d.<\/p>\n<p style=\"text-align: justify;\">En esta l\u00ednea, durante el encuentro con la prensa local realizado en el Campus Lillo 2,\u00a0 el director subrogante de VcM agreg\u00f3 que el programa y las \u00a0inscripciones est\u00e1n disponibles en el sitio\u00a0<a href=\"http:\/\/www.escuaelasuaysen.cl\/\">www.escuaelasuaysen.cl<\/a> y comparti\u00f3 \u00a0algunos detalles. \u201cEl mi\u00e9rcoles 10 organizamos\u00a0 un seminario que abordar\u00e1 la tem\u00e1tica Espectro Autista liderado por\u00a0 Macarena Krefft y ese mismo d\u00eda cerraremos con un conversatorio al que asistir\u00e1n los ex constituyentes de la regi\u00f3n\u00a0 para debatir acerca de los derechos sociales contenidos en el texto que ser\u00e1 plebiscitado el 4 de septiembre. \u201d<\/p>\n<p style=\"text-align: justify;\">El tambi\u00e9n director de Extensi\u00f3n Cultural de la universidad estatal invit\u00f3 a las y los estudiantes de Coyhaique a la \u00a0feria escolar que se desarrollar\u00e1 en el patio techado del Campus Lillo 1 y al lanzamiento de un libro y \u00a0charla referida a\u00a0 la violencia hacia mujeres y disidencias sexuales el jueves 11 y a un concierto de clausura que contar\u00e1 con la participaci\u00f3n del nuevo director del Cuarteto de cuerdas, H\u00e9ctor M\u00e9ndez, y el coro de la UAys\u00e9n dirigido por Elena Villarroel el viernes 12.<\/p>\n<\/div><\/section><\/div><div  style='height:50px' class='hr hr-invisible   avia-builder-el-6  el_after_av_one_full  el_before_av_social_share '><span class='hr-inner ' ><span class='hr-inner-style'><\/span><\/span><\/div><\/p>\n<div  class='av-social-sharing-box  avia-builder-el-7  el_after_av_hr  el_before_av_hr  '><div class='av-share-box'><h5 class='av-share-link-description av-no-toc '>Compartir esta noticia<\/h5><ul class='av-share-box-list noLightbox'><li class='av-share-link av-social-link-facebook' ><a target=\"_blank\" aria-label=\"Compartir en Facebook\" href='https:\/\/www.facebook.com\/sharer.php?u=https:\/\/radiorevelacionfm.cl\/?p=19763&#038;t=Escuela%20de%20Invierno%20de%20la%20UAys%C3%A9n%20se%20desplegar%C3%A1%20por%20primera%20vez%20a%20otros%20territorios' aria-hidden='false' data-av_icon='\ue8f3' data-av_iconfont='entypo-fontello' title='' data-avia-related-tooltip='Compartir en Facebook' rel=\"noopener\"><span class='avia_hidden_link_text'>Compartir en Facebook<\/span><\/a><\/li><li class='av-share-link av-social-link-twitter' ><a target=\"_blank\" aria-label=\"Compartir en Twitter\" href='https:\/\/twitter.com\/share?text=Escuela%20de%20Invierno%20de%20la%20UAys%C3%A9n%20se%20desplegar%C3%A1%20por%20primera%20vez%20a%20otros%20territorios&#038;url=https:\/\/radiorevelacionfm.cl\/?p=19763' aria-hidden='false' data-av_icon='\ue8f1' data-av_iconfont='entypo-fontello' title='' data-avia-related-tooltip='Compartir en Twitter' rel=\"noopener\"><span class='avia_hidden_link_text'>Compartir en Twitter<\/span><\/a><\/li><li class='av-share-link av-social-link-whatsapp' ><a target=\"_blank\" aria-label=\"Compartir en Whatsapp\" href='https:\/\/api.whatsapp.com\/send?text=https:\/\/radiorevelacionfm.cl\/?p=19763' aria-hidden='false' data-av_icon='\uf232' data-av_iconfont='entypo-fontello' title='' data-avia-related-tooltip='Compartir en Whatsapp' rel=\"noopener\"><span class='avia_hidden_link_text'>Compartir en Whatsapp<\/span><\/a><\/li><li class='av-share-link av-social-link-linkedin' ><a target=\"_blank\" aria-label=\"Compartir en LinkedIn\" href='https:\/\/linkedin.com\/shareArticle?mini=true&#038;title=Escuela%20de%20Invierno%20de%20la%20UAys%C3%A9n%20se%20desplegar%C3%A1%20por%20primera%20vez%20a%20otros%20territorios&#038;url=https:\/\/radiorevelacionfm.cl\/?p=19763' aria-hidden='false' data-av_icon='\ue8fc' data-av_iconfont='entypo-fontello' title='' data-avia-related-tooltip='Compartir en LinkedIn' rel=\"noopener\"><span class='avia_hidden_link_text'>Compartir en LinkedIn<\/span><\/a><\/li><li class='av-share-link av-social-link-mail' ><a  aria-label=\"Compartir por correo\" href='mailto:?subject=Escuela%20de%20Invierno%20de%20la%20UAys%C3%A9n%20se%20desplegar%C3%A1%20por%20primera%20vez%20a%20otros%20territorios&#038;body=https:\/\/radiorevelacionfm.cl\/?p=19763' aria-hidden='false' data-av_icon='\ue805' data-av_iconfont='entypo-fontello' title='' data-avia-related-tooltip='Compartir por correo'><span class='avia_hidden_link_text'>Compartir por correo<\/span><\/a><\/li><\/ul><\/div><\/div>\n<div  style='height:50px' class='hr hr-invisible   avia-builder-el-8  el_after_av_social_share  el_before_av_comments_list '><span class='hr-inner ' ><span class='hr-inner-style'><\/span><\/span><\/div>\n<div  class='av-buildercomment  av-blog-meta-html-info-disabled av-blog-meta-tag-disabled  '><\/div>\n","protected":false},"excerpt":{"rendered":"","protected":false},"author":1,"featured_media":19764,"comment_status":"open","ping_status":"open","sticky":false,"template":"","format":"standard","meta":{"footnotes":""},"categories":[49],"tags":[],"class_list":["post-19763","post","type-post","status-publish","format-standard","has-post-thumbnail","hentry","category-educacion"],"jetpack_featured_media_url":"https:\/\/radiorevelacionfm.cl\/wp-content\/uploads\/2022\/07\/Rectora-lanzamiento-1-1.jpeg","_links":{"self":[{"href":"https:\/\/radiorevelacionfm.cl\/index.php?rest_route=\/wp\/v2\/posts\/19763","targetHints":{"allow":["GET"]}}],"collection":[{"href":"https:\/\/radiorevelacionfm.cl\/index.php?rest_route=\/wp\/v2\/posts"}],"about":[{"href":"https:\/\/radiorevelacionfm.cl\/index.php?rest_route=\/wp\/v2\/types\/post"}],"author":[{"embeddable":true,"href":"https:\/\/radiorevelacionfm.cl\/index.php?rest_route=\/wp\/v2\/users\/1"}],"replies":[{"embeddable":true,"href":"https:\/\/radiorevelacionfm.cl\/index.php?rest_route=%2Fwp%2Fv2%2Fcomments&post=19763"}],"version-history":[{"count":2,"href":"https:\/\/radiorevelacionfm.cl\/index.php?rest_route=\/wp\/v2\/posts\/19763\/revisions"}],"predecessor-version":[{"id":19769,"href":"https:\/\/radiorevelacionfm.cl\/index.php?rest_route=\/wp\/v2\/posts\/19763\/revisions\/19769"}],"wp:featuredmedia":[{"embeddable":true,"href":"https:\/\/radiorevelacionfm.cl\/index.php?rest_route=\/wp\/v2\/media\/19764"}],"wp:attachment":[{"href":"https:\/\/radiorevelacionfm.cl\/index.php?rest_route=%2Fwp%2Fv2%2Fmedia&parent=19763"}],"wp:term":[{"taxonomy":"category","embeddable":true,"href":"https:\/\/radiorevelacionfm.cl\/index.php?rest_route=%2Fwp%2Fv2%2Fcategories&post=19763"},{"taxonomy":"post_tag","embeddable":true,"href":"https:\/\/radiorevelacionfm.cl\/index.php?rest_route=%2Fwp%2Fv2%2Ftags&post=19763"}],"curies":[{"name":"wp","href":"https:\/\/api.w.org\/{rel}","templated":true}]}}