{"id":19759,"date":"2022-07-28T13:49:09","date_gmt":"2022-07-28T16:49:09","guid":{"rendered":"https:\/\/radiorevelacionfm.cl\/?p=19759"},"modified":"2022-07-28T13:49:09","modified_gmt":"2022-07-28T16:49:09","slug":"cecrea-coyhaique-potencia-el-trabajo-colaborativo-y-beneficia-a-mas-de-300-ninos-ninas-y-jovenes-de-la-region-de-aysen","status":"publish","type":"post","link":"https:\/\/radiorevelacionfm.cl\/?p=19759","title":{"rendered":"Cecrea Coyhaique potencia el trabajo colaborativo y beneficia a m\u00e1s de 300 ni\u00f1os, ni\u00f1as y j\u00f3venes de la Regi\u00f3n de Ays\u00e9n"},"content":{"rendered":"<div class=\"flex_column av_one_full  flex_column_div av-zero-column-padding first  avia-builder-el-0  el_before_av_one_full  avia-builder-el-first  \" style='border-radius:0px; '><div  class='avia-image-container  av-styling-    avia-builder-el-1  avia-builder-el-no-sibling  avia-align-center '  itemprop=\"image\" itemscope=\"itemscope\" itemtype=\"https:\/\/schema.org\/ImageObject\"  ><div class='avia-image-container-inner'><div class='avia-image-overlay-wrap'><img decoding=\"async\" class='wp-image-19760 avia-img-lazy-loading-not-19760 avia_image' src=\"https:\/\/radiorevelacionfm.cl\/wp-content\/uploads\/2022\/07\/cecrea-2-1-1.jpg\" alt='' title='cecrea 2 (1) (1)' height=\"600\" width=\"800\"  itemprop=\"thumbnailUrl\" srcset=\"https:\/\/radiorevelacionfm.cl\/wp-content\/uploads\/2022\/07\/cecrea-2-1-1.jpg 800w, https:\/\/radiorevelacionfm.cl\/wp-content\/uploads\/2022\/07\/cecrea-2-1-1-300x225.jpg 300w, https:\/\/radiorevelacionfm.cl\/wp-content\/uploads\/2022\/07\/cecrea-2-1-1-768x576.jpg 768w, https:\/\/radiorevelacionfm.cl\/wp-content\/uploads\/2022\/07\/cecrea-2-1-1-705x529.jpg 705w, https:\/\/radiorevelacionfm.cl\/wp-content\/uploads\/2022\/07\/cecrea-2-1-1-600x450.jpg 600w\" sizes=\"(max-width: 800px) 100vw, 800px\" \/><\/div><\/div><\/div><\/div><div class=\"flex_column av_one_full  flex_column_div av-zero-column-padding first  avia-builder-el-2  el_after_av_one_full  el_before_av_one_full  column-top-margin\" style='border-radius:0px; '><section class=\"av_textblock_section \"  itemscope=\"itemscope\" itemtype=\"https:\/\/schema.org\/BlogPosting\" itemprop=\"blogPost\" ><div class='avia_textblock  '   itemprop=\"text\" ><p style=\"text-align: center;\"><span style=\"font-size: 18pt;\"><b>Cecrea Coyhaique potencia el trabajo colaborativo y beneficia a m\u00e1s de 300 ni\u00f1os, ni\u00f1as y j\u00f3venes de la Regi\u00f3n de Ays\u00e9n<\/b><\/span><\/p>\n<div id=\"gtx-trans\" style=\"position: absolute; left: -50px; top: 4.31534px;\">\n<div class=\"gtx-trans-icon\"><\/div>\n<\/div>\n<\/div><\/section><\/div><div class=\"flex_column av_one_full  flex_column_div av-zero-column-padding first  avia-builder-el-4  el_after_av_one_full  el_before_av_hr  column-top-margin\" style='border-radius:0px; '><section class=\"av_textblock_section \"  itemscope=\"itemscope\" itemtype=\"https:\/\/schema.org\/BlogPosting\" itemprop=\"blogPost\" ><div class='avia_textblock  '   itemprop=\"text\" ><p class=\"v1p5\" style=\"text-align: justify;\">Un notable aumento de cobertura ha vivido Cecrea Coyhaique tras la crisis pand\u00e9mica que oblig\u00f3 a disminuir y digitalizar las actividades que desarrolla el servicio del Ministerio de las Culturas, las Artes y el Patrimonio en Coyhaique.<\/p>\n<p class=\"v1p5\" style=\"text-align: justify;\">A la fecha, en 2022 regresaron los laboratorios creativos presenciales de Ciencias, Artes y Tecnolog\u00eda; las Escuchas Creativas y retom\u00f3 sus funciones el Consejo Cecrea, en el que ni\u00f1os, ni\u00f1as y adolescentes de Coyhaique comparten, se escuchan y proponen proyectos colaborativos de acuerdo a sus intereses y experiencias. Adem\u00e1s, Cecrea Coyhaique a regresado a los establecimientos educacionales y organismos p\u00fablicos, como la Biblioteca Regional y el Museo Regional de Ays\u00e9n, retomando un trabajo colaborativo con instituciones.<\/p>\n<p class=\"v1p5\" style=\"text-align: justify;\">300 ni\u00f1os, ni\u00f1as y adolescentes han participado en las experiencias Cecrea y se ha establecido un v\u00ednculo program\u00e1tico con el Liceo Josefina Aguirre Montenegro, el Liceo Francisco Javier Buti\u00f1a y la Escuela Diferencial Espa\u00f1a, hacia donde se han desplazado los laboratorios creativos para trabajar directamente en las aulas.<\/p>\n<p class=\"v1p5\" style=\"text-align: justify;\">\u00abVenimos saliendo de un periodo dif\u00edcil en que la presencialidad se vio fuertemente afectada, pero este 2022 hemos retomado nuestro trabajo en contacto directo con ni\u00f1os, ni\u00f1as y adolescentes de Coyhaique y estamos potenciando la colaboraci\u00f3n con organismos p\u00fablicos que trabajan directamente vinculados a este grupo espec\u00edfico. Nuestras actividades con los establecimientos educacionales consideran siempre un recorrido por la muestra permanente del Museo Regional de Ays\u00e9n que funciona como \u00faltima sesi\u00f3n de cada laboratorio. Los y las participantes y sus familias agradecen mucho estas instancias\u00bb, cuenta Juanita Mardones, coordinadora de Cecrea Coyhaique.<\/p>\n<p class=\"v1p5\" style=\"text-align: justify;\">Cecrea Coyhaique tambi\u00e9n ha instalado un intenso trabajo con las comunidades y juntas de vecinos de la ciudad. Desde fines del 2021 ha realizado laboratorios creativos y de convergencia en las sedes vecinales Achen, Villa Patagonia, El Bosque y Valle del Sol, favoreciendo a ni\u00f1os, ni\u00f1as y j\u00f3venes que habitan en los sectores altos de la ciudad y cuyo acceso a nuestra programaci\u00f3n de convocatoria abierta se ve dificultado. Esto se enmarca en el Plan Nacional de Barrios Prioritarios.<\/p>\n<p class=\"v1p5\" style=\"text-align: justify;\">Juanita Mardones cree necesario destacar \u00abactividades que desarrollamos en permanente vinculaci\u00f3n con la Biblioteca Regional de Coyhaique, que nos ha facilitado sus espacios para nuestras escuchas creativas, laboratorios y diversas actividades que promueven la participaci\u00f3n infantil en la ciudad. Celebramos con ellos el D\u00eda del Libro y estuvimos con estudiantes de Caleta Andrade que han participado en el Concurso Cuentos de Invierno de la Seremi de Culturas Ays\u00e9n. Tambi\u00e9n sostuvimos un encuentro de estudiantes de la Escuela Diferencial Espa\u00f1a con el escritor y Premio Nacional de Literatura, Elicura Chihuailaf\u00bb.<\/p>\n<p class=\"v1p5\" style=\"text-align: justify;\">Cecrea Coyhaique trabaja tambi\u00e9n vinculado con la Defensor\u00eda de la Ni\u00f1ez, instituci\u00f3n con la cual se ha levantado un proceso formativo en enfoque de derechos, cuyo hito fue una Escucha Creativa en que participaron ni\u00f1as, ni\u00f1os y j\u00f3venes que han sido vulnerados en sus derechos.<\/p>\n<p class=\"v1p5\" style=\"text-align: justify;\">Finalmente, Juanita Mardones lanza una invitaci\u00f3n: \u00abQueremos invitar afectuosamente a todos los ni\u00f1os, ni\u00f1as y j\u00f3venes de las comunidades educativas de Coyhaique y sus alrededores a que se informen y participen en nuestras actividades, pues tendremos una nutrida programaci\u00f3n para este segundo semestre\u00bb.<\/p>\n<p class=\"v1p5\" style=\"text-align: justify;\">M\u00e1s informaci\u00f3n en las redes sociales de Cecrea Coyhaique y la Seremi de Culturas Ays\u00e9n.<\/p>\n<\/div><\/section><\/div><div  style='height:50px' class='hr hr-invisible   avia-builder-el-6  el_after_av_one_full  el_before_av_social_share '><span class='hr-inner ' ><span class='hr-inner-style'><\/span><\/span><\/div><\/p>\n<div  class='av-social-sharing-box  avia-builder-el-7  el_after_av_hr  el_before_av_hr  '><div class='av-share-box'><h5 class='av-share-link-description av-no-toc '>Compartir esta noticia<\/h5><ul class='av-share-box-list noLightbox'><li class='av-share-link av-social-link-facebook' ><a target=\"_blank\" aria-label=\"Compartir en Facebook\" href='https:\/\/www.facebook.com\/sharer.php?u=https:\/\/radiorevelacionfm.cl\/?p=19759&#038;t=Cecrea%20Coyhaique%20potencia%20el%20trabajo%20colaborativo%20y%20beneficia%20a%20m%C3%A1s%20de%20300%20ni%C3%B1os%2C%20ni%C3%B1as%20y%20j%C3%B3venes%20de%20la%20Regi%C3%B3n%20de%20Ays%C3%A9n' aria-hidden='false' data-av_icon='\ue8f3' data-av_iconfont='entypo-fontello' title='' data-avia-related-tooltip='Compartir en Facebook' rel=\"noopener\"><span class='avia_hidden_link_text'>Compartir en Facebook<\/span><\/a><\/li><li class='av-share-link av-social-link-twitter' ><a target=\"_blank\" aria-label=\"Compartir en Twitter\" href='https:\/\/twitter.com\/share?text=Cecrea%20Coyhaique%20potencia%20el%20trabajo%20colaborativo%20y%20beneficia%20a%20m%C3%A1s%20de%20300%20ni%C3%B1os%2C%20ni%C3%B1as%20y%20j%C3%B3venes%20de%20la%20Regi%C3%B3n%20de%20Ays%C3%A9n&#038;url=https:\/\/radiorevelacionfm.cl\/?p=19759' aria-hidden='false' data-av_icon='\ue8f1' data-av_iconfont='entypo-fontello' title='' data-avia-related-tooltip='Compartir en Twitter' rel=\"noopener\"><span class='avia_hidden_link_text'>Compartir en Twitter<\/span><\/a><\/li><li class='av-share-link av-social-link-whatsapp' ><a target=\"_blank\" aria-label=\"Compartir en Whatsapp\" href='https:\/\/api.whatsapp.com\/send?text=https:\/\/radiorevelacionfm.cl\/?p=19759' aria-hidden='false' data-av_icon='\uf232' data-av_iconfont='entypo-fontello' title='' data-avia-related-tooltip='Compartir en Whatsapp' rel=\"noopener\"><span class='avia_hidden_link_text'>Compartir en Whatsapp<\/span><\/a><\/li><li class='av-share-link av-social-link-linkedin' ><a target=\"_blank\" aria-label=\"Compartir en LinkedIn\" href='https:\/\/linkedin.com\/shareArticle?mini=true&#038;title=Cecrea%20Coyhaique%20potencia%20el%20trabajo%20colaborativo%20y%20beneficia%20a%20m%C3%A1s%20de%20300%20ni%C3%B1os%2C%20ni%C3%B1as%20y%20j%C3%B3venes%20de%20la%20Regi%C3%B3n%20de%20Ays%C3%A9n&#038;url=https:\/\/radiorevelacionfm.cl\/?p=19759' aria-hidden='false' data-av_icon='\ue8fc' data-av_iconfont='entypo-fontello' title='' data-avia-related-tooltip='Compartir en LinkedIn' rel=\"noopener\"><span class='avia_hidden_link_text'>Compartir en LinkedIn<\/span><\/a><\/li><li class='av-share-link av-social-link-mail' ><a  aria-label=\"Compartir por correo\" href='mailto:?subject=Cecrea%20Coyhaique%20potencia%20el%20trabajo%20colaborativo%20y%20beneficia%20a%20m%C3%A1s%20de%20300%20ni%C3%B1os%2C%20ni%C3%B1as%20y%20j%C3%B3venes%20de%20la%20Regi%C3%B3n%20de%20Ays%C3%A9n&#038;body=https:\/\/radiorevelacionfm.cl\/?p=19759' aria-hidden='false' data-av_icon='\ue805' data-av_iconfont='entypo-fontello' title='' data-avia-related-tooltip='Compartir por correo'><span class='avia_hidden_link_text'>Compartir por correo<\/span><\/a><\/li><\/ul><\/div><\/div>\n<div  style='height:50px' class='hr hr-invisible   avia-builder-el-8  el_after_av_social_share  el_before_av_comments_list '><span class='hr-inner ' ><span class='hr-inner-style'><\/span><\/span><\/div>\n<div  class='av-buildercomment  av-blog-meta-html-info-disabled av-blog-meta-tag-disabled  '><\/div>\n","protected":false},"excerpt":{"rendered":"","protected":false},"author":1,"featured_media":19760,"comment_status":"open","ping_status":"open","sticky":false,"template":"","format":"standard","meta":{"footnotes":""},"categories":[52],"tags":[],"class_list":["post-19759","post","type-post","status-publish","format-standard","has-post-thumbnail","hentry","category-cultura"],"jetpack_featured_media_url":"https:\/\/radiorevelacionfm.cl\/wp-content\/uploads\/2022\/07\/cecrea-2-1-1.jpg","_links":{"self":[{"href":"https:\/\/radiorevelacionfm.cl\/index.php?rest_route=\/wp\/v2\/posts\/19759","targetHints":{"allow":["GET"]}}],"collection":[{"href":"https:\/\/radiorevelacionfm.cl\/index.php?rest_route=\/wp\/v2\/posts"}],"about":[{"href":"https:\/\/radiorevelacionfm.cl\/index.php?rest_route=\/wp\/v2\/types\/post"}],"author":[{"embeddable":true,"href":"https:\/\/radiorevelacionfm.cl\/index.php?rest_route=\/wp\/v2\/users\/1"}],"replies":[{"embeddable":true,"href":"https:\/\/radiorevelacionfm.cl\/index.php?rest_route=%2Fwp%2Fv2%2Fcomments&post=19759"}],"version-history":[{"count":2,"href":"https:\/\/radiorevelacionfm.cl\/index.php?rest_route=\/wp\/v2\/posts\/19759\/revisions"}],"predecessor-version":[{"id":19762,"href":"https:\/\/radiorevelacionfm.cl\/index.php?rest_route=\/wp\/v2\/posts\/19759\/revisions\/19762"}],"wp:featuredmedia":[{"embeddable":true,"href":"https:\/\/radiorevelacionfm.cl\/index.php?rest_route=\/wp\/v2\/media\/19760"}],"wp:attachment":[{"href":"https:\/\/radiorevelacionfm.cl\/index.php?rest_route=%2Fwp%2Fv2%2Fmedia&parent=19759"}],"wp:term":[{"taxonomy":"category","embeddable":true,"href":"https:\/\/radiorevelacionfm.cl\/index.php?rest_route=%2Fwp%2Fv2%2Fcategories&post=19759"},{"taxonomy":"post_tag","embeddable":true,"href":"https:\/\/radiorevelacionfm.cl\/index.php?rest_route=%2Fwp%2Fv2%2Ftags&post=19759"}],"curies":[{"name":"wp","href":"https:\/\/api.w.org\/{rel}","templated":true}]}}