{"id":19755,"date":"2022-07-28T11:43:25","date_gmt":"2022-07-28T14:43:25","guid":{"rendered":"https:\/\/radiorevelacionfm.cl\/?p=19755"},"modified":"2022-07-28T11:43:25","modified_gmt":"2022-07-28T14:43:25","slug":"copago-cero-para-los-tramos-c-y-d-de-fonasa-conoce-en-que-consiste-el-anuncio-del-gobierno","status":"publish","type":"post","link":"https:\/\/radiorevelacionfm.cl\/?p=19755","title":{"rendered":"Copago cero para los tramos C y D de Fonasa: conoce en qu\u00e9 consiste el anuncio del Gobierno"},"content":{"rendered":"<div class=\"flex_column av_one_full  flex_column_div av-zero-column-padding first  avia-builder-el-0  el_before_av_one_full  avia-builder-el-first  \" style='border-radius:0px; '><div  class='avia-image-container  av-styling-    avia-builder-el-1  avia-builder-el-no-sibling  avia-align-center '  itemprop=\"image\" itemscope=\"itemscope\" itemtype=\"https:\/\/schema.org\/ImageObject\"  ><div class='avia-image-container-inner'><div class='avia-image-overlay-wrap'><img decoding=\"async\" class='wp-image-3799 avia-img-lazy-loading-not-3799 avia_image' src=\"https:\/\/radiorevelacionfm.cl\/wp-content\/uploads\/2021\/05\/Fonasa3-1.jpg\" alt='' title='Fonasa3 (1)' height=\"610\" width=\"1083\"  itemprop=\"thumbnailUrl\" srcset=\"https:\/\/radiorevelacionfm.cl\/wp-content\/uploads\/2021\/05\/Fonasa3-1.jpg 1083w, https:\/\/radiorevelacionfm.cl\/wp-content\/uploads\/2021\/05\/Fonasa3-1-300x169.jpg 300w, https:\/\/radiorevelacionfm.cl\/wp-content\/uploads\/2021\/05\/Fonasa3-1-1030x580.jpg 1030w, https:\/\/radiorevelacionfm.cl\/wp-content\/uploads\/2021\/05\/Fonasa3-1-768x433.jpg 768w, https:\/\/radiorevelacionfm.cl\/wp-content\/uploads\/2021\/05\/Fonasa3-1-705x397.jpg 705w, https:\/\/radiorevelacionfm.cl\/wp-content\/uploads\/2021\/05\/Fonasa3-1-600x338.jpg 600w\" sizes=\"(max-width: 1083px) 100vw, 1083px\" \/><\/div><\/div><\/div><\/div><div class=\"flex_column av_one_full  flex_column_div av-zero-column-padding first  avia-builder-el-2  el_after_av_one_full  el_before_av_one_full  column-top-margin\" style='border-radius:0px; '><section class=\"av_textblock_section \"  itemscope=\"itemscope\" itemtype=\"https:\/\/schema.org\/BlogPosting\" itemprop=\"blogPost\" ><div class='avia_textblock  '   itemprop=\"text\" ><p style=\"text-align: center;\"><strong><span style=\"font-size: 18pt;\">Copago cero para los tramos C y D de Fonasa: conoce en qu\u00e9 consiste el anuncio del Gobierno<\/span><\/strong><\/p>\n<div id=\"gtx-trans\" style=\"position: absolute; left: -50px; top: 4.31534px;\">\n<div class=\"gtx-trans-icon\"><\/div>\n<\/div>\n<\/div><\/section><\/div><div class=\"flex_column av_one_full  flex_column_div av-zero-column-padding first  avia-builder-el-4  el_after_av_one_full  el_before_av_hr  column-top-margin\" style='border-radius:0px; '><section class=\"av_textblock_section \"  itemscope=\"itemscope\" itemtype=\"https:\/\/schema.org\/BlogPosting\" itemprop=\"blogPost\" ><div class='avia_textblock  '   itemprop=\"text\" ><p style=\"text-align: justify;\">El Presidente Gabriel Boric present\u00f3 este mi\u00e9rcoles el programa Copago Cero, medida que hab\u00eda formado parte de sus promesas de campa\u00f1a, y que implica el t\u00e9rmino del copago para los beneficiarios de los tramos C y D del Fondo Nacional de Salud (Fonasa), igual\u00e1ndolos con los del grupo A y B, a contar de septiembre pr\u00f3ximo.<\/p>\n<p style=\"text-align: justify;\">En una actividad realizada en el Hospital F\u00e9lix Bulnes, el Mandatario sostuvo que \u201cmuchas generaciones de chilenas y chilenos han so\u00f1ado con lo que hoy d\u00eda estamos avanzando, en convertir, hacer realidad que sea un sistema de salud p\u00fablico gratuito, para todas y todos los usuarios de Fonasa. Un sistema que funcione en base a ciudadanos, en base a las necesidades de las personas, y no al tama\u00f1o de la billetera de cada uno\u201d, expres\u00f3.<\/p>\n<p style=\"text-align: justify;\">El Presidente Boric record\u00f3 que hoy en Chile existen m\u00e1s de 15.000.000 de personas en Fonasa: \u201cDe ellas, m\u00e1s de 6.000.000 pertenecen a los tramos C y D, y quiero que sepan que hoy d\u00eda estos tramos realizan un copago por las atenciones en la Red P\u00fablica de Salud de un 10% en el tramo C, y un 20% en el tramo D. Nos parece que esto es injusto, porque la salud tiene que ser un derecho en donde no est\u00e9 condicionado por el tama\u00f1o de la billetera de la familia\u201d.<\/p>\n<p style=\"text-align: justify;\">\u201cEstamos anunciando esta medida de la gratuidad del fin del copago en el sistema p\u00fablico, que regir\u00e1 desde el 1 de septiembre de este a\u00f1o, y aplica para las prestaciones GES, y para las prestaciones que no son GES, con un ahorro promedio de $265.000 al a\u00f1o por familia\u201d, detall\u00f3 el Mandatario.<\/p>\n<p style=\"text-align: justify;\">Lo anterior, de acuerdo al Jefe de Estado, \u201cse alinea con el prop\u00f3sito de bajar la carga que las familias tienen, ante lo que debieran ser derechos. Veo al fondo tambi\u00e9n a agrupaciones protestando por el derecho a la vivienda, veo en permanentemente a la gente que est\u00e1 endeudada por haber aspirado a tener una educaci\u00f3n de calidad, y lo que nosotros decimos, por el motivo por el cual llegamos al Gobierno, es porque justamente los derechos no tienen que ser negocio, y para eso nos la vamos a jugar y vamos a dar lo mejor de nosotros, para que la salud, para que las pensiones, para que las viviendas, para que la educaci\u00f3n, sea accesible para todos los ciudadanos de nuestra patria, insisto, sin importar cu\u00e1nta plata tenga en el bolsillo\u201d.<\/p>\n<p style=\"text-align: justify;\">SE ACTIVA AUTOM\u00c1TICAMENTE<\/p>\n<p style=\"text-align: justify;\">Desde septiembre de 2022 este beneficio se activa autom\u00e1ticamente para todas las personas que pertenecen a Fonasa. No deben realizar ning\u00fan tr\u00e1mite asociado a la atenci\u00f3n de salud.<\/p>\n<p style=\"text-align: justify;\">\u00bfC\u00f3mo se aplica? Ejemplo:<\/p>\n<p style=\"text-align: justify;\">Pablo es usuario del tramo D, tiene 50 a\u00f1os y vive en la comuna de Maip\u00fa. \u00c9l pertenece a Fonasa en el tramo D y le diagnosticaron Esclerosis M\u00faltiple, uno de los 85 problemas de salud incluidos en el AUGE o GES.<\/p>\n<p style=\"text-align: justify;\">El tratamiento de esta enfermedad en el hospital en el que se atendi\u00f3 tuvo un costo cercano a los 17 millones de pesos. De ese monto, Fonasa pag\u00f3 m\u00e1s de 14 millones y Pablo pag\u00f3 3.155.308 pesos.<\/p>\n<p style=\"text-align: justify;\">Desde septiembre de 2022 las personas como Pablo no pagar\u00e1n por sus atenciones de salud en la Red P\u00fablica. Es decir, ser\u00e1n gratuitas porque Fonasa cubrir\u00e1 el costo total del tratamiento en la Modalidad de Atenci\u00f3n Institucional, seg\u00fan detalla el sitio www.gob.cl\/copagocero.<\/p>\n<\/div><\/section><\/div><div  style='height:50px' class='hr hr-invisible   avia-builder-el-6  el_after_av_one_full  el_before_av_social_share '><span class='hr-inner ' ><span class='hr-inner-style'><\/span><\/span><\/div><\/p>\n<div  class='av-social-sharing-box  avia-builder-el-7  el_after_av_hr  el_before_av_hr  '><div class='av-share-box'><h5 class='av-share-link-description av-no-toc '>Compartir esta noticia<\/h5><ul class='av-share-box-list noLightbox'><li class='av-share-link av-social-link-facebook' ><a target=\"_blank\" aria-label=\"Compartir en Facebook\" href='https:\/\/www.facebook.com\/sharer.php?u=https:\/\/radiorevelacionfm.cl\/?p=19755&#038;t=Copago%20cero%20para%20los%20tramos%20C%20y%20D%20de%20Fonasa%3A%20conoce%20en%20qu%C3%A9%20consiste%20el%20anuncio%20del%20Gobierno' aria-hidden='false' data-av_icon='\ue8f3' data-av_iconfont='entypo-fontello' title='' data-avia-related-tooltip='Compartir en Facebook' rel=\"noopener\"><span class='avia_hidden_link_text'>Compartir en Facebook<\/span><\/a><\/li><li class='av-share-link av-social-link-twitter' ><a target=\"_blank\" aria-label=\"Compartir en Twitter\" href='https:\/\/twitter.com\/share?text=Copago%20cero%20para%20los%20tramos%20C%20y%20D%20de%20Fonasa%3A%20conoce%20en%20qu%C3%A9%20consiste%20el%20anuncio%20del%20Gobierno&#038;url=https:\/\/radiorevelacionfm.cl\/?p=19755' aria-hidden='false' data-av_icon='\ue8f1' data-av_iconfont='entypo-fontello' title='' data-avia-related-tooltip='Compartir en Twitter' rel=\"noopener\"><span class='avia_hidden_link_text'>Compartir en Twitter<\/span><\/a><\/li><li class='av-share-link av-social-link-whatsapp' ><a target=\"_blank\" aria-label=\"Compartir en Whatsapp\" href='https:\/\/api.whatsapp.com\/send?text=https:\/\/radiorevelacionfm.cl\/?p=19755' aria-hidden='false' data-av_icon='\uf232' data-av_iconfont='entypo-fontello' title='' data-avia-related-tooltip='Compartir en Whatsapp' rel=\"noopener\"><span class='avia_hidden_link_text'>Compartir en Whatsapp<\/span><\/a><\/li><li class='av-share-link av-social-link-linkedin' ><a target=\"_blank\" aria-label=\"Compartir en LinkedIn\" href='https:\/\/linkedin.com\/shareArticle?mini=true&#038;title=Copago%20cero%20para%20los%20tramos%20C%20y%20D%20de%20Fonasa%3A%20conoce%20en%20qu%C3%A9%20consiste%20el%20anuncio%20del%20Gobierno&#038;url=https:\/\/radiorevelacionfm.cl\/?p=19755' aria-hidden='false' data-av_icon='\ue8fc' data-av_iconfont='entypo-fontello' title='' data-avia-related-tooltip='Compartir en LinkedIn' rel=\"noopener\"><span class='avia_hidden_link_text'>Compartir en LinkedIn<\/span><\/a><\/li><li class='av-share-link av-social-link-mail' ><a  aria-label=\"Compartir por correo\" href='mailto:?subject=Copago%20cero%20para%20los%20tramos%20C%20y%20D%20de%20Fonasa%3A%20conoce%20en%20qu%C3%A9%20consiste%20el%20anuncio%20del%20Gobierno&#038;body=https:\/\/radiorevelacionfm.cl\/?p=19755' aria-hidden='false' data-av_icon='\ue805' data-av_iconfont='entypo-fontello' title='' data-avia-related-tooltip='Compartir por correo'><span class='avia_hidden_link_text'>Compartir por correo<\/span><\/a><\/li><\/ul><\/div><\/div>\n<div  style='height:50px' class='hr hr-invisible   avia-builder-el-8  el_after_av_social_share  el_before_av_comments_list '><span class='hr-inner ' ><span class='hr-inner-style'><\/span><\/span><\/div>\n<div  class='av-buildercomment  av-blog-meta-html-info-disabled av-blog-meta-tag-disabled  '><\/div>\n","protected":false},"excerpt":{"rendered":"","protected":false},"author":1,"featured_media":3799,"comment_status":"open","ping_status":"open","sticky":false,"template":"","format":"standard","meta":{"footnotes":""},"categories":[46],"tags":[],"class_list":["post-19755","post","type-post","status-publish","format-standard","has-post-thumbnail","hentry","category-salud"],"jetpack_featured_media_url":"https:\/\/radiorevelacionfm.cl\/wp-content\/uploads\/2021\/05\/Fonasa3-1.jpg","_links":{"self":[{"href":"https:\/\/radiorevelacionfm.cl\/index.php?rest_route=\/wp\/v2\/posts\/19755","targetHints":{"allow":["GET"]}}],"collection":[{"href":"https:\/\/radiorevelacionfm.cl\/index.php?rest_route=\/wp\/v2\/posts"}],"about":[{"href":"https:\/\/radiorevelacionfm.cl\/index.php?rest_route=\/wp\/v2\/types\/post"}],"author":[{"embeddable":true,"href":"https:\/\/radiorevelacionfm.cl\/index.php?rest_route=\/wp\/v2\/users\/1"}],"replies":[{"embeddable":true,"href":"https:\/\/radiorevelacionfm.cl\/index.php?rest_route=%2Fwp%2Fv2%2Fcomments&post=19755"}],"version-history":[{"count":2,"href":"https:\/\/radiorevelacionfm.cl\/index.php?rest_route=\/wp\/v2\/posts\/19755\/revisions"}],"predecessor-version":[{"id":19757,"href":"https:\/\/radiorevelacionfm.cl\/index.php?rest_route=\/wp\/v2\/posts\/19755\/revisions\/19757"}],"wp:featuredmedia":[{"embeddable":true,"href":"https:\/\/radiorevelacionfm.cl\/index.php?rest_route=\/wp\/v2\/media\/3799"}],"wp:attachment":[{"href":"https:\/\/radiorevelacionfm.cl\/index.php?rest_route=%2Fwp%2Fv2%2Fmedia&parent=19755"}],"wp:term":[{"taxonomy":"category","embeddable":true,"href":"https:\/\/radiorevelacionfm.cl\/index.php?rest_route=%2Fwp%2Fv2%2Fcategories&post=19755"},{"taxonomy":"post_tag","embeddable":true,"href":"https:\/\/radiorevelacionfm.cl\/index.php?rest_route=%2Fwp%2Fv2%2Ftags&post=19755"}],"curies":[{"name":"wp","href":"https:\/\/api.w.org\/{rel}","templated":true}]}}