{"id":19750,"date":"2022-07-28T10:50:30","date_gmt":"2022-07-28T13:50:30","guid":{"rendered":"https:\/\/radiorevelacionfm.cl\/?p=19750"},"modified":"2022-07-28T10:52:37","modified_gmt":"2022-07-28T13:52:37","slug":"en-villa-la-tapera-ips-entrego-mas-de-5-millones-de-pesos-en-ifes-rezagados","status":"publish","type":"post","link":"https:\/\/radiorevelacionfm.cl\/?p=19750","title":{"rendered":"En Villa La Tapera IPS entreg\u00f3 m\u00e1s de 5 millones de pesos en IFEs rezagados"},"content":{"rendered":"<div class=\"flex_column av_one_full  flex_column_div av-zero-column-padding first  avia-builder-el-0  el_before_av_one_full  avia-builder-el-first  \" style='border-radius:0px; '><div  class='avia-image-container  av-styling-    avia-builder-el-1  avia-builder-el-no-sibling  avia-align-center '  itemprop=\"image\" itemscope=\"itemscope\" itemtype=\"https:\/\/schema.org\/ImageObject\"  ><div class='avia-image-container-inner'><div class='avia-image-overlay-wrap'><img decoding=\"async\" class='wp-image-19751 avia-img-lazy-loading-not-19751 avia_image' src=\"https:\/\/radiorevelacionfm.cl\/wp-content\/uploads\/2022\/07\/image-68-1.jpg\" alt='' title='image (68) (1)' height=\"600\" width=\"823\"  itemprop=\"thumbnailUrl\" srcset=\"https:\/\/radiorevelacionfm.cl\/wp-content\/uploads\/2022\/07\/image-68-1.jpg 823w, https:\/\/radiorevelacionfm.cl\/wp-content\/uploads\/2022\/07\/image-68-1-300x219.jpg 300w, https:\/\/radiorevelacionfm.cl\/wp-content\/uploads\/2022\/07\/image-68-1-768x560.jpg 768w, https:\/\/radiorevelacionfm.cl\/wp-content\/uploads\/2022\/07\/image-68-1-705x514.jpg 705w, https:\/\/radiorevelacionfm.cl\/wp-content\/uploads\/2022\/07\/image-68-1-600x437.jpg 600w\" sizes=\"(max-width: 823px) 100vw, 823px\" \/><\/div><\/div><\/div><\/div><div class=\"flex_column av_one_full  flex_column_div av-zero-column-padding first  avia-builder-el-2  el_after_av_one_full  el_before_av_one_full  column-top-margin\" style='border-radius:0px; '><section class=\"av_textblock_section \"  itemscope=\"itemscope\" itemtype=\"https:\/\/schema.org\/BlogPosting\" itemprop=\"blogPost\" ><div class='avia_textblock  '   itemprop=\"text\" ><p style=\"text-align: center;\"><strong><span style=\"font-size: 18pt;\">En Villa La Tapera IPS entreg\u00f3 m\u00e1s de 5 millones de pesos en IFEs rezagados<\/span><\/strong><\/p>\n<div id=\"gtx-trans\" style=\"position: absolute; left: -50px; top: 4.31534px;\">\n<div class=\"gtx-trans-icon\"><\/div>\n<\/div>\n<\/div><\/section><\/div><div class=\"flex_column av_one_full  flex_column_div av-zero-column-padding first  avia-builder-el-4  el_after_av_one_full  el_before_av_hr  column-top-margin\" style='border-radius:0px; '><section class=\"av_textblock_section \"  itemscope=\"itemscope\" itemtype=\"https:\/\/schema.org\/BlogPosting\" itemprop=\"blogPost\" ><div class='avia_textblock  '   itemprop=\"text\" ><p class=\"v1MsoNormal\" style=\"text-align: justify;\">Materializando su permanente compromiso de acercar el Estado y sus beneficios a la ciudadan\u00eda, funcionarios de la sucursal del instituto de Previsi\u00f3n Social, IPS &#8211;\u00a0 ChileAtiende Puerto Ays\u00e9n, se trasladaron hasta la localidad de Villa La Tapera para entregar en persona el pago de m\u00e1s de 5 millones de pesos correspondientes a Ingresos Familiares de Emergencia (IFE) que no hab\u00edan sido cobrados por sus beneficiarios.<\/p>\n<p class=\"v1MsoNormal\" style=\"text-align: justify;\">Se trataba, en su mayor\u00eda, de adultas y adultos mayores, que no estaban al tanto de haber sido favorecidos con este beneficio; y que, gracias al trabajo constante del equipo de la sucursal Puerto Ays\u00e9n para detectar estos casos, lograron recibir su asignaci\u00f3n antes de que venciera.<\/p>\n<p class=\"v1MsoNormal\" style=\"text-align: justify;\">El Seremi del Trabajo y Previsi\u00f3n Social, Rodrigo D\u00edaz, destac\u00f3 esta iniciativa, \u00abEl acercarse a apoyar en terreno a nuestra comunidad es precisamente lo que nos mandat\u00f3 el Presidente Boric, m\u00e1s a\u00fan cuando es un beneficio que ayudar\u00e1 a adultos mayores a solventar gastos durante el invierno. Agradezco las gestiones del Instituto de Previsi\u00f3n Social, IPS y de la delegaci\u00f3n comunal de La Tapera, para llegar con este subsidio estatal\u00bb, afirm\u00f3.<\/p>\n<p class=\"v1MsoNormal\" style=\"text-align: justify;\">El operativo fue encabezado por los funcionarios de la sucursal IPS Puerto Ays\u00e9n, Rodrigo Araneda y Luis Valenzuela; coordinador del \u00e1rea social y jefe de plataforma, respectivamente.<\/p>\n<p class=\"v1MsoNormal\" style=\"text-align: justify;\">En pleno invierno aysenino, y considerando las dificultades clim\u00e1ticas y del camino, los favorecidos agradecieron las gestiones realizadas por el IPS para que no perdieran el beneficio. As\u00ed lo se\u00f1al\u00f3 don Jos\u00e9 Becerra, uno de los beneficiarios, quien habita en el sector R\u00edo Torcaza, distante aproximadamente 20 KM de La Tapera, y para quien fue una grata sorpresa recibir este dinero que, seg\u00fan expres\u00f3, \u00abme servir\u00e1 para comprar v\u00edveres y tambi\u00e9n alimento para mis animales\u00bb.<\/p>\n<p class=\"v1MsoNormal\" style=\"text-align: justify;\">Algunos de los beneficiarios recibieron montos superiores al mill\u00f3n de pesos, lo que por supuesto no los dej\u00f3 indiferentes, seg\u00fan relat\u00f3 Valenzuela.<\/p>\n<p class=\"v1MsoNormal\" style=\"text-align: justify;\">\u00abSignific\u00f3 para ellos un motivo de alegr\u00eda y sorpresa, porque muchos desconoc\u00edan que eran beneficiarios de estos pagos. Por lo que fue un dinero muy bien recibido\u00bb, se\u00f1al\u00f3.<\/p>\n<p class=\"v1MsoNormal\" style=\"text-align: justify;\">El jefe de la plataforma de atenci\u00f3n destac\u00f3 adem\u00e1s las coordinaciones que permitieron hacer efectivos los pagos. \u00abA pesar de las inclemencias del tiempo, caminos con bastante nieve, y la lluvia&#8230; pudimos llegar. En base a una coordinaci\u00f3n que se hizo con la delegada municipal de La Tapera, la se\u00f1ora Eliana Valenzuela, pudimos contactar a los adultos mayores beneficiarios de estos pagos y poderles llevar el dinero hasta su domicilio\u00bb, finaliz\u00f3.<\/p>\n<div class=\"v1gmail_default\" style=\"text-align: justify;\">Esta salida a terreno contempl\u00f3 tambi\u00e9n la supervisi\u00f3n de los pagos m\u00f3viles de beneficios IPS tanto en La Tapera como en Villa Amengual, y la realizaci\u00f3n de atenciones, renovaci\u00f3n de poderes y visitas domiciliarias en dichas localidades.<\/div>\n<\/div><\/section><\/div><div  style='height:50px' class='hr hr-invisible   avia-builder-el-6  el_after_av_one_full  el_before_av_social_share '><span class='hr-inner ' ><span class='hr-inner-style'><\/span><\/span><\/div><\/p>\n<div  class='av-social-sharing-box  avia-builder-el-7  el_after_av_hr  el_before_av_hr  '><div class='av-share-box'><h5 class='av-share-link-description av-no-toc '>Compartir esta noticia<\/h5><ul class='av-share-box-list noLightbox'><li class='av-share-link av-social-link-facebook' ><a target=\"_blank\" aria-label=\"Compartir en Facebook\" href='https:\/\/www.facebook.com\/sharer.php?u=https:\/\/radiorevelacionfm.cl\/?p=19750&#038;t=En%20Villa%20La%20Tapera%20IPS%20entreg%C3%B3%20m%C3%A1s%20de%205%20millones%20de%20pesos%20en%20IFEs%20rezagados' aria-hidden='false' data-av_icon='\ue8f3' data-av_iconfont='entypo-fontello' title='' data-avia-related-tooltip='Compartir en Facebook' rel=\"noopener\"><span class='avia_hidden_link_text'>Compartir en Facebook<\/span><\/a><\/li><li class='av-share-link av-social-link-twitter' ><a target=\"_blank\" aria-label=\"Compartir en Twitter\" href='https:\/\/twitter.com\/share?text=En%20Villa%20La%20Tapera%20IPS%20entreg%C3%B3%20m%C3%A1s%20de%205%20millones%20de%20pesos%20en%20IFEs%20rezagados&#038;url=https:\/\/radiorevelacionfm.cl\/?p=19750' aria-hidden='false' data-av_icon='\ue8f1' data-av_iconfont='entypo-fontello' title='' data-avia-related-tooltip='Compartir en Twitter' rel=\"noopener\"><span class='avia_hidden_link_text'>Compartir en Twitter<\/span><\/a><\/li><li class='av-share-link av-social-link-whatsapp' ><a target=\"_blank\" aria-label=\"Compartir en Whatsapp\" href='https:\/\/api.whatsapp.com\/send?text=https:\/\/radiorevelacionfm.cl\/?p=19750' aria-hidden='false' data-av_icon='\uf232' data-av_iconfont='entypo-fontello' title='' data-avia-related-tooltip='Compartir en Whatsapp' rel=\"noopener\"><span class='avia_hidden_link_text'>Compartir en Whatsapp<\/span><\/a><\/li><li class='av-share-link av-social-link-linkedin' ><a target=\"_blank\" aria-label=\"Compartir en LinkedIn\" href='https:\/\/linkedin.com\/shareArticle?mini=true&#038;title=En%20Villa%20La%20Tapera%20IPS%20entreg%C3%B3%20m%C3%A1s%20de%205%20millones%20de%20pesos%20en%20IFEs%20rezagados&#038;url=https:\/\/radiorevelacionfm.cl\/?p=19750' aria-hidden='false' data-av_icon='\ue8fc' data-av_iconfont='entypo-fontello' title='' data-avia-related-tooltip='Compartir en LinkedIn' rel=\"noopener\"><span class='avia_hidden_link_text'>Compartir en LinkedIn<\/span><\/a><\/li><li class='av-share-link av-social-link-mail' ><a  aria-label=\"Compartir por correo\" href='mailto:?subject=En%20Villa%20La%20Tapera%20IPS%20entreg%C3%B3%20m%C3%A1s%20de%205%20millones%20de%20pesos%20en%20IFEs%20rezagados&#038;body=https:\/\/radiorevelacionfm.cl\/?p=19750' aria-hidden='false' data-av_icon='\ue805' data-av_iconfont='entypo-fontello' title='' data-avia-related-tooltip='Compartir por correo'><span class='avia_hidden_link_text'>Compartir por correo<\/span><\/a><\/li><\/ul><\/div><\/div>\n<div  style='height:50px' class='hr hr-invisible   avia-builder-el-8  el_after_av_social_share  el_before_av_comments_list '><span class='hr-inner ' ><span class='hr-inner-style'><\/span><\/span><\/div>\n<div  class='av-buildercomment  av-blog-meta-html-info-disabled av-blog-meta-tag-disabled  '><\/div>\n","protected":false},"excerpt":{"rendered":"","protected":false},"author":1,"featured_media":19754,"comment_status":"open","ping_status":"open","sticky":false,"template":"","format":"standard","meta":{"footnotes":""},"categories":[38],"tags":[],"class_list":["post-19750","post","type-post","status-publish","format-standard","has-post-thumbnail","hentry","category-regional"],"jetpack_featured_media_url":"https:\/\/radiorevelacionfm.cl\/wp-content\/uploads\/2022\/07\/image-69-1.jpg","_links":{"self":[{"href":"https:\/\/radiorevelacionfm.cl\/index.php?rest_route=\/wp\/v2\/posts\/19750","targetHints":{"allow":["GET"]}}],"collection":[{"href":"https:\/\/radiorevelacionfm.cl\/index.php?rest_route=\/wp\/v2\/posts"}],"about":[{"href":"https:\/\/radiorevelacionfm.cl\/index.php?rest_route=\/wp\/v2\/types\/post"}],"author":[{"embeddable":true,"href":"https:\/\/radiorevelacionfm.cl\/index.php?rest_route=\/wp\/v2\/users\/1"}],"replies":[{"embeddable":true,"href":"https:\/\/radiorevelacionfm.cl\/index.php?rest_route=%2Fwp%2Fv2%2Fcomments&post=19750"}],"version-history":[{"count":2,"href":"https:\/\/radiorevelacionfm.cl\/index.php?rest_route=\/wp\/v2\/posts\/19750\/revisions"}],"predecessor-version":[{"id":19753,"href":"https:\/\/radiorevelacionfm.cl\/index.php?rest_route=\/wp\/v2\/posts\/19750\/revisions\/19753"}],"wp:featuredmedia":[{"embeddable":true,"href":"https:\/\/radiorevelacionfm.cl\/index.php?rest_route=\/wp\/v2\/media\/19754"}],"wp:attachment":[{"href":"https:\/\/radiorevelacionfm.cl\/index.php?rest_route=%2Fwp%2Fv2%2Fmedia&parent=19750"}],"wp:term":[{"taxonomy":"category","embeddable":true,"href":"https:\/\/radiorevelacionfm.cl\/index.php?rest_route=%2Fwp%2Fv2%2Fcategories&post=19750"},{"taxonomy":"post_tag","embeddable":true,"href":"https:\/\/radiorevelacionfm.cl\/index.php?rest_route=%2Fwp%2Fv2%2Ftags&post=19750"}],"curies":[{"name":"wp","href":"https:\/\/api.w.org\/{rel}","templated":true}]}}