{"id":19746,"date":"2022-07-28T10:33:20","date_gmt":"2022-07-28T13:33:20","guid":{"rendered":"https:\/\/radiorevelacionfm.cl\/?p=19746"},"modified":"2022-07-28T10:33:20","modified_gmt":"2022-07-28T13:33:20","slug":"diputada-raphael-nos-parece-insolito-que-nos-impidan-conocer-las-dependencias-de-la-unidad-oncologica","status":"publish","type":"post","link":"https:\/\/radiorevelacionfm.cl\/?p=19746","title":{"rendered":"Diputada Raphael: \u201cNos parece ins\u00f3lito que nos impidan conocer las dependencias de la unidad oncol\u00f3gica\u201d"},"content":{"rendered":"<div class=\"flex_column av_one_full  flex_column_div av-zero-column-padding first  avia-builder-el-0  el_before_av_one_full  avia-builder-el-first  \" style='border-radius:0px; '><div  class='avia-image-container  av-styling-    avia-builder-el-1  avia-builder-el-no-sibling  avia-align-center '  itemprop=\"image\" itemscope=\"itemscope\" itemtype=\"https:\/\/schema.org\/ImageObject\"  ><div class='avia-image-container-inner'><div class='avia-image-overlay-wrap'><img decoding=\"async\" class='wp-image-19747 avia-img-lazy-loading-not-19747 avia_image' src=\"https:\/\/radiorevelacionfm.cl\/wp-content\/uploads\/2022\/07\/diputada-raphael2-1_optimized-1.jpg\" alt='' title='diputada-raphael2-(1)_optimized (1)' height=\"600\" width=\"1080\"  itemprop=\"thumbnailUrl\" srcset=\"https:\/\/radiorevelacionfm.cl\/wp-content\/uploads\/2022\/07\/diputada-raphael2-1_optimized-1.jpg 1080w, https:\/\/radiorevelacionfm.cl\/wp-content\/uploads\/2022\/07\/diputada-raphael2-1_optimized-1-300x167.jpg 300w, https:\/\/radiorevelacionfm.cl\/wp-content\/uploads\/2022\/07\/diputada-raphael2-1_optimized-1-1030x572.jpg 1030w, https:\/\/radiorevelacionfm.cl\/wp-content\/uploads\/2022\/07\/diputada-raphael2-1_optimized-1-768x427.jpg 768w, https:\/\/radiorevelacionfm.cl\/wp-content\/uploads\/2022\/07\/diputada-raphael2-1_optimized-1-705x392.jpg 705w, https:\/\/radiorevelacionfm.cl\/wp-content\/uploads\/2022\/07\/diputada-raphael2-1_optimized-1-600x333.jpg 600w\" sizes=\"(max-width: 1080px) 100vw, 1080px\" \/><\/div><\/div><\/div><\/div><div class=\"flex_column av_one_full  flex_column_div av-zero-column-padding first  avia-builder-el-2  el_after_av_one_full  el_before_av_one_full  column-top-margin\" style='border-radius:0px; '><section class=\"av_textblock_section \"  itemscope=\"itemscope\" itemtype=\"https:\/\/schema.org\/BlogPosting\" itemprop=\"blogPost\" ><div class='avia_textblock  '   itemprop=\"text\" ><p style=\"text-align: center;\"><span style=\"font-size: 18pt;\"><strong>Diputada Raphael: \u201cNos parece ins\u00f3lito que nos impidan conocer las dependencias de la unidad oncol\u00f3gica\u201d<\/strong><\/span><\/p>\n<p><strong>\u00a0<\/strong><\/p>\n<div id=\"gtx-trans\" style=\"position: absolute; left: -50px; top: 4.31534px;\">\n<div class=\"gtx-trans-icon\"><\/div>\n<\/div>\n<\/div><\/section><\/div><div class=\"flex_column av_one_full  flex_column_div av-zero-column-padding first  avia-builder-el-4  el_after_av_one_full  el_before_av_hr  column-top-margin\" style='border-radius:0px; '><section class=\"av_textblock_section \"  itemscope=\"itemscope\" itemtype=\"https:\/\/schema.org\/BlogPosting\" itemprop=\"blogPost\" ><div class='avia_textblock  '   itemprop=\"text\" ><p style=\"text-align: justify;\">La Diputada por la regi\u00f3n de Ays\u00e9n lleg\u00f3 hasta el centro oncol\u00f3gico de Coyhaique para realizar una visita a las dependencias y conocer el recinto que alberga a pacientes que deben realizarse diversos tratamientos de tipo oncol\u00f3gico y quimioterapias . Al ingresar al lugar, la parlamentaria fue abordada por una funcionaria quien le indic\u00f3 que por ordenes de la Seremi de Salud no se le permitir\u00eda el recorrido por las instalaciones.<\/p>\n<p style=\"text-align: justify;\">El proyecto de habilitaci\u00f3n de dependencias de oncolog\u00eda y quimioterapia ubicado en Avda. Baquedano de la comuna de Coyhaique, es un reciento que gracias a la gesti\u00f3n de parlamentarios, autoridades y la propia comunidad, ha comenzado sus operaciones con el objetivo de otorgar a los pacientes un lugar \u00f3ptimo para realizar sus distintos tratamientos, entregando una mayor comodidad y mejores condiciones ante un proceso tan sensible como lo es el tratamiento de un c\u00e1ncer.<\/p>\n<p style=\"text-align: justify;\">Sin embargo, de acuerdo con lo se\u00f1alado por la legisladora, se le neg\u00f3 el acceso a las dependencias indicando que previamente ya hab\u00edan tenido un suceso tras la filtraci\u00f3n de unas im\u00e1genes del reciento, para lo que la Diputada se mostr\u00f3 sorprendida ante la negativa de la funcionaria de salud.<\/p>\n<p style=\"text-align: justify;\">\u201cVinimos a conocer la unidad oncol\u00f3gica de Coyhaique, de la regi\u00f3n de Ays\u00e9n, muy orgullosos por cierto, pero nos encontramos con la sorpresa que no nos permiten ingresar. Estuvimos en el hall, quisimos recorrer las dependencias y no nos permitieron recorrerla. La verdad es que estamos un poco asombrados, no sabemos por qu\u00e9, cual es el motivo, una de mis funciones es fiscalizar, lamentablemente no lo pudimos hacer, a\u00fan as\u00ed lo haremos v\u00eda oficio, porque hay muchas dudas al respecto\u201d, se\u00f1al\u00f3 la Diputada Marcia Raphael.<\/p>\n<p style=\"text-align: justify;\">As\u00ed mismo, y tras conversaciones con los mismos usuarios y funcionarios del centro de salud, la parlamentaria ha recibido una serie de informaci\u00f3n relacionada a la falta de insumos y malas condiciones de la infraestructura donde mencion\u00f3 \u201cuna unidad oncol\u00f3gica, que debiese ser un orgullo para nosotros ha tenido muchos problemas. Por ejemplo, est\u00e1 funcionando sin resoluci\u00f3n sanitaria, todos sabemos perfectamente que ning\u00fan local, puede trabajar si no tiene resoluci\u00f3n sanitaria y es precisamente la Seremi de salud quien es el encargado de fiscalizar. Han tenido reiterados cortes de luz, estuvieron dos d\u00edas sin calefacci\u00f3n y en definitiva, hay muchos temas que los vamos a oficiar ya que lamentablemente no pudimos recorrer sus dependencias\u201d.<\/p>\n<p style=\"text-align: justify;\">Finalmente, ante la situaci\u00f3n ocurrida y con la grave problem\u00e1tica de no contar con resoluci\u00f3n sanitaria para su funcionamiento, la parlamentaria por la regi\u00f3n de Ays\u00e9n oficiar\u00e1 a quienes corresponda sobre esta situaci\u00f3n, adem\u00e1s de solicitar a la Seremi de Salud de la regi\u00f3n, una reuni\u00f3n ante la prohibici\u00f3n de ingreso al recinto.<\/p>\n<\/div><\/section><\/div><div  style='height:50px' class='hr hr-invisible   avia-builder-el-6  el_after_av_one_full  el_before_av_social_share '><span class='hr-inner ' ><span class='hr-inner-style'><\/span><\/span><\/div><\/p>\n<div  class='av-social-sharing-box  avia-builder-el-7  el_after_av_hr  el_before_av_hr  '><div class='av-share-box'><h5 class='av-share-link-description av-no-toc '>Compartir esta noticia<\/h5><ul class='av-share-box-list noLightbox'><li class='av-share-link av-social-link-facebook' ><a target=\"_blank\" aria-label=\"Compartir en Facebook\" href='https:\/\/www.facebook.com\/sharer.php?u=https:\/\/radiorevelacionfm.cl\/?p=19746&#038;t=Diputada%20Raphael%3A%20%E2%80%9CNos%20parece%20ins%C3%B3lito%20que%20nos%20impidan%20conocer%20las%20dependencias%20de%20la%20unidad%20oncol%C3%B3gica%E2%80%9D' aria-hidden='false' data-av_icon='\ue8f3' data-av_iconfont='entypo-fontello' title='' data-avia-related-tooltip='Compartir en Facebook' rel=\"noopener\"><span class='avia_hidden_link_text'>Compartir en Facebook<\/span><\/a><\/li><li class='av-share-link av-social-link-twitter' ><a target=\"_blank\" aria-label=\"Compartir en Twitter\" href='https:\/\/twitter.com\/share?text=Diputada%20Raphael%3A%20%E2%80%9CNos%20parece%20ins%C3%B3lito%20que%20nos%20impidan%20conocer%20las%20dependencias%20de%20la%20unidad%20oncol%C3%B3gica%E2%80%9D&#038;url=https:\/\/radiorevelacionfm.cl\/?p=19746' aria-hidden='false' data-av_icon='\ue8f1' data-av_iconfont='entypo-fontello' title='' data-avia-related-tooltip='Compartir en Twitter' rel=\"noopener\"><span class='avia_hidden_link_text'>Compartir en Twitter<\/span><\/a><\/li><li class='av-share-link av-social-link-whatsapp' ><a target=\"_blank\" aria-label=\"Compartir en Whatsapp\" href='https:\/\/api.whatsapp.com\/send?text=https:\/\/radiorevelacionfm.cl\/?p=19746' aria-hidden='false' data-av_icon='\uf232' data-av_iconfont='entypo-fontello' title='' data-avia-related-tooltip='Compartir en Whatsapp' rel=\"noopener\"><span class='avia_hidden_link_text'>Compartir en Whatsapp<\/span><\/a><\/li><li class='av-share-link av-social-link-linkedin' ><a target=\"_blank\" aria-label=\"Compartir en LinkedIn\" href='https:\/\/linkedin.com\/shareArticle?mini=true&#038;title=Diputada%20Raphael%3A%20%E2%80%9CNos%20parece%20ins%C3%B3lito%20que%20nos%20impidan%20conocer%20las%20dependencias%20de%20la%20unidad%20oncol%C3%B3gica%E2%80%9D&#038;url=https:\/\/radiorevelacionfm.cl\/?p=19746' aria-hidden='false' data-av_icon='\ue8fc' data-av_iconfont='entypo-fontello' title='' data-avia-related-tooltip='Compartir en LinkedIn' rel=\"noopener\"><span class='avia_hidden_link_text'>Compartir en LinkedIn<\/span><\/a><\/li><li class='av-share-link av-social-link-mail' ><a  aria-label=\"Compartir por correo\" href='mailto:?subject=Diputada%20Raphael%3A%20%E2%80%9CNos%20parece%20ins%C3%B3lito%20que%20nos%20impidan%20conocer%20las%20dependencias%20de%20la%20unidad%20oncol%C3%B3gica%E2%80%9D&#038;body=https:\/\/radiorevelacionfm.cl\/?p=19746' aria-hidden='false' data-av_icon='\ue805' data-av_iconfont='entypo-fontello' title='' data-avia-related-tooltip='Compartir por correo'><span class='avia_hidden_link_text'>Compartir por correo<\/span><\/a><\/li><\/ul><\/div><\/div>\n<div  style='height:50px' class='hr hr-invisible   avia-builder-el-8  el_after_av_social_share  el_before_av_comments_list '><span class='hr-inner ' ><span class='hr-inner-style'><\/span><\/span><\/div>\n<div  class='av-buildercomment  av-blog-meta-html-info-disabled av-blog-meta-tag-disabled  '><\/div>\n","protected":false},"excerpt":{"rendered":"","protected":false},"author":1,"featured_media":19747,"comment_status":"open","ping_status":"open","sticky":false,"template":"","format":"standard","meta":{"footnotes":""},"categories":[35],"tags":[],"class_list":["post-19746","post","type-post","status-publish","format-standard","has-post-thumbnail","hentry","category-politica"],"jetpack_featured_media_url":"https:\/\/radiorevelacionfm.cl\/wp-content\/uploads\/2022\/07\/diputada-raphael2-1_optimized-1.jpg","_links":{"self":[{"href":"https:\/\/radiorevelacionfm.cl\/index.php?rest_route=\/wp\/v2\/posts\/19746","targetHints":{"allow":["GET"]}}],"collection":[{"href":"https:\/\/radiorevelacionfm.cl\/index.php?rest_route=\/wp\/v2\/posts"}],"about":[{"href":"https:\/\/radiorevelacionfm.cl\/index.php?rest_route=\/wp\/v2\/types\/post"}],"author":[{"embeddable":true,"href":"https:\/\/radiorevelacionfm.cl\/index.php?rest_route=\/wp\/v2\/users\/1"}],"replies":[{"embeddable":true,"href":"https:\/\/radiorevelacionfm.cl\/index.php?rest_route=%2Fwp%2Fv2%2Fcomments&post=19746"}],"version-history":[{"count":2,"href":"https:\/\/radiorevelacionfm.cl\/index.php?rest_route=\/wp\/v2\/posts\/19746\/revisions"}],"predecessor-version":[{"id":19749,"href":"https:\/\/radiorevelacionfm.cl\/index.php?rest_route=\/wp\/v2\/posts\/19746\/revisions\/19749"}],"wp:featuredmedia":[{"embeddable":true,"href":"https:\/\/radiorevelacionfm.cl\/index.php?rest_route=\/wp\/v2\/media\/19747"}],"wp:attachment":[{"href":"https:\/\/radiorevelacionfm.cl\/index.php?rest_route=%2Fwp%2Fv2%2Fmedia&parent=19746"}],"wp:term":[{"taxonomy":"category","embeddable":true,"href":"https:\/\/radiorevelacionfm.cl\/index.php?rest_route=%2Fwp%2Fv2%2Fcategories&post=19746"},{"taxonomy":"post_tag","embeddable":true,"href":"https:\/\/radiorevelacionfm.cl\/index.php?rest_route=%2Fwp%2Fv2%2Ftags&post=19746"}],"curies":[{"name":"wp","href":"https:\/\/api.w.org\/{rel}","templated":true}]}}