{"id":1974,"date":"2021-01-21T11:31:36","date_gmt":"2021-01-21T14:31:36","guid":{"rendered":"https:\/\/radiorevelacionfm.cl\/?p=1974"},"modified":"2021-01-21T11:31:36","modified_gmt":"2021-01-21T14:31:36","slug":"en-la-region-de-aysen-mas-de-1-100-nuevas-contrataciones-se-han-realizado-con-el-subsidio-al-empleo","status":"publish","type":"post","link":"https:\/\/radiorevelacionfm.cl\/?p=1974","title":{"rendered":"En la regi\u00f3n de Ays\u00e9n m\u00e1s de 1.100 nuevas contrataciones se han realizado con el Subsidio Al Empleo"},"content":{"rendered":"<div class=\"flex_column av_one_full  flex_column_div av-zero-column-padding first  avia-builder-el-0  el_before_av_one_full  avia-builder-el-first  \" style='border-radius:0px; '><div  class='avia-image-container  av-styling-    avia-builder-el-1  avia-builder-el-no-sibling  avia-align-center '  itemprop=\"image\" itemscope=\"itemscope\" itemtype=\"https:\/\/schema.org\/ImageObject\"  ><div class='avia-image-container-inner'><div class='avia-image-overlay-wrap'><img decoding=\"async\" class='wp-image-0 avia-img-lazy-loading-not-0 avia_image' src=\"https:\/\/radiorevelacionfm.cl\/wp-content\/uploads\/2021\/01\/trabajadores-construccion_659x460.jpg\" alt='' title=''   itemprop=\"thumbnailUrl\"  \/><\/div><\/div><\/div><\/div><div class=\"flex_column av_one_full  flex_column_div av-zero-column-padding first  avia-builder-el-2  el_after_av_one_full  el_before_av_one_full  column-top-margin\" style='border-radius:0px; '><section class=\"av_textblock_section \"  itemscope=\"itemscope\" itemtype=\"https:\/\/schema.org\/BlogPosting\" itemprop=\"blogPost\" ><div class='avia_textblock  '   itemprop=\"text\" ><p style=\"text-align: center;\"><span style=\"font-size: 18pt;\"><strong>En la regi\u00f3n de Ays\u00e9n m\u00e1s de 1.100 nuevas contrataciones se han realizado con el Subsidio Al Empleo <\/strong><\/span><\/p>\n<div id=\"gtx-trans\" style=\"position: absolute; left: -50px; top: 4.31534px;\">\n<div class=\"gtx-trans-icon\"><\/div>\n<\/div>\n<\/div><\/section><\/div><div class=\"flex_column av_one_full  flex_column_div av-zero-column-padding first  avia-builder-el-4  el_after_av_one_full  el_before_av_hr  column-top-margin\" style='border-radius:0px; '><section class=\"av_textblock_section \"  itemscope=\"itemscope\" itemtype=\"https:\/\/schema.org\/BlogPosting\" itemprop=\"blogPost\" ><div class='avia_textblock  '   itemprop=\"text\" ><p style=\"text-align: justify;\">Junto al balance regional donde hay 1.131 nuevas contrataciones y 176 trabajadores que han regresado a sus puestos de trabajo con la l\u00ednea Regresa, las autoridades entregaron detalles a la comunidad a trav\u00e9s de un Facebook Live sobre el nuevo Subsidio Protege para madres y padres trabajadores\/as con ni\u00f1os menores de 2 a\u00f1os.<\/p>\n<p style=\"text-align: justify;\">Positivo fue el balance entregado a la comunidad a trav\u00e9s de un Facebook live por la plataforma de MintrabAys\u00e9n sobre el Subsidio Al Empleo, programa del Ministerio de Trabajo y Previsi\u00f3n Social que ejecuta Sence y que comenz\u00f3 a operar a fines de septiembre.<\/p>\n<p style=\"text-align: justify;\">En este sentido, Andrea Ponce, Seremi de Trabajo y Previsi\u00f3n Social, destac\u00f3, \u00abEn el informe del d\u00eda de hoy, 20 de enero 2021, ya son 1.307 los trabajadores\/as y 406 las empresas de la Regi\u00f3n de Ays\u00e9n que est\u00e1n utilizando este subsidio. 1.131 corresponden a nuevos contratos bajo la l\u00ednea Contrata y 176 han regresado a sus laborales luego de estar suspendidos sus contratos bajo el alero de la Ley de Protecci\u00f3n al Empleo. Estas cifras nos ponen muy felices, porque quiere decir que est\u00e1n llegando los subsidios y que los trabajadores est\u00e1n comenzando a tener nuevamente ingresos, lo que habla de una recuperaci\u00f3n econ\u00f3mica\u00bb, detall\u00f3.<\/p>\n<p style=\"text-align: justify;\">La titular de Trabajo adem\u00e1s agreg\u00f3, \u00abQuisiera tambi\u00e9n comunicarles que hoy el Gobierno anunci\u00f3 que en los pr\u00f3ximos d\u00edas se emitir\u00e1 un decreto para extender las postulaciones al Subsidio al Empleo en 3 meses m\u00e1s, esto es, hasta el 30 junio de 2021 y un proyecto de ley para extender la vigencia de los beneficios establecidos en la Ley de Protecci\u00f3n al Empleo y las condiciones mejoradas de acceso al Seguro de Cesant\u00eda. De ser aprobada, la iniciativa permitir\u00eda, entre otros, extender el acceso a las suspensiones de los efectos de los contratos de trabajo hasta, como m\u00e1ximo, el 6 de diciembre de 2021, tanto para las suspensiones por acto de autoridad, como en los casos en que existe acuerdo entre trabajador y empleador\u00bb, mencion\u00f3 Andrea Ponce.<\/p>\n<p style=\"text-align: justify;\">Por su parte, Katherine Kingma, Directora Regional de Sence, invit\u00f3 a seguir postulando y utilizando este beneficio \u00abEstamos muy contentos como Sence de poder hacer un balance positivo respecto de la ejecuci\u00f3n de Subsidio al Empleo en nuestra regi\u00f3n. Comentarles que en las \u00faltimas dos semanas ha repuntado la postulaci\u00f3n, tanto en la l\u00ednea contrata como regresa en un 25%, lo que es muy bueno. Por lo mismo, queremos invitar a los empleadores a que postulen a este subsidio en cualquiera de las dos l\u00edneas, llamamos a todos aquellos que tengan negocios o emprendimientos que les permita contratar personal bajo el C\u00f3digo de Trabajo, lo que busca precisamente este subsidio, es incentivar la contrataci\u00f3n con una ayuda econ\u00f3mica que llega hasta los $270.000 mil pesos por cada trabajador contratado. Invitamos a informarse, la postulaci\u00f3n es muy simple, entra a la p\u00e1gina www.sence.cl y hay un banner de Subsidio al Empleo o directamente en la p\u00e1gina www.subsidioalempleo.cl, no tiene que subir ning\u00fan documento, solamente ingresar con su clave tributaria, afirm\u00f3\u00bb.<\/p>\n<p style=\"text-align: justify;\"><strong>Nuevo Subsidio Protege y apoyo al empleo femenino<\/strong><\/p>\n<p style=\"text-align: justify;\">Durante la transmisi\u00f3n, las autoridades entregaron detalles sobre el nuevo Subsidio Protege, anunciado por el Presidente, cuyas postulaciones se abrir\u00e1n en febrero y se postular\u00e1 en el mismo sitio www.subsidioalempleo.cl.<\/p>\n<p style=\"text-align: justify;\">Sobre la importancia de este nuevo subsidio anunciado, se refiri\u00f3 Tatiana Fontecha, Seremi (s) de la Mujer y la Equidad de G\u00e9nero, \u00abSin duda, esta crisis sanitaria ha sido una situaci\u00f3n que ha golpeado fuertemente al empleo, especialmente, el femenino. Sabemos que muchos hogares se han visto afectados, sobre todo aquellos que mayoritariamente son liderados por mujeres, jefas de hogar que han visto mermados sus empleos y por ende sus ingresos, y hoy a trav\u00e9s de mecanismos como los subsidios dados a conocer por el Ministerio del Trabajo, vemos la real posibilidad de que vuelvan a sus trabajo de manera tranquila, por ejemplo, asegurando el cuidado de sus ni\u00f1os y ni\u00f1as a trav\u00e9s del Subsidio Protege, una importante ayuda informada hace algunos d\u00edas por nuestro Presidente Sebasti\u00e1n Pi\u00f1era. En esta crisis sanitaria, el rol de las mujeres como fuerza laboral es clave y su contribuci\u00f3n en tiempos de reactivaci\u00f3n econ\u00f3mica, fundamental, porque s\u00f3lo juntos podremos salir adelante\u00bb.<\/p>\n<p style=\"text-align: justify;\">Siguiendo esta l\u00ednea, la Seremi Andrea Ponce puntualiz\u00f3, \u00abEl Subsidio al Empleo tiene un incentivo al entregar un mayor porcentaje para la contrataci\u00f3n de mujeres, personas con discapacidad y j\u00f3venes, sin embargo, el Subsidio Protege busca precisamente apoyar a aquellas trabajadoras que teniendo hijos menores de 2 a\u00f1os y no teniendo derecho a acceso a sala cuna, puedan tener el apoyo de este subsidio monetario de $200 mil mensuales por al menos 3 meses para continuar trabajando. Cabe destacar que este subsidio es tanto para madres como para padres o cuidadores de ni\u00f1os y ni\u00f1as menores de 2 a\u00f1os, ya sean independientes, honorarios o contratados, deben haberse reincorporado efectivamente al trabajo, ya sea en modalidad de teletrabajo, a distancia o mixta y, por \u00faltimo, no es necesario tener Registro Social de Hogares, Los invito a estar atentos y postular en febrero\u00bb.<\/p>\n<p style=\"text-align: justify;\">Entre los requisitos estar\u00e1 tener un m\u00ednimo de cotizaciones: Trabajadoras dependientes: 4 cotizaciones en los \u00faltimos 12 meses, debiendo ser al menos una correspondiente al \u00faltimo mes anterior a la postulaci\u00f3n para trabajadores\/as dependientes y para trabajadoras independientes, el requisito ser\u00e1 haber cotizado como independientes en la \u00faltima operaci\u00f3n renta. En tanto, el beneficio se extender\u00e1 por 3 meses, renovables mientras se mantenga vigente el Estado de Excepci\u00f3n con motivo de las condiciones sanitarias de la pandemia del Covid-19 que justifican su implementaci\u00f3n. La renovaci\u00f3n se realizar\u00e1 mensualmente por un periodo m\u00e1ximo de seis meses.<\/p>\n<\/div><\/section><\/div><\/p>\n<div  style='height:50px' class='hr hr-invisible   avia-builder-el-6  el_after_av_one_full  el_before_av_social_share '><span class='hr-inner ' ><span class='hr-inner-style'><\/span><\/span><\/div>\n<div  class='av-social-sharing-box  avia-builder-el-7  el_after_av_hr  el_before_av_hr  '><div class='av-share-box'><h5 class='av-share-link-description av-no-toc '>Compartir esta noticia<\/h5><ul class='av-share-box-list noLightbox'><li class='av-share-link av-social-link-facebook' ><a target=\"_blank\" aria-label=\"Compartir en Facebook\" href='https:\/\/www.facebook.com\/sharer.php?u=https:\/\/radiorevelacionfm.cl\/?p=1974&#038;t=En%20la%20regi%C3%B3n%20de%20Ays%C3%A9n%20m%C3%A1s%20de%201.100%20nuevas%20contrataciones%20se%20han%20realizado%20con%20el%20Subsidio%20Al%20Empleo' aria-hidden='false' data-av_icon='\ue8f3' data-av_iconfont='entypo-fontello' title='' data-avia-related-tooltip='Compartir en Facebook' rel=\"noopener\"><span class='avia_hidden_link_text'>Compartir en Facebook<\/span><\/a><\/li><li class='av-share-link av-social-link-twitter' ><a target=\"_blank\" aria-label=\"Compartir en Twitter\" href='https:\/\/twitter.com\/share?text=En%20la%20regi%C3%B3n%20de%20Ays%C3%A9n%20m%C3%A1s%20de%201.100%20nuevas%20contrataciones%20se%20han%20realizado%20con%20el%20Subsidio%20Al%20Empleo&#038;url=https:\/\/radiorevelacionfm.cl\/?p=1974' aria-hidden='false' data-av_icon='\ue8f1' data-av_iconfont='entypo-fontello' title='' data-avia-related-tooltip='Compartir en Twitter' rel=\"noopener\"><span class='avia_hidden_link_text'>Compartir en Twitter<\/span><\/a><\/li><li class='av-share-link av-social-link-whatsapp' ><a target=\"_blank\" aria-label=\"Compartir en Whatsapp\" href='https:\/\/api.whatsapp.com\/send?text=https:\/\/radiorevelacionfm.cl\/?p=1974' aria-hidden='false' data-av_icon='\uf232' data-av_iconfont='entypo-fontello' title='' data-avia-related-tooltip='Compartir en Whatsapp' rel=\"noopener\"><span class='avia_hidden_link_text'>Compartir en Whatsapp<\/span><\/a><\/li><li class='av-share-link av-social-link-linkedin' ><a target=\"_blank\" aria-label=\"Compartir en LinkedIn\" href='https:\/\/linkedin.com\/shareArticle?mini=true&#038;title=En%20la%20regi%C3%B3n%20de%20Ays%C3%A9n%20m%C3%A1s%20de%201.100%20nuevas%20contrataciones%20se%20han%20realizado%20con%20el%20Subsidio%20Al%20Empleo&#038;url=https:\/\/radiorevelacionfm.cl\/?p=1974' aria-hidden='false' data-av_icon='\ue8fc' data-av_iconfont='entypo-fontello' title='' data-avia-related-tooltip='Compartir en LinkedIn' rel=\"noopener\"><span class='avia_hidden_link_text'>Compartir en LinkedIn<\/span><\/a><\/li><li class='av-share-link av-social-link-mail' ><a  aria-label=\"Compartir por correo\" href='mailto:?subject=En%20la%20regi%C3%B3n%20de%20Ays%C3%A9n%20m%C3%A1s%20de%201.100%20nuevas%20contrataciones%20se%20han%20realizado%20con%20el%20Subsidio%20Al%20Empleo&#038;body=https:\/\/radiorevelacionfm.cl\/?p=1974' aria-hidden='false' data-av_icon='\ue805' data-av_iconfont='entypo-fontello' title='' data-avia-related-tooltip='Compartir por correo'><span class='avia_hidden_link_text'>Compartir por correo<\/span><\/a><\/li><\/ul><\/div><\/div>\n<div  style='height:50px' class='hr hr-invisible   avia-builder-el-8  el_after_av_social_share  el_before_av_comments_list '><span class='hr-inner ' ><span class='hr-inner-style'><\/span><\/span><\/div>\n<div  class='av-buildercomment  av-blog-meta-html-info-disabled av-blog-meta-tag-disabled  '><\/div>\n","protected":false},"excerpt":{"rendered":"","protected":false},"author":1,"featured_media":0,"comment_status":"open","ping_status":"open","sticky":false,"template":"","format":"standard","meta":{"footnotes":""},"categories":[56],"tags":[],"class_list":["post-1974","post","type-post","status-publish","format-standard","hentry","category-trabajo"],"jetpack_featured_media_url":"","_links":{"self":[{"href":"https:\/\/radiorevelacionfm.cl\/index.php?rest_route=\/wp\/v2\/posts\/1974","targetHints":{"allow":["GET"]}}],"collection":[{"href":"https:\/\/radiorevelacionfm.cl\/index.php?rest_route=\/wp\/v2\/posts"}],"about":[{"href":"https:\/\/radiorevelacionfm.cl\/index.php?rest_route=\/wp\/v2\/types\/post"}],"author":[{"embeddable":true,"href":"https:\/\/radiorevelacionfm.cl\/index.php?rest_route=\/wp\/v2\/users\/1"}],"replies":[{"embeddable":true,"href":"https:\/\/radiorevelacionfm.cl\/index.php?rest_route=%2Fwp%2Fv2%2Fcomments&post=1974"}],"version-history":[{"count":2,"href":"https:\/\/radiorevelacionfm.cl\/index.php?rest_route=\/wp\/v2\/posts\/1974\/revisions"}],"predecessor-version":[{"id":1987,"href":"https:\/\/radiorevelacionfm.cl\/index.php?rest_route=\/wp\/v2\/posts\/1974\/revisions\/1987"}],"wp:attachment":[{"href":"https:\/\/radiorevelacionfm.cl\/index.php?rest_route=%2Fwp%2Fv2%2Fmedia&parent=1974"}],"wp:term":[{"taxonomy":"category","embeddable":true,"href":"https:\/\/radiorevelacionfm.cl\/index.php?rest_route=%2Fwp%2Fv2%2Fcategories&post=1974"},{"taxonomy":"post_tag","embeddable":true,"href":"https:\/\/radiorevelacionfm.cl\/index.php?rest_route=%2Fwp%2Fv2%2Ftags&post=1974"}],"curies":[{"name":"wp","href":"https:\/\/api.w.org\/{rel}","templated":true}]}}