{"id":19739,"date":"2022-07-27T20:04:14","date_gmt":"2022-07-27T23:04:14","guid":{"rendered":"https:\/\/radiorevelacionfm.cl\/?p=19739"},"modified":"2022-07-27T20:04:14","modified_gmt":"2022-07-27T23:04:14","slug":"piden-al-core-aprobar-aumento-presupuestario-para-proyecto-de-alcantarillado-de-puerto-bertrand","status":"publish","type":"post","link":"https:\/\/radiorevelacionfm.cl\/?p=19739","title":{"rendered":"Piden al Core aprobar aumento presupuestario para proyecto de alcantarillado de Puerto Bertrand"},"content":{"rendered":"<div class=\"flex_column av_one_full  flex_column_div av-zero-column-padding first  avia-builder-el-0  el_before_av_one_full  avia-builder-el-first  \" style='border-radius:0px; '><div  class='avia-image-container  av-styling-    avia-builder-el-1  avia-builder-el-no-sibling  avia-align-center '  itemprop=\"image\" itemscope=\"itemscope\" itemtype=\"https:\/\/schema.org\/ImageObject\"  ><div class='avia-image-container-inner'><div class='avia-image-overlay-wrap'><img decoding=\"async\" class='wp-image-19740 avia-img-lazy-loading-not-19740 avia_image' src=\"https:\/\/radiorevelacionfm.cl\/wp-content\/uploads\/2022\/07\/CALISTO3-1-1.jpg\" alt='' title='CALISTO3 (1) (1)' height=\"600\" width=\"1095\"  itemprop=\"thumbnailUrl\" srcset=\"https:\/\/radiorevelacionfm.cl\/wp-content\/uploads\/2022\/07\/CALISTO3-1-1.jpg 1095w, https:\/\/radiorevelacionfm.cl\/wp-content\/uploads\/2022\/07\/CALISTO3-1-1-300x164.jpg 300w, https:\/\/radiorevelacionfm.cl\/wp-content\/uploads\/2022\/07\/CALISTO3-1-1-1030x564.jpg 1030w, https:\/\/radiorevelacionfm.cl\/wp-content\/uploads\/2022\/07\/CALISTO3-1-1-768x421.jpg 768w, https:\/\/radiorevelacionfm.cl\/wp-content\/uploads\/2022\/07\/CALISTO3-1-1-705x386.jpg 705w, https:\/\/radiorevelacionfm.cl\/wp-content\/uploads\/2022\/07\/CALISTO3-1-1-600x329.jpg 600w\" sizes=\"(max-width: 1095px) 100vw, 1095px\" \/><\/div><\/div><\/div><\/div><div class=\"flex_column av_one_full  flex_column_div av-zero-column-padding first  avia-builder-el-2  el_after_av_one_full  el_before_av_one_full  column-top-margin\" style='border-radius:0px; '><section class=\"av_textblock_section \"  itemscope=\"itemscope\" itemtype=\"https:\/\/schema.org\/BlogPosting\" itemprop=\"blogPost\" ><div class='avia_textblock  '   itemprop=\"text\" ><p style=\"text-align: center;\"><span style=\"font-size: 18pt;\"><b><span lang=\"ES\">Piden al Core aprobar aumento presupuestario para proyecto de alcantarillado de Puerto Bertrand<\/span><\/b><\/span><\/p>\n<div id=\"gtx-trans\" style=\"position: absolute; left: -50px; top: 4.31534px;\">\n<div class=\"gtx-trans-icon\"><\/div>\n<\/div>\n<\/div><\/section><\/div><div class=\"flex_column av_one_full  flex_column_div av-zero-column-padding first  avia-builder-el-4  el_after_av_one_full  el_before_av_hr  column-top-margin\" style='border-radius:0px; '><section class=\"av_textblock_section \"  itemscope=\"itemscope\" itemtype=\"https:\/\/schema.org\/BlogPosting\" itemprop=\"blogPost\" ><div class='avia_textblock  '   itemprop=\"text\" ><p style=\"font-weight: 400; text-align: justify;\">Como una gran noticia calific\u00f3 el diputado Miguel \u00c1ngel Calisto y la Consejera Regional Paulina Hern\u00e1ndez la puesta en tabla en el CORE del aumento presupuestario para el proyecto que permitir\u00e1 la construcci\u00f3n del alcantarillado en Puerto Bertrand, iniciativa muy anhelada por las vecinas y vecinos de esta localidad emplazada en el Lago General Carrera.<\/p>\n<p style=\"font-weight: 400; text-align: justify;\">Las autoridades instaron a los Consejeros Regionales a aprobar este aumento presupuestario de 738 millones de pesos y as\u00ed agilizar y concretar definitivamente la construcci\u00f3n del alcantarillado. La iniciativa se votar\u00e1 este viernes en el pleno del Consejo Regional.<\/p>\n<p style=\"font-weight: 400; text-align: justify;\">Seg\u00fan el legislador, quien junto a la Consejera se reunieron hace algunas semanas con la comunidad de Puerto Bertrand, \u201chay mucha preocupaci\u00f3n en Puerto Bertrand por la infraestructrura, especialmente por la necesidad de contar con alcantarillado y un nuevo borde costero. Tenemos la buena noticia que el Gobierno Regional ha puesto en tabla el proyecto de alcantarillado, lo que va a permitir beneficiar a esta importante localidad de la comuna de Chile Chico en la cuenca del Lago General Carrera\u201d.<\/p>\n<p style=\"font-weight: 400; text-align: justify;\">\u201cValoramos la decisi\u00f3n del Gobierno Regional. Para nosotros es muy importante el rol que ha cumplido Paulina Hern\u00e1ndez, nuestra Consejera Regional en la zona, como tambi\u00e9n los concejales Mario Figueroa y Ariel Keim. Ya nos comunicamos con otros Consejeros Regionales para que puedan aportar con los votos necesarios para que este aumento presupuestario sea aprobado, tomando en cuenta que ya tienen recomendaci\u00f3n t\u00e9cnica por parte del Ministerio de Desarrollo Social\u201d.<\/p>\n<p style=\"font-weight: 400; text-align: justify;\">Por su parte, la consejera Paulina Hern\u00e1ndez indic\u00f3 que \u201ctenemos mucha esperanza por este proyecto. Ha sido un trabajo muy arduo, tanto del diputado como de los concejales de la comuna de Chile Chico. Estuvimos con la Junta de Vecinos de Bertrand, y uno de los requerimientos que nos hac\u00edan era sobre el anhelado proyecto de alcantarillado. Hoy est\u00e1 en tabla y esperamos contar con el apoyo del pleno de los Consejeros Regionales, como tambi\u00e9n del apoyo del ejecutivo del Gobierno Regional\u201d.<\/p>\n<p style=\"font-weight: 400; text-align: justify;\">\u201cSe trata de un proyecto de 738 millones de pesos, que viene a aumentar el presupuesto disponible para esta iniciativa.\u00a0 Esperamos avanzar y tambi\u00e9n vamos a estar pendientes para que esto se empiece a ejecutar en el menor tiempo posible. Ha sido un trabajo de mucho tiempo, de larga data, pero hoy vemos el reflejo que las gestiones y conversaciones han dado fruto\u201d, se\u00f1al\u00f3.<\/p>\n<p style=\"font-weight: 400; text-align: justify;\">Finalmente, la Consejera se\u00f1al\u00f3 que \u201cla localidad de Puerto Bertrand va en desarrollo hacia el \u00e1rea del turismo, como tambi\u00e9n de la habitabilidad de sus habitantes. Con esta iniciativa se mejorar\u00e1 la calidad de vida de los vecinos. No me cabe duda que los Consejeros Regionales van a apoyar esta iniciativa y el incremento presupuestario necesario para empezar con el proceso de adjudicaci\u00f3n de la obra, y as\u00ed tambi\u00e9n avanzar en el proyecto de la Costanera, que tambi\u00e9n es muy anhelado.<\/p>\n<\/div><\/section><\/div><div  style='height:50px' class='hr hr-invisible   avia-builder-el-6  el_after_av_one_full  el_before_av_social_share '><span class='hr-inner ' ><span class='hr-inner-style'><\/span><\/span><\/div><\/p>\n<div  class='av-social-sharing-box  avia-builder-el-7  el_after_av_hr  el_before_av_hr  '><div class='av-share-box'><h5 class='av-share-link-description av-no-toc '>Compartir esta noticia<\/h5><ul class='av-share-box-list noLightbox'><li class='av-share-link av-social-link-facebook' ><a target=\"_blank\" aria-label=\"Compartir en Facebook\" href='https:\/\/www.facebook.com\/sharer.php?u=https:\/\/radiorevelacionfm.cl\/?p=19739&#038;t=Piden%20al%20Core%20aprobar%20aumento%20presupuestario%20para%20proyecto%20de%20alcantarillado%20de%20Puerto%20Bertrand' aria-hidden='false' data-av_icon='\ue8f3' data-av_iconfont='entypo-fontello' title='' data-avia-related-tooltip='Compartir en Facebook' rel=\"noopener\"><span class='avia_hidden_link_text'>Compartir en Facebook<\/span><\/a><\/li><li class='av-share-link av-social-link-twitter' ><a target=\"_blank\" aria-label=\"Compartir en Twitter\" href='https:\/\/twitter.com\/share?text=Piden%20al%20Core%20aprobar%20aumento%20presupuestario%20para%20proyecto%20de%20alcantarillado%20de%20Puerto%20Bertrand&#038;url=https:\/\/radiorevelacionfm.cl\/?p=19739' aria-hidden='false' data-av_icon='\ue8f1' data-av_iconfont='entypo-fontello' title='' data-avia-related-tooltip='Compartir en Twitter' rel=\"noopener\"><span class='avia_hidden_link_text'>Compartir en Twitter<\/span><\/a><\/li><li class='av-share-link av-social-link-whatsapp' ><a target=\"_blank\" aria-label=\"Compartir en Whatsapp\" href='https:\/\/api.whatsapp.com\/send?text=https:\/\/radiorevelacionfm.cl\/?p=19739' aria-hidden='false' data-av_icon='\uf232' data-av_iconfont='entypo-fontello' title='' data-avia-related-tooltip='Compartir en Whatsapp' rel=\"noopener\"><span class='avia_hidden_link_text'>Compartir en Whatsapp<\/span><\/a><\/li><li class='av-share-link av-social-link-linkedin' ><a target=\"_blank\" aria-label=\"Compartir en LinkedIn\" href='https:\/\/linkedin.com\/shareArticle?mini=true&#038;title=Piden%20al%20Core%20aprobar%20aumento%20presupuestario%20para%20proyecto%20de%20alcantarillado%20de%20Puerto%20Bertrand&#038;url=https:\/\/radiorevelacionfm.cl\/?p=19739' aria-hidden='false' data-av_icon='\ue8fc' data-av_iconfont='entypo-fontello' title='' data-avia-related-tooltip='Compartir en LinkedIn' rel=\"noopener\"><span class='avia_hidden_link_text'>Compartir en LinkedIn<\/span><\/a><\/li><li class='av-share-link av-social-link-mail' ><a  aria-label=\"Compartir por correo\" href='mailto:?subject=Piden%20al%20Core%20aprobar%20aumento%20presupuestario%20para%20proyecto%20de%20alcantarillado%20de%20Puerto%20Bertrand&#038;body=https:\/\/radiorevelacionfm.cl\/?p=19739' aria-hidden='false' data-av_icon='\ue805' data-av_iconfont='entypo-fontello' title='' data-avia-related-tooltip='Compartir por correo'><span class='avia_hidden_link_text'>Compartir por correo<\/span><\/a><\/li><\/ul><\/div><\/div>\n<div  style='height:50px' class='hr hr-invisible   avia-builder-el-8  el_after_av_social_share  el_before_av_comments_list '><span class='hr-inner ' ><span class='hr-inner-style'><\/span><\/span><\/div>\n<div  class='av-buildercomment  av-blog-meta-html-info-disabled av-blog-meta-tag-disabled  '><\/div>\n","protected":false},"excerpt":{"rendered":"","protected":false},"author":1,"featured_media":19740,"comment_status":"open","ping_status":"open","sticky":false,"template":"","format":"standard","meta":{"footnotes":""},"categories":[35],"tags":[],"class_list":["post-19739","post","type-post","status-publish","format-standard","has-post-thumbnail","hentry","category-politica"],"jetpack_featured_media_url":"https:\/\/radiorevelacionfm.cl\/wp-content\/uploads\/2022\/07\/CALISTO3-1-1.jpg","_links":{"self":[{"href":"https:\/\/radiorevelacionfm.cl\/index.php?rest_route=\/wp\/v2\/posts\/19739","targetHints":{"allow":["GET"]}}],"collection":[{"href":"https:\/\/radiorevelacionfm.cl\/index.php?rest_route=\/wp\/v2\/posts"}],"about":[{"href":"https:\/\/radiorevelacionfm.cl\/index.php?rest_route=\/wp\/v2\/types\/post"}],"author":[{"embeddable":true,"href":"https:\/\/radiorevelacionfm.cl\/index.php?rest_route=\/wp\/v2\/users\/1"}],"replies":[{"embeddable":true,"href":"https:\/\/radiorevelacionfm.cl\/index.php?rest_route=%2Fwp%2Fv2%2Fcomments&post=19739"}],"version-history":[{"count":2,"href":"https:\/\/radiorevelacionfm.cl\/index.php?rest_route=\/wp\/v2\/posts\/19739\/revisions"}],"predecessor-version":[{"id":19742,"href":"https:\/\/radiorevelacionfm.cl\/index.php?rest_route=\/wp\/v2\/posts\/19739\/revisions\/19742"}],"wp:featuredmedia":[{"embeddable":true,"href":"https:\/\/radiorevelacionfm.cl\/index.php?rest_route=\/wp\/v2\/media\/19740"}],"wp:attachment":[{"href":"https:\/\/radiorevelacionfm.cl\/index.php?rest_route=%2Fwp%2Fv2%2Fmedia&parent=19739"}],"wp:term":[{"taxonomy":"category","embeddable":true,"href":"https:\/\/radiorevelacionfm.cl\/index.php?rest_route=%2Fwp%2Fv2%2Fcategories&post=19739"},{"taxonomy":"post_tag","embeddable":true,"href":"https:\/\/radiorevelacionfm.cl\/index.php?rest_route=%2Fwp%2Fv2%2Ftags&post=19739"}],"curies":[{"name":"wp","href":"https:\/\/api.w.org\/{rel}","templated":true}]}}