{"id":19735,"date":"2022-07-27T19:16:27","date_gmt":"2022-07-27T22:16:27","guid":{"rendered":"https:\/\/radiorevelacionfm.cl\/?p=19735"},"modified":"2022-07-27T19:16:27","modified_gmt":"2022-07-27T22:16:27","slug":"carabineros-imparte-taller-de-autoproteccion-personal-para-mujeres-de-la-comuna-de-aysen","status":"publish","type":"post","link":"https:\/\/radiorevelacionfm.cl\/?p=19735","title":{"rendered":"Carabineros imparte taller de autoprotecci\u00f3n personal para mujeres de la comuna de Ays\u00e9n"},"content":{"rendered":"<div class=\"flex_column av_one_full  flex_column_div av-zero-column-padding first  avia-builder-el-0  el_before_av_one_full  avia-builder-el-first  \" style='border-radius:0px; '><div  class='avia-image-container  av-styling-    avia-builder-el-1  avia-builder-el-no-sibling  avia-align-center '  itemprop=\"image\" itemscope=\"itemscope\" itemtype=\"https:\/\/schema.org\/ImageObject\"  ><div class='avia-image-container-inner'><div class='avia-image-overlay-wrap'><img decoding=\"async\" class='wp-image-19736 avia-img-lazy-loading-not-19736 avia_image' src=\"https:\/\/radiorevelacionfm.cl\/wp-content\/uploads\/2022\/07\/a8654dd3-6135-41c6-b581-7a75df728f15-1-1.jpg\" alt='' title='a8654dd3-6135-41c6-b581-7a75df728f15 (1) (1)' height=\"600\" width=\"1299\"  itemprop=\"thumbnailUrl\" srcset=\"https:\/\/radiorevelacionfm.cl\/wp-content\/uploads\/2022\/07\/a8654dd3-6135-41c6-b581-7a75df728f15-1-1.jpg 1299w, https:\/\/radiorevelacionfm.cl\/wp-content\/uploads\/2022\/07\/a8654dd3-6135-41c6-b581-7a75df728f15-1-1-300x139.jpg 300w, https:\/\/radiorevelacionfm.cl\/wp-content\/uploads\/2022\/07\/a8654dd3-6135-41c6-b581-7a75df728f15-1-1-1030x476.jpg 1030w, https:\/\/radiorevelacionfm.cl\/wp-content\/uploads\/2022\/07\/a8654dd3-6135-41c6-b581-7a75df728f15-1-1-768x355.jpg 768w, https:\/\/radiorevelacionfm.cl\/wp-content\/uploads\/2022\/07\/a8654dd3-6135-41c6-b581-7a75df728f15-1-1-705x326.jpg 705w, https:\/\/radiorevelacionfm.cl\/wp-content\/uploads\/2022\/07\/a8654dd3-6135-41c6-b581-7a75df728f15-1-1-600x277.jpg 600w\" sizes=\"(max-width: 1299px) 100vw, 1299px\" \/><\/div><\/div><\/div><\/div><div class=\"flex_column av_one_full  flex_column_div av-zero-column-padding first  avia-builder-el-2  el_after_av_one_full  el_before_av_one_full  column-top-margin\" style='border-radius:0px; '><section class=\"av_textblock_section \"  itemscope=\"itemscope\" itemtype=\"https:\/\/schema.org\/BlogPosting\" itemprop=\"blogPost\" ><div class='avia_textblock  '   itemprop=\"text\" ><p style=\"text-align: center;\"><strong><span style=\"font-size: 18pt;\">Carabineros imparte taller de autoprotecci\u00f3n personal para mujeres de la comuna de Ays\u00e9n<\/span><\/strong><\/p>\n<div id=\"gtx-trans\" style=\"position: absolute; left: -50px; top: 4.31534px;\">\n<div class=\"gtx-trans-icon\"><\/div>\n<\/div>\n<\/div><\/section><\/div><div class=\"flex_column av_one_full  flex_column_div av-zero-column-padding first  avia-builder-el-4  el_after_av_one_full  el_before_av_hr  column-top-margin\" style='border-radius:0px; '><section class=\"av_textblock_section \"  itemscope=\"itemscope\" itemtype=\"https:\/\/schema.org\/BlogPosting\" itemprop=\"blogPost\" ><div class='avia_textblock  '   itemprop=\"text\" ><p class=\"v1MsoNormal\" style=\"text-align: justify;\">Prevenir ser v\u00edctimas de delito y contar con los conocimientos necesarios que le permitan a la mujer ponerse a salvo ante alg\u00fan ataque, intento de robo o de agresi\u00f3n, es el objetivo de un taller de autocuidado dirigido a la mujer en la comuna de Ays\u00e9n, el cual es impartido por el Jefe de la Oficina de Integraci\u00f3n Comunitaria (MICC) de Carabineros de la 2da. Comisar\u00eda de la ciudad porte\u00f1a.<\/p>\n<p class=\"v1MsoNormal\" style=\"text-align: justify;\">El Suboficial Mayor Renato Orellana, quien es instructor certificado en taekwondo 2do Dan, indic\u00f3 que a su llegada a la comuna, pudo advertir a las pocas semanas la existencia de abundantes casos de violencia intrafamiliar, lo cual motiv\u00f3 el implementar esta iniciativa, la cual debi\u00f3 ser postergada dado el inicio de la pandemia por Covid 19.<\/p>\n<p class=\"v1MsoNormal\" style=\"text-align: justify;\"><b>Prevenci\u00f3n de la violencia<\/b><\/p>\n<p class=\"v1MsoNormal\" style=\"text-align: justify;\">Una agresi\u00f3n sufrida por una joven por parte de un desconocido \u2013mientras paseaba en bicicleta- en el sector del puente Dunn a fines del mes de marzo y que fue viralizada a trav\u00e9s de las redes sociales, motiv\u00f3 a Carabineros a reactivar la implementaci\u00f3n de esta iniciativa.<\/p>\n<p class=\"v1MsoNormal\" style=\"text-align: justify;\">\u00abFue entonces cuando activamos nuestra alerta siendo necesario reforzar o fortalecer las t\u00e9cnicas en cuanto al autocuidado o autodefensa para la mujer y poder impartir estas clases\u00bb, indic\u00f3 el Suboficial Mayor quien a\u00f1adi\u00f3 que la medida busca contribuir a poder minimizar los riesgos que pueda sufrir la mujer ante un hecho inesperado.<\/p>\n<p class=\"v1MsoNormal\" style=\"text-align: justify;\">Tras lo anterior el Jefe de la MICC realiz\u00f3 la difusi\u00f3n a trav\u00e9s de las radios de la comuna, sumado al apoyo de la Municipalidad de Ays\u00e9n en elaboraci\u00f3n de afiches y material gr\u00e1fico siendo distribuidos en distintos puntos de la ciudad.<\/p>\n<p class=\"v1MsoNormal\" style=\"text-align: justify;\">\u00abEsto est\u00e1 enmarcado en la prevenci\u00f3n de la violencia contra la mujer, as\u00ed como ataques en la v\u00eda p\u00fablica, asaltos y m\u00e1s que todo para potenciar la seguridad en ellas\u00bb<\/p>\n<p class=\"v1MsoNormal\" style=\"text-align: justify;\">Uno de los requisitos exigidos a las mujeres para participar del taller es contar con el esquema completo de vacunaci\u00f3n contra la pandemia.<\/p>\n<p class=\"v1MsoNormal\" style=\"text-align: justify;\">Actualmente son alrededor de 35 mujeres que asisten a estos talleres que se imparten en el Gimnasio de la Plaza de Armas de Puerto Ays\u00e9n a cargo de la red de profesores de educaci\u00f3n f\u00edsica (cuadrante 1) donde participan 24 mujeres, en tanto que el segundo taller se realiza en la Sede de la Junta de Vecinos Litoral Austral (cuadrante 2) el cual cuenta con 12 asistentes.<\/p>\n<p class=\"v1MsoNormal\" style=\"text-align: justify;\">\u00abNo hay l\u00edmite de edad, porque son t\u00e9cnicas b\u00e1sicas que no requieren mayor destreza ni fuerza. Dentro del programa se elimin\u00f3 todo lo que tiene que ver con golpes y solo son t\u00e9cnicas de neutralizar, evadir, zafarse, evitar el peligro y escapar de un eventual ataque\u00bb, explic\u00f3 el Jefe de la Oficina MICC de la 2da. Comisar\u00eda de Puerto Ays\u00e9n.<\/p>\n<p class=\"v1MsoNormal\" style=\"text-align: justify;\">Se trata de sencillos movimientos que se desarrollan con apoyo de otros funcionarios entre ellos el Suboficial Patricio Tauler, la Carabinero Araceli Vicencio y los Carabineros Alexander Echaiz y Rodrigo Saavedra, t\u00e9cnicas que pueden ser aplicadas en todo momento, permitiendo a la v\u00edctima mantenerse a salvo y poder defenderse ante un momento de peligro.<\/p>\n<p class=\"v1MsoNormal\" style=\"text-align: justify;\">Durante el desarrollo de los talleres, las mujeres est\u00e1n aprendiendo materias referidas al autocuidado, no obstante, adquieren conocimientos sobre la parte t\u00e9cnica que tiene el taekwondo como el bloqueo y defensa.<\/p>\n<p class=\"v1MsoNormal\" style=\"text-align: justify;\">Las clases que comenzaron hacia fines del mes de junio son gratuitas y se desarrollan los d\u00edas martes de 18:30 a 20:00 horas y los jueves de 20:00 a 22:00 horas, taller que culminar\u00e1 con una certificaci\u00f3n durante la \u00faltima semana del mes de agosto.<\/p>\n<p class=\"v1MsoNormal\" style=\"text-align: justify;\"><b>Experiencia en artes marciales<\/b><\/p>\n<p class=\"v1MsoNormal\" style=\"text-align: justify;\">La actividad a cargo del Jefe de la Oficina MICC de la 2da. Comisar\u00eda de Puerto Ays\u00e9n, a partir del a\u00f1o 2016 y por cuatro a\u00f1os consecutivos, se desarroll\u00f3 en la comuna de Penco, resultando ganadora a nivel nacional como una buena pr\u00e1ctica policial, contando igualmente con el apoyo y valoraci\u00f3n por parte de la comunidad.<\/p>\n<p class=\"v1MsoNormal\" style=\"text-align: justify;\">El Suboficial Mayor Renato Orellana posee una vasta experiencia en el manejo y dominio de diversos estilos y t\u00e9cnicas de combate, entre ellas el taekwondo, disciplina que ha practicado por 22 a\u00f1os, obteniendo el grado t\u00e9cnico de cintur\u00f3n negro 2do. Dan, maestr\u00eda que se encuentra validada y certificada por la Federaci\u00f3n Nacional de Taekwondo, junto con poseer formaci\u00f3n como monitor de defensa personal policial.<\/p>\n<p class=\"v1MsoNormal\" style=\"text-align: justify;\">A comienzo de la d\u00e9cada del &#8217;90 el funcionario integr\u00f3 por cuatro a\u00f1os el Club de Judo de Carabineros, conocimientos que m\u00e1s tarde complement\u00f3 con otras artes marciales de origen japon\u00e9s como son el Jiu-Jitsu y Aikido, conocimientos y experiencia que hoy busca poner al servicio de la comunidad y especialmente del g\u00e9nero femenino, contribuyendo a mejorar la confianza y prevenir el que sean v\u00edctimas de delito o agresi\u00f3n.<\/p>\n<\/div><\/section><\/div><div  style='height:50px' class='hr hr-invisible   avia-builder-el-6  el_after_av_one_full  el_before_av_social_share '><span class='hr-inner ' ><span class='hr-inner-style'><\/span><\/span><\/div><\/p>\n<div  class='av-social-sharing-box  avia-builder-el-7  el_after_av_hr  el_before_av_hr  '><div class='av-share-box'><h5 class='av-share-link-description av-no-toc '>Compartir esta noticia<\/h5><ul class='av-share-box-list noLightbox'><li class='av-share-link av-social-link-facebook' ><a target=\"_blank\" aria-label=\"Compartir en Facebook\" href='https:\/\/www.facebook.com\/sharer.php?u=https:\/\/radiorevelacionfm.cl\/?p=19735&#038;t=Carabineros%20imparte%20taller%20de%20autoprotecci%C3%B3n%20personal%20para%20mujeres%20de%20la%20comuna%20de%20Ays%C3%A9n' aria-hidden='false' data-av_icon='\ue8f3' data-av_iconfont='entypo-fontello' title='' data-avia-related-tooltip='Compartir en Facebook' rel=\"noopener\"><span class='avia_hidden_link_text'>Compartir en Facebook<\/span><\/a><\/li><li class='av-share-link av-social-link-twitter' ><a target=\"_blank\" aria-label=\"Compartir en Twitter\" href='https:\/\/twitter.com\/share?text=Carabineros%20imparte%20taller%20de%20autoprotecci%C3%B3n%20personal%20para%20mujeres%20de%20la%20comuna%20de%20Ays%C3%A9n&#038;url=https:\/\/radiorevelacionfm.cl\/?p=19735' aria-hidden='false' data-av_icon='\ue8f1' data-av_iconfont='entypo-fontello' title='' data-avia-related-tooltip='Compartir en Twitter' rel=\"noopener\"><span class='avia_hidden_link_text'>Compartir en Twitter<\/span><\/a><\/li><li class='av-share-link av-social-link-whatsapp' ><a target=\"_blank\" aria-label=\"Compartir en Whatsapp\" href='https:\/\/api.whatsapp.com\/send?text=https:\/\/radiorevelacionfm.cl\/?p=19735' aria-hidden='false' data-av_icon='\uf232' data-av_iconfont='entypo-fontello' title='' data-avia-related-tooltip='Compartir en Whatsapp' rel=\"noopener\"><span class='avia_hidden_link_text'>Compartir en Whatsapp<\/span><\/a><\/li><li class='av-share-link av-social-link-linkedin' ><a target=\"_blank\" aria-label=\"Compartir en LinkedIn\" href='https:\/\/linkedin.com\/shareArticle?mini=true&#038;title=Carabineros%20imparte%20taller%20de%20autoprotecci%C3%B3n%20personal%20para%20mujeres%20de%20la%20comuna%20de%20Ays%C3%A9n&#038;url=https:\/\/radiorevelacionfm.cl\/?p=19735' aria-hidden='false' data-av_icon='\ue8fc' data-av_iconfont='entypo-fontello' title='' data-avia-related-tooltip='Compartir en LinkedIn' rel=\"noopener\"><span class='avia_hidden_link_text'>Compartir en LinkedIn<\/span><\/a><\/li><li class='av-share-link av-social-link-mail' ><a  aria-label=\"Compartir por correo\" href='mailto:?subject=Carabineros%20imparte%20taller%20de%20autoprotecci%C3%B3n%20personal%20para%20mujeres%20de%20la%20comuna%20de%20Ays%C3%A9n&#038;body=https:\/\/radiorevelacionfm.cl\/?p=19735' aria-hidden='false' data-av_icon='\ue805' data-av_iconfont='entypo-fontello' title='' data-avia-related-tooltip='Compartir por correo'><span class='avia_hidden_link_text'>Compartir por correo<\/span><\/a><\/li><\/ul><\/div><\/div>\n<div  style='height:50px' class='hr hr-invisible   avia-builder-el-8  el_after_av_social_share  el_before_av_comments_list '><span class='hr-inner ' ><span class='hr-inner-style'><\/span><\/span><\/div>\n<div  class='av-buildercomment  av-blog-meta-html-info-disabled av-blog-meta-tag-disabled  '><\/div>\n","protected":false},"excerpt":{"rendered":"","protected":false},"author":1,"featured_media":19736,"comment_status":"open","ping_status":"open","sticky":false,"template":"","format":"standard","meta":{"footnotes":""},"categories":[36],"tags":[],"class_list":["post-19735","post","type-post","status-publish","format-standard","has-post-thumbnail","hentry","category-policial"],"jetpack_featured_media_url":"https:\/\/radiorevelacionfm.cl\/wp-content\/uploads\/2022\/07\/a8654dd3-6135-41c6-b581-7a75df728f15-1-1.jpg","_links":{"self":[{"href":"https:\/\/radiorevelacionfm.cl\/index.php?rest_route=\/wp\/v2\/posts\/19735","targetHints":{"allow":["GET"]}}],"collection":[{"href":"https:\/\/radiorevelacionfm.cl\/index.php?rest_route=\/wp\/v2\/posts"}],"about":[{"href":"https:\/\/radiorevelacionfm.cl\/index.php?rest_route=\/wp\/v2\/types\/post"}],"author":[{"embeddable":true,"href":"https:\/\/radiorevelacionfm.cl\/index.php?rest_route=\/wp\/v2\/users\/1"}],"replies":[{"embeddable":true,"href":"https:\/\/radiorevelacionfm.cl\/index.php?rest_route=%2Fwp%2Fv2%2Fcomments&post=19735"}],"version-history":[{"count":2,"href":"https:\/\/radiorevelacionfm.cl\/index.php?rest_route=\/wp\/v2\/posts\/19735\/revisions"}],"predecessor-version":[{"id":19738,"href":"https:\/\/radiorevelacionfm.cl\/index.php?rest_route=\/wp\/v2\/posts\/19735\/revisions\/19738"}],"wp:featuredmedia":[{"embeddable":true,"href":"https:\/\/radiorevelacionfm.cl\/index.php?rest_route=\/wp\/v2\/media\/19736"}],"wp:attachment":[{"href":"https:\/\/radiorevelacionfm.cl\/index.php?rest_route=%2Fwp%2Fv2%2Fmedia&parent=19735"}],"wp:term":[{"taxonomy":"category","embeddable":true,"href":"https:\/\/radiorevelacionfm.cl\/index.php?rest_route=%2Fwp%2Fv2%2Fcategories&post=19735"},{"taxonomy":"post_tag","embeddable":true,"href":"https:\/\/radiorevelacionfm.cl\/index.php?rest_route=%2Fwp%2Fv2%2Ftags&post=19735"}],"curies":[{"name":"wp","href":"https:\/\/api.w.org\/{rel}","templated":true}]}}