{"id":19732,"date":"2022-07-28T10:16:55","date_gmt":"2022-07-28T13:16:55","guid":{"rendered":"https:\/\/radiorevelacionfm.cl\/?p=19732"},"modified":"2022-07-28T10:16:55","modified_gmt":"2022-07-28T13:16:55","slug":"core-aysen-aprobo-aumento-presupuestario-para-posta-de-salud-rural-de-puerto-guadal","status":"publish","type":"post","link":"https:\/\/radiorevelacionfm.cl\/?p=19732","title":{"rendered":"Core Ays\u00e9n aprob\u00f3 aumento presupuestario para Posta de Salud Rural de Puerto Guadal"},"content":{"rendered":"<div class=\"flex_column av_one_full  flex_column_div av-zero-column-padding first  avia-builder-el-0  el_before_av_one_full  avia-builder-el-first  \" style='border-radius:0px; '><div  class='avia-image-container  av-styling-    avia-builder-el-1  avia-builder-el-no-sibling  avia-align-center '  itemprop=\"image\" itemscope=\"itemscope\" itemtype=\"https:\/\/schema.org\/ImageObject\"  ><div class='avia-image-container-inner'><div class='avia-image-overlay-wrap'><img decoding=\"async\" class='wp-image-19733 avia-img-lazy-loading-not-19733 avia_image' src=\"https:\/\/radiorevelacionfm.cl\/wp-content\/uploads\/2022\/07\/core-posta-guadal-1-1_optimized.jpeg\" alt='' title='core-posta-guadal-1-(1)_optimized' height=\"600\" width=\"802\"  itemprop=\"thumbnailUrl\" srcset=\"https:\/\/radiorevelacionfm.cl\/wp-content\/uploads\/2022\/07\/core-posta-guadal-1-1_optimized.jpeg 802w, https:\/\/radiorevelacionfm.cl\/wp-content\/uploads\/2022\/07\/core-posta-guadal-1-1_optimized-300x224.jpeg 300w, https:\/\/radiorevelacionfm.cl\/wp-content\/uploads\/2022\/07\/core-posta-guadal-1-1_optimized-768x575.jpeg 768w, https:\/\/radiorevelacionfm.cl\/wp-content\/uploads\/2022\/07\/core-posta-guadal-1-1_optimized-705x527.jpeg 705w, https:\/\/radiorevelacionfm.cl\/wp-content\/uploads\/2022\/07\/core-posta-guadal-1-1_optimized-600x449.jpeg 600w\" sizes=\"(max-width: 802px) 100vw, 802px\" \/><\/div><\/div><\/div><\/div><div class=\"flex_column av_one_full  flex_column_div av-zero-column-padding first  avia-builder-el-2  el_after_av_one_full  el_before_av_one_full  column-top-margin\" style='border-radius:0px; '><section class=\"av_textblock_section \"  itemscope=\"itemscope\" itemtype=\"https:\/\/schema.org\/BlogPosting\" itemprop=\"blogPost\" ><div class='avia_textblock  '   itemprop=\"text\" ><p style=\"text-align: center;\"><span style=\"font-size: 18pt;\"><b><span lang=\"ES\">Core Ays\u00e9n aprob\u00f3 aumento presupuestario para Posta de Salud Rural de Puerto Guadal<\/span><\/b><\/span><\/p>\n<div id=\"gtx-trans\" style=\"position: absolute; left: -50px; top: 4.31534px;\">\n<div class=\"gtx-trans-icon\"><\/div>\n<\/div>\n<\/div><\/section><\/div><div class=\"flex_column av_one_full  flex_column_div av-zero-column-padding first  avia-builder-el-4  el_after_av_one_full  el_before_av_hr  column-top-margin\" style='border-radius:0px; '><section class=\"av_textblock_section \"  itemscope=\"itemscope\" itemtype=\"https:\/\/schema.org\/BlogPosting\" itemprop=\"blogPost\" ><div class='avia_textblock  '   itemprop=\"text\" ><p style=\"font-weight: 400; text-align: justify;\">Por unanimidad de sus miembros, el Consejo Regional de Ays\u00e9n aprob\u00f3 un aumento de recursos para el proyecto de \u201cReposici\u00f3n de la Posta de Salud Rural de Puerto Guadal, comuna de Chile Chico\u201d por un total de 168 de millones de pesos.<\/p>\n<p style=\"font-weight: 400; text-align: justify;\">Los nuevos recursos solicitados por el Servicio de Salud de Ays\u00e9n, para la ejecuci\u00f3n de la iniciativa que es parte del convenio de programaci\u00f3n entre el Ministerio de Salud y el Gobierno Regional de Ays\u00e9n, se fundamentan en la subestimaci\u00f3n del presupuesto oficial debido al aumento del costo de la mano de obra y materiales en estos \u00faltimos meses debido a la pandemia para la instalaci\u00f3n de faenas, demoliciones, hormig\u00f3n y revestimientos.<\/p>\n<p style=\"font-weight: 400; text-align: justify;\">Alicia Vera, vice presidenta de la Junta de Vecinos de Puerto Guadal, quien trabaj\u00f3 junto a la comunidad en el levantamiento de las necesidades y problemas que dieron origen a la reposici\u00f3n del dispositivo de salud, agradeci\u00f3 al actual y anterior cuerpo colegiado, \u201cpor haber entregado el aumento presupuestario para que se lleve a cabo esta construcci\u00f3n y por el apoyo en este proyecto para que todos los espacios y la atenci\u00f3n hacia nuestros pobladores, nuestra comunidad, vayan en mejor\u00eda\u201d.<\/p>\n<p style=\"font-weight: 400; text-align: justify;\">Para Andrea Mac\u00edas, Gobernadora Regional de Ays\u00e9n, esta iniciativa busca dar cumplimiento a compromisos que buscan mejorar las condiciones de vida de los habitantes. \u201cComo Gobierno Regional hicimos una apuesta por poder fortalecer en materia de infraestructura y de equipamiento sobre todo en la red primaria de la atenci\u00f3n de salud, en consideraci\u00f3n, que precisamente, son los sectores m\u00e1s alejados los que tienen mayores necesidades. Esperamos que con esto se pueda concretar esta iniciativa y podamos en un corto plazo con la posta completamente ejecutada\u201d, se\u00f1al\u00f3.<\/p>\n<p style=\"font-weight: 400; text-align: justify;\">Mientras Sergio Gonz\u00e1lez, presidente de la \u201cComisi\u00f3n de Desarrollo Cultural, Social y Deportivo\u201d del Consejo Regional de Ays\u00e9n, acot\u00f3 que \u201cpara nosotros, como Comisi\u00f3n y como Consejo es algo muy importante poder trabajar en conjunto. Aqu\u00ed hay una tarea que realiz\u00f3 salud para llevar adelante la reevaluaci\u00f3n de este proyecto que aument\u00f3 sobre un 13% y que permite que el d\u00eda de hoy tengamos la aprobaci\u00f3n de recursos para poder, definitivamente, contratar a la empresa que va a ejecutar la obra. Es una buena noticia para la regi\u00f3n, para la comuna de Chile Chico. Contentos y con el compromiso de siempre con Salud con quienes nos hemos convertido en aliados estrat\u00e9gicos para mejorarla\u201d.<\/p>\n<p style=\"font-weight: 400; text-align: justify;\">Paulina Hern\u00e1ndez, representante de la Provincia General Carrera en el cuerpo colegiado, destac\u00f3 que el nuevo dispositivo de salud entregar\u00e1 una atenci\u00f3n m\u00e1s digna a sus usuarios. \u201cEs la misi\u00f3n que tenemos como consejeros, y por supuesto, es lo que espera la comunidad de parte nuestra. Estamos contentos, porque tambi\u00e9n es una instancia de conversaci\u00f3n que se ha dado con vecinos y vecinas, que, por supuesto, hoy d\u00eda pueden estar tranquilos, porque ese incremento presupuestario queda aprobado el d\u00eda de hoy\u201d.<\/p>\n<p style=\"font-weight: 400; text-align: justify;\">En tanto, Lilian Inostroza, tambi\u00e9n consejera de la provincia, fue enf\u00e1tica en se\u00f1alar la importancia que tiene para los habitantes no s\u00f3lo de la localidad, sino que tambi\u00e9n para usuarios de sectores aleda\u00f1os, \u201ctambi\u00e9n tenemos mucha gente que viaja a trav\u00e9s del interior del Lago. Por esto, es muy importante, no s\u00f3lo tener la infraestructura, sino que tambi\u00e9n tener el equipamiento y la calidad humana de los funcionarios, que sabemos que desarrollan un trabajo fundamental. Esperamos que prontamente se materialice esta infraestructura que va a llevar una mejor calidad de vida para los habitantes de la localidad y de la cuenca del Lago General Carrera\u201d.<\/p>\n<p style=\"font-weight: 400; text-align: justify;\">Para Gabriel Burgos, director del Servicio de Salud Ays\u00e9n, este proyecto, inmerso en el convenio de programaci\u00f3n entre el Minsal y el Gobierno Regional, \u201ces fundamental para avanzar en lo que es muy importante, que es la atenci\u00f3n primaria, desplegarnos a trav\u00e9s del territorio, y para eso necesitamos tener lugares en los cuales podamos entregar una buena atenci\u00f3n a la comunidad, a las personas y tambi\u00e9n para nuestros funcionarios. Debemos seguir avanzando en cada una de las localidades para poder tener mejor equipamiento e infraestructura para entregar mejor salud\u201d, remat\u00f3.<\/p>\n<\/div><\/section><\/div><div  style='height:50px' class='hr hr-invisible   avia-builder-el-6  el_after_av_one_full  el_before_av_social_share '><span class='hr-inner ' ><span class='hr-inner-style'><\/span><\/span><\/div><\/p>\n<div  class='av-social-sharing-box  avia-builder-el-7  el_after_av_hr  el_before_av_hr  '><div class='av-share-box'><h5 class='av-share-link-description av-no-toc '>Compartir esta noticia<\/h5><ul class='av-share-box-list noLightbox'><li class='av-share-link av-social-link-facebook' ><a target=\"_blank\" aria-label=\"Compartir en Facebook\" href='https:\/\/www.facebook.com\/sharer.php?u=https:\/\/radiorevelacionfm.cl\/?p=19732&#038;t=Core%20Ays%C3%A9n%20aprob%C3%B3%20aumento%20presupuestario%20para%20Posta%20de%20Salud%20Rural%20de%20Puerto%20Guadal' aria-hidden='false' data-av_icon='\ue8f3' data-av_iconfont='entypo-fontello' title='' data-avia-related-tooltip='Compartir en Facebook' rel=\"noopener\"><span class='avia_hidden_link_text'>Compartir en Facebook<\/span><\/a><\/li><li class='av-share-link av-social-link-twitter' ><a target=\"_blank\" aria-label=\"Compartir en Twitter\" href='https:\/\/twitter.com\/share?text=Core%20Ays%C3%A9n%20aprob%C3%B3%20aumento%20presupuestario%20para%20Posta%20de%20Salud%20Rural%20de%20Puerto%20Guadal&#038;url=https:\/\/radiorevelacionfm.cl\/?p=19732' aria-hidden='false' data-av_icon='\ue8f1' data-av_iconfont='entypo-fontello' title='' data-avia-related-tooltip='Compartir en Twitter' rel=\"noopener\"><span class='avia_hidden_link_text'>Compartir en Twitter<\/span><\/a><\/li><li class='av-share-link av-social-link-whatsapp' ><a target=\"_blank\" aria-label=\"Compartir en Whatsapp\" href='https:\/\/api.whatsapp.com\/send?text=https:\/\/radiorevelacionfm.cl\/?p=19732' aria-hidden='false' data-av_icon='\uf232' data-av_iconfont='entypo-fontello' title='' data-avia-related-tooltip='Compartir en Whatsapp' rel=\"noopener\"><span class='avia_hidden_link_text'>Compartir en Whatsapp<\/span><\/a><\/li><li class='av-share-link av-social-link-linkedin' ><a target=\"_blank\" aria-label=\"Compartir en LinkedIn\" href='https:\/\/linkedin.com\/shareArticle?mini=true&#038;title=Core%20Ays%C3%A9n%20aprob%C3%B3%20aumento%20presupuestario%20para%20Posta%20de%20Salud%20Rural%20de%20Puerto%20Guadal&#038;url=https:\/\/radiorevelacionfm.cl\/?p=19732' aria-hidden='false' data-av_icon='\ue8fc' data-av_iconfont='entypo-fontello' title='' data-avia-related-tooltip='Compartir en LinkedIn' rel=\"noopener\"><span class='avia_hidden_link_text'>Compartir en LinkedIn<\/span><\/a><\/li><li class='av-share-link av-social-link-mail' ><a  aria-label=\"Compartir por correo\" href='mailto:?subject=Core%20Ays%C3%A9n%20aprob%C3%B3%20aumento%20presupuestario%20para%20Posta%20de%20Salud%20Rural%20de%20Puerto%20Guadal&#038;body=https:\/\/radiorevelacionfm.cl\/?p=19732' aria-hidden='false' data-av_icon='\ue805' data-av_iconfont='entypo-fontello' title='' data-avia-related-tooltip='Compartir por correo'><span class='avia_hidden_link_text'>Compartir por correo<\/span><\/a><\/li><\/ul><\/div><\/div>\n<div  style='height:50px' class='hr hr-invisible   avia-builder-el-8  el_after_av_social_share  el_before_av_comments_list '><span class='hr-inner ' ><span class='hr-inner-style'><\/span><\/span><\/div>\n<div  class='av-buildercomment  av-blog-meta-html-info-disabled av-blog-meta-tag-disabled  '><\/div>\n","protected":false},"excerpt":{"rendered":"","protected":false},"author":1,"featured_media":19733,"comment_status":"open","ping_status":"open","sticky":false,"template":"","format":"standard","meta":{"footnotes":""},"categories":[46],"tags":[],"class_list":["post-19732","post","type-post","status-publish","format-standard","has-post-thumbnail","hentry","category-salud"],"jetpack_featured_media_url":"https:\/\/radiorevelacionfm.cl\/wp-content\/uploads\/2022\/07\/core-posta-guadal-1-1_optimized.jpeg","_links":{"self":[{"href":"https:\/\/radiorevelacionfm.cl\/index.php?rest_route=\/wp\/v2\/posts\/19732","targetHints":{"allow":["GET"]}}],"collection":[{"href":"https:\/\/radiorevelacionfm.cl\/index.php?rest_route=\/wp\/v2\/posts"}],"about":[{"href":"https:\/\/radiorevelacionfm.cl\/index.php?rest_route=\/wp\/v2\/types\/post"}],"author":[{"embeddable":true,"href":"https:\/\/radiorevelacionfm.cl\/index.php?rest_route=\/wp\/v2\/users\/1"}],"replies":[{"embeddable":true,"href":"https:\/\/radiorevelacionfm.cl\/index.php?rest_route=%2Fwp%2Fv2%2Fcomments&post=19732"}],"version-history":[{"count":2,"href":"https:\/\/radiorevelacionfm.cl\/index.php?rest_route=\/wp\/v2\/posts\/19732\/revisions"}],"predecessor-version":[{"id":19745,"href":"https:\/\/radiorevelacionfm.cl\/index.php?rest_route=\/wp\/v2\/posts\/19732\/revisions\/19745"}],"wp:featuredmedia":[{"embeddable":true,"href":"https:\/\/radiorevelacionfm.cl\/index.php?rest_route=\/wp\/v2\/media\/19733"}],"wp:attachment":[{"href":"https:\/\/radiorevelacionfm.cl\/index.php?rest_route=%2Fwp%2Fv2%2Fmedia&parent=19732"}],"wp:term":[{"taxonomy":"category","embeddable":true,"href":"https:\/\/radiorevelacionfm.cl\/index.php?rest_route=%2Fwp%2Fv2%2Fcategories&post=19732"},{"taxonomy":"post_tag","embeddable":true,"href":"https:\/\/radiorevelacionfm.cl\/index.php?rest_route=%2Fwp%2Fv2%2Ftags&post=19732"}],"curies":[{"name":"wp","href":"https:\/\/api.w.org\/{rel}","templated":true}]}}