{"id":19711,"date":"2022-07-27T14:39:33","date_gmt":"2022-07-27T17:39:33","guid":{"rendered":"https:\/\/radiorevelacionfm.cl\/?p=19711"},"modified":"2022-07-27T14:39:33","modified_gmt":"2022-07-27T17:39:33","slug":"condenan-a-3-anos-y-un-dia-de-libertad-vigilada-intensiva-a-autor-de-tenencia-ilegal-de-arma-de-fuego-y-municiones","status":"publish","type":"post","link":"https:\/\/radiorevelacionfm.cl\/?p=19711","title":{"rendered":"Condenan a 3 a\u00f1os y un d\u00eda de libertad vigilada intensiva a autor de tenencia ilegal de arma de fuego y municiones"},"content":{"rendered":"<div class=\"flex_column av_one_full  flex_column_div av-zero-column-padding first  avia-builder-el-0  el_before_av_one_full  avia-builder-el-first  \" style='border-radius:0px; '><div  class='avia-image-container  av-styling-    avia-builder-el-1  avia-builder-el-no-sibling  avia-align-center '  itemprop=\"image\" itemscope=\"itemscope\" itemtype=\"https:\/\/schema.org\/ImageObject\"  ><div class='avia-image-container-inner'><div class='avia-image-overlay-wrap'><img decoding=\"async\" class='wp-image-17350 avia-img-lazy-loading-not-17350 avia_image' src=\"https:\/\/radiorevelacionfm.cl\/wp-content\/uploads\/2022\/05\/foto-top-1_optimized.jpg\" alt='' title='foto-top--(1)_optimized' height=\"600\" width=\"1790\"  itemprop=\"thumbnailUrl\" srcset=\"https:\/\/radiorevelacionfm.cl\/wp-content\/uploads\/2022\/05\/foto-top-1_optimized.jpg 1790w, https:\/\/radiorevelacionfm.cl\/wp-content\/uploads\/2022\/05\/foto-top-1_optimized-300x101.jpg 300w, https:\/\/radiorevelacionfm.cl\/wp-content\/uploads\/2022\/05\/foto-top-1_optimized-1030x345.jpg 1030w, https:\/\/radiorevelacionfm.cl\/wp-content\/uploads\/2022\/05\/foto-top-1_optimized-768x257.jpg 768w, https:\/\/radiorevelacionfm.cl\/wp-content\/uploads\/2022\/05\/foto-top-1_optimized-1536x515.jpg 1536w, https:\/\/radiorevelacionfm.cl\/wp-content\/uploads\/2022\/05\/foto-top-1_optimized-1500x503.jpg 1500w, https:\/\/radiorevelacionfm.cl\/wp-content\/uploads\/2022\/05\/foto-top-1_optimized-705x236.jpg 705w, https:\/\/radiorevelacionfm.cl\/wp-content\/uploads\/2022\/05\/foto-top-1_optimized-600x201.jpg 600w\" sizes=\"(max-width: 1790px) 100vw, 1790px\" \/><\/div><\/div><\/div><\/div><div class=\"flex_column av_one_full  flex_column_div av-zero-column-padding first  avia-builder-el-2  el_after_av_one_full  el_before_av_one_full  column-top-margin\" style='border-radius:0px; '><section class=\"av_textblock_section \"  itemscope=\"itemscope\" itemtype=\"https:\/\/schema.org\/BlogPosting\" itemprop=\"blogPost\" ><div class='avia_textblock  '   itemprop=\"text\" ><p style=\"text-align: center;\"><span style=\"font-size: 18pt;\"><strong>Condenan a 3 a\u00f1os y un d\u00eda de libertad vigilada intensiva a autor de tenencia ilegal de arma de fuego y municiones<\/strong><\/span><\/p>\n<div id=\"gtx-trans\" style=\"position: absolute; left: -50px; top: 4.31534px;\">\n<div class=\"gtx-trans-icon\"><\/div>\n<\/div>\n<\/div><\/section><\/div><div class=\"flex_column av_one_full  flex_column_div av-zero-column-padding first  avia-builder-el-4  el_after_av_one_full  el_before_av_hr  column-top-margin\" style='border-radius:0px; '><section class=\"av_textblock_section \"  itemscope=\"itemscope\" itemtype=\"https:\/\/schema.org\/BlogPosting\" itemprop=\"blogPost\" ><div class='avia_textblock  '   itemprop=\"text\" ><p class=\"v1MsoNormal\" style=\"text-align: justify;\">El Tribunal de Juicio Oral en lo Penal de Coyhaique conden\u00f3 a Julio Alonso Silva Mart\u00ednez a la pena de 3 a\u00f1os y un d\u00eda de presidio, con el beneficio de la libertad vigilada intensiva por igual lapso, en calidad de autor del delito de tenencia ilegal de arma de fuego y municiones. Il\u00edcito perpetrado en febrero de 2020, en el sector Alto Ma\u00f1ihuales, comuna de Puerto Ays\u00e9n.<\/p>\n<p class=\"v1MsoNormal\" style=\"text-align: justify;\">En fallo un\u00e1nime (causa rol 74-2021), el tribunal \u2013integrado por los magistrados Patricio Z\u00fa\u00f1iga Valenzuela (presidente), M\u00f3nica Coloma Pulgar y Pablo Freire Gavil\u00e1n (redactor)\u2013 aplic\u00f3, adem\u00e1s, a Silva Mart\u00ednez las accesorias legales de inhabilitaci\u00f3n absoluta perpetua para derechos pol\u00edticos e inhabilitaci\u00f3n absoluta para cargos y oficios p\u00fablicos durante el tiempo de la condena; m\u00e1s el pago de las costas del juicio.<\/p>\n<p class=\"v1MsoNormal\" style=\"text-align: justify;\">Para el cumplimiento de la pena sustitutiva, Silva Mart\u00ednez deber\u00e1, durante el per\u00edodo de control, deber\u00e1 dar cumplimiento al plan de intervenci\u00f3n individual que se apruebe en su momento.<\/p>\n<p class=\"v1MsoNormal\" style=\"text-align: justify;\">Asimismo, el tribunal impuso al sentenciado la condici\u00f3n del art\u00edculo 17 ter letra c); es decir, la obligaci\u00f3n de mantenerse en su domicilio por el lapso de 6 horas continuas, desde las 24 horas y hasta las 6 de la ma\u00f1ana del d\u00eda siguiente.<\/p>\n<p class=\"v1MsoNormal\" style=\"text-align: justify;\">Finalmente, se decret\u00f3 el comiso del arma de fuego y municiones incautadas, especies que deber\u00e1n ser remitidos al dep\u00f3sito central de armas de Carabineros.<\/p>\n<p class=\"v1MsoNormal\" style=\"text-align: justify;\">El tribunal dio por acreditado, m\u00e1s all\u00e1 de toda duda razonable, que alrededor de las 09:00 horas del 20 de febrero de 2020, \u00abel acusado JULIO ALONSO SILVA MART\u00cdNEZ, pose\u00eda en su domicilio ubicado en campo-Las Mellizas S\/N, sector Cerro Catedral, Alto Ma\u00f1ihuales, comuna de Ais\u00e9n, un rifle calibre 22, marca FN modelo Browning, serie N\u00b0 143989 y noventa y siete cartuchos calibre 22, sin autorizaci\u00f3n competente ni contar con los permisos correspondientes para la posesi\u00f3n o tenencia de armas y municiones incautadas\u00bb.<\/p>\n<\/div><\/section><\/div><div  style='height:50px' class='hr hr-invisible   avia-builder-el-6  el_after_av_one_full  el_before_av_social_share '><span class='hr-inner ' ><span class='hr-inner-style'><\/span><\/span><\/div><\/p>\n<div  class='av-social-sharing-box  avia-builder-el-7  el_after_av_hr  el_before_av_hr  '><div class='av-share-box'><h5 class='av-share-link-description av-no-toc '>Compartir esta noticia<\/h5><ul class='av-share-box-list noLightbox'><li class='av-share-link av-social-link-facebook' ><a target=\"_blank\" aria-label=\"Compartir en Facebook\" href='https:\/\/www.facebook.com\/sharer.php?u=https:\/\/radiorevelacionfm.cl\/?p=19711&#038;t=Condenan%20a%203%20a%C3%B1os%20y%20un%20d%C3%ADa%20de%20libertad%20vigilada%20intensiva%20a%20autor%20de%20tenencia%20ilegal%20de%20arma%20de%20fuego%20y%20municiones' aria-hidden='false' data-av_icon='\ue8f3' data-av_iconfont='entypo-fontello' title='' data-avia-related-tooltip='Compartir en Facebook' rel=\"noopener\"><span class='avia_hidden_link_text'>Compartir en Facebook<\/span><\/a><\/li><li class='av-share-link av-social-link-twitter' ><a target=\"_blank\" aria-label=\"Compartir en Twitter\" href='https:\/\/twitter.com\/share?text=Condenan%20a%203%20a%C3%B1os%20y%20un%20d%C3%ADa%20de%20libertad%20vigilada%20intensiva%20a%20autor%20de%20tenencia%20ilegal%20de%20arma%20de%20fuego%20y%20municiones&#038;url=https:\/\/radiorevelacionfm.cl\/?p=19711' aria-hidden='false' data-av_icon='\ue8f1' data-av_iconfont='entypo-fontello' title='' data-avia-related-tooltip='Compartir en Twitter' rel=\"noopener\"><span class='avia_hidden_link_text'>Compartir en Twitter<\/span><\/a><\/li><li class='av-share-link av-social-link-whatsapp' ><a target=\"_blank\" aria-label=\"Compartir en Whatsapp\" href='https:\/\/api.whatsapp.com\/send?text=https:\/\/radiorevelacionfm.cl\/?p=19711' aria-hidden='false' data-av_icon='\uf232' data-av_iconfont='entypo-fontello' title='' data-avia-related-tooltip='Compartir en Whatsapp' rel=\"noopener\"><span class='avia_hidden_link_text'>Compartir en Whatsapp<\/span><\/a><\/li><li class='av-share-link av-social-link-linkedin' ><a target=\"_blank\" aria-label=\"Compartir en LinkedIn\" href='https:\/\/linkedin.com\/shareArticle?mini=true&#038;title=Condenan%20a%203%20a%C3%B1os%20y%20un%20d%C3%ADa%20de%20libertad%20vigilada%20intensiva%20a%20autor%20de%20tenencia%20ilegal%20de%20arma%20de%20fuego%20y%20municiones&#038;url=https:\/\/radiorevelacionfm.cl\/?p=19711' aria-hidden='false' data-av_icon='\ue8fc' data-av_iconfont='entypo-fontello' title='' data-avia-related-tooltip='Compartir en LinkedIn' rel=\"noopener\"><span class='avia_hidden_link_text'>Compartir en LinkedIn<\/span><\/a><\/li><li class='av-share-link av-social-link-mail' ><a  aria-label=\"Compartir por correo\" href='mailto:?subject=Condenan%20a%203%20a%C3%B1os%20y%20un%20d%C3%ADa%20de%20libertad%20vigilada%20intensiva%20a%20autor%20de%20tenencia%20ilegal%20de%20arma%20de%20fuego%20y%20municiones&#038;body=https:\/\/radiorevelacionfm.cl\/?p=19711' aria-hidden='false' data-av_icon='\ue805' data-av_iconfont='entypo-fontello' title='' data-avia-related-tooltip='Compartir por correo'><span class='avia_hidden_link_text'>Compartir por correo<\/span><\/a><\/li><\/ul><\/div><\/div>\n<div  style='height:50px' class='hr hr-invisible   avia-builder-el-8  el_after_av_social_share  el_before_av_comments_list '><span class='hr-inner ' ><span class='hr-inner-style'><\/span><\/span><\/div>\n<div  class='av-buildercomment  av-blog-meta-html-info-disabled av-blog-meta-tag-disabled  '><\/div>\n","protected":false},"excerpt":{"rendered":"","protected":false},"author":1,"featured_media":17350,"comment_status":"open","ping_status":"open","sticky":false,"template":"","format":"standard","meta":{"footnotes":""},"categories":[55],"tags":[],"class_list":["post-19711","post","type-post","status-publish","format-standard","has-post-thumbnail","hentry","category-justicia"],"jetpack_featured_media_url":"https:\/\/radiorevelacionfm.cl\/wp-content\/uploads\/2022\/05\/foto-top-1_optimized.jpg","_links":{"self":[{"href":"https:\/\/radiorevelacionfm.cl\/index.php?rest_route=\/wp\/v2\/posts\/19711","targetHints":{"allow":["GET"]}}],"collection":[{"href":"https:\/\/radiorevelacionfm.cl\/index.php?rest_route=\/wp\/v2\/posts"}],"about":[{"href":"https:\/\/radiorevelacionfm.cl\/index.php?rest_route=\/wp\/v2\/types\/post"}],"author":[{"embeddable":true,"href":"https:\/\/radiorevelacionfm.cl\/index.php?rest_route=\/wp\/v2\/users\/1"}],"replies":[{"embeddable":true,"href":"https:\/\/radiorevelacionfm.cl\/index.php?rest_route=%2Fwp%2Fv2%2Fcomments&post=19711"}],"version-history":[{"count":2,"href":"https:\/\/radiorevelacionfm.cl\/index.php?rest_route=\/wp\/v2\/posts\/19711\/revisions"}],"predecessor-version":[{"id":19713,"href":"https:\/\/radiorevelacionfm.cl\/index.php?rest_route=\/wp\/v2\/posts\/19711\/revisions\/19713"}],"wp:featuredmedia":[{"embeddable":true,"href":"https:\/\/radiorevelacionfm.cl\/index.php?rest_route=\/wp\/v2\/media\/17350"}],"wp:attachment":[{"href":"https:\/\/radiorevelacionfm.cl\/index.php?rest_route=%2Fwp%2Fv2%2Fmedia&parent=19711"}],"wp:term":[{"taxonomy":"category","embeddable":true,"href":"https:\/\/radiorevelacionfm.cl\/index.php?rest_route=%2Fwp%2Fv2%2Fcategories&post=19711"},{"taxonomy":"post_tag","embeddable":true,"href":"https:\/\/radiorevelacionfm.cl\/index.php?rest_route=%2Fwp%2Fv2%2Ftags&post=19711"}],"curies":[{"name":"wp","href":"https:\/\/api.w.org\/{rel}","templated":true}]}}