{"id":19707,"date":"2022-07-27T13:39:41","date_gmt":"2022-07-27T16:39:41","guid":{"rendered":"https:\/\/radiorevelacionfm.cl\/?p=19707"},"modified":"2022-07-27T13:39:41","modified_gmt":"2022-07-27T16:39:41","slug":"activan-mesa-tecnica-regional-para-fortalecer-mipymes-de-aysen","status":"publish","type":"post","link":"https:\/\/radiorevelacionfm.cl\/?p=19707","title":{"rendered":"Activan Mesa T\u00e9cnica Regional para fortalecer MiPymes de Ays\u00e9n"},"content":{"rendered":"<div class=\"flex_column av_one_full  flex_column_div av-zero-column-padding first  avia-builder-el-0  el_before_av_one_full  avia-builder-el-first  \" style='border-radius:0px; '><div  class='avia-image-container  av-styling-    avia-builder-el-1  avia-builder-el-no-sibling  avia-align-center '  itemprop=\"image\" itemscope=\"itemscope\" itemtype=\"https:\/\/schema.org\/ImageObject\"  ><div class='avia-image-container-inner'><div class='avia-image-overlay-wrap'><img decoding=\"async\" class='wp-image-19708 avia-img-lazy-loading-not-19708 avia_image' src=\"https:\/\/radiorevelacionfm.cl\/wp-content\/uploads\/2022\/07\/MesaRegional2-1-1-1.jpg\" alt='' title='MesaRegional2 (1) (1) (1)' height=\"600\" width=\"1009\"  itemprop=\"thumbnailUrl\" srcset=\"https:\/\/radiorevelacionfm.cl\/wp-content\/uploads\/2022\/07\/MesaRegional2-1-1-1.jpg 1009w, https:\/\/radiorevelacionfm.cl\/wp-content\/uploads\/2022\/07\/MesaRegional2-1-1-1-300x178.jpg 300w, https:\/\/radiorevelacionfm.cl\/wp-content\/uploads\/2022\/07\/MesaRegional2-1-1-1-768x457.jpg 768w, https:\/\/radiorevelacionfm.cl\/wp-content\/uploads\/2022\/07\/MesaRegional2-1-1-1-705x419.jpg 705w, https:\/\/radiorevelacionfm.cl\/wp-content\/uploads\/2022\/07\/MesaRegional2-1-1-1-600x357.jpg 600w\" sizes=\"(max-width: 1009px) 100vw, 1009px\" \/><\/div><\/div><\/div><\/div><div class=\"flex_column av_one_full  flex_column_div av-zero-column-padding first  avia-builder-el-2  el_after_av_one_full  el_before_av_one_full  column-top-margin\" style='border-radius:0px; '><section class=\"av_textblock_section \"  itemscope=\"itemscope\" itemtype=\"https:\/\/schema.org\/BlogPosting\" itemprop=\"blogPost\" ><div class='avia_textblock  '   itemprop=\"text\" ><p style=\"text-align: center;\"><span style=\"font-size: 18pt;\"><strong>Activan Mesa T\u00e9cnica Regional para fortalecer MiPymes de Ays\u00e9n <\/strong><\/span><\/p>\n<div id=\"gtx-trans\" style=\"position: absolute; left: -50px; top: 4.31534px;\">\n<div class=\"gtx-trans-icon\"><\/div>\n<\/div>\n<\/div><\/section><\/div><div class=\"flex_column av_one_full  flex_column_div av-zero-column-padding first  avia-builder-el-4  el_after_av_one_full  el_before_av_hr  column-top-margin\" style='border-radius:0px; '><section class=\"av_textblock_section \"  itemscope=\"itemscope\" itemtype=\"https:\/\/schema.org\/BlogPosting\" itemprop=\"blogPost\" ><div class='avia_textblock  '   itemprop=\"text\" ><p style=\"text-align: justify;\">Este mes se llev\u00f3 a cabo la segunda sesi\u00f3n de la <strong>Mesa Regional MiPyme <\/strong>liderada por la Seremi de Econom\u00eda, Rosa Machac\u00e1n Navarrete, la cual cont\u00f3 con la participaci\u00f3n de representantes de asociaciones gremiales de diversos rubros productivos, Banco Estado y servicios p\u00fablicos vinculados al fomento productivo.<\/p>\n<p style=\"text-align: justify;\">Esta mesa regional busca generar propuestas para abordar brechas identificadas por los emprendedores en materia econ\u00f3mica, a trav\u00e9s de una <strong>conversaci\u00f3n horizontal<\/strong> entre servicios p\u00fablicos, la banca y representantes gremiales.<\/p>\n<p style=\"text-align: justify;\">La representante ministerial valor\u00f3 la asistencia\u00a0 de gremios y servicios en las primeras dos instancias, destacando el valor de la diversidad de ideas y la pertinencia territorial de las propuestas: \u201cUno de los ejes fundamentales de nuestra agenda program\u00e1tica es la <strong>descentralizaci\u00f3n<\/strong>, y en ese sentido estas mesas de trabajo son fundamentales para abordar brechas que se agudizan en nuestro territorio, y abordarlas con sus actores principales\u201d.<\/p>\n<p style=\"text-align: justify;\">En la primera y segunda sesi\u00f3n, las y los participantes revisaron instrumentos de fomento estatales, y presentaron sus propuestas de mejor\u00eda. Las tem\u00e1ticas a tratar en cada sesi\u00f3n var\u00edan, lo que dinamiza el trabajo t\u00e9cnico y mandata a las Secretar\u00edas Regionales Ministeriales a no solamente convocar las reuniones, sino que tambi\u00e9n a levantar la informaci\u00f3n emanada desde la regi\u00f3n al Ministerio de Econom\u00eda.<\/p>\n<p style=\"text-align: justify;\">\u201cUna de las primeras iniciativas, y que se ha incorporado ya en los programas del <strong>Plan Chile Apoya<\/strong>, es el aumento de los plazos de postulaci\u00f3n en los programas de <strong>Recupera Turismo<\/strong> y <strong>Capital Abeja<\/strong>, convocatorias que est\u00e1n disponibles para postular hasta el 3 y 11 de agosto, respectivamente\u201d destac\u00f3 la seremi.<\/p>\n<p style=\"text-align: justify;\">La tercera sesi\u00f3n de esta mesa t\u00e9cnica tendr\u00e1 como tem\u00e1tica \u201cfinanciamiento y deuda\u201d y se llevar\u00e1 a cabo durante el mes de agosto. Desde la serem\u00eda, invitan a inscribirse y conocer m\u00e1s de la instancia en el formulario disponible en las redes sociales de la seremi de econom\u00eda Ays\u00e9n.<\/p>\n<\/div><\/section><\/div><div  style='height:50px' class='hr hr-invisible   avia-builder-el-6  el_after_av_one_full  el_before_av_social_share '><span class='hr-inner ' ><span class='hr-inner-style'><\/span><\/span><\/div><\/p>\n<div  class='av-social-sharing-box  avia-builder-el-7  el_after_av_hr  el_before_av_hr  '><div class='av-share-box'><h5 class='av-share-link-description av-no-toc '>Compartir esta noticia<\/h5><ul class='av-share-box-list noLightbox'><li class='av-share-link av-social-link-facebook' ><a target=\"_blank\" aria-label=\"Compartir en Facebook\" href='https:\/\/www.facebook.com\/sharer.php?u=https:\/\/radiorevelacionfm.cl\/?p=19707&#038;t=Activan%20Mesa%20T%C3%A9cnica%20Regional%20para%20fortalecer%20MiPymes%20de%20Ays%C3%A9n' aria-hidden='false' data-av_icon='\ue8f3' data-av_iconfont='entypo-fontello' title='' data-avia-related-tooltip='Compartir en Facebook' rel=\"noopener\"><span class='avia_hidden_link_text'>Compartir en Facebook<\/span><\/a><\/li><li class='av-share-link av-social-link-twitter' ><a target=\"_blank\" aria-label=\"Compartir en Twitter\" href='https:\/\/twitter.com\/share?text=Activan%20Mesa%20T%C3%A9cnica%20Regional%20para%20fortalecer%20MiPymes%20de%20Ays%C3%A9n&#038;url=https:\/\/radiorevelacionfm.cl\/?p=19707' aria-hidden='false' data-av_icon='\ue8f1' data-av_iconfont='entypo-fontello' title='' data-avia-related-tooltip='Compartir en Twitter' rel=\"noopener\"><span class='avia_hidden_link_text'>Compartir en Twitter<\/span><\/a><\/li><li class='av-share-link av-social-link-whatsapp' ><a target=\"_blank\" aria-label=\"Compartir en Whatsapp\" href='https:\/\/api.whatsapp.com\/send?text=https:\/\/radiorevelacionfm.cl\/?p=19707' aria-hidden='false' data-av_icon='\uf232' data-av_iconfont='entypo-fontello' title='' data-avia-related-tooltip='Compartir en Whatsapp' rel=\"noopener\"><span class='avia_hidden_link_text'>Compartir en Whatsapp<\/span><\/a><\/li><li class='av-share-link av-social-link-linkedin' ><a target=\"_blank\" aria-label=\"Compartir en LinkedIn\" href='https:\/\/linkedin.com\/shareArticle?mini=true&#038;title=Activan%20Mesa%20T%C3%A9cnica%20Regional%20para%20fortalecer%20MiPymes%20de%20Ays%C3%A9n&#038;url=https:\/\/radiorevelacionfm.cl\/?p=19707' aria-hidden='false' data-av_icon='\ue8fc' data-av_iconfont='entypo-fontello' title='' data-avia-related-tooltip='Compartir en LinkedIn' rel=\"noopener\"><span class='avia_hidden_link_text'>Compartir en LinkedIn<\/span><\/a><\/li><li class='av-share-link av-social-link-mail' ><a  aria-label=\"Compartir por correo\" href='mailto:?subject=Activan%20Mesa%20T%C3%A9cnica%20Regional%20para%20fortalecer%20MiPymes%20de%20Ays%C3%A9n&#038;body=https:\/\/radiorevelacionfm.cl\/?p=19707' aria-hidden='false' data-av_icon='\ue805' data-av_iconfont='entypo-fontello' title='' data-avia-related-tooltip='Compartir por correo'><span class='avia_hidden_link_text'>Compartir por correo<\/span><\/a><\/li><\/ul><\/div><\/div>\n<div  style='height:50px' class='hr hr-invisible   avia-builder-el-8  el_after_av_social_share  el_before_av_comments_list '><span class='hr-inner ' ><span class='hr-inner-style'><\/span><\/span><\/div>\n<div  class='av-buildercomment  av-blog-meta-html-info-disabled av-blog-meta-tag-disabled  '><\/div>\n","protected":false},"excerpt":{"rendered":"","protected":false},"author":1,"featured_media":19708,"comment_status":"open","ping_status":"open","sticky":false,"template":"","format":"standard","meta":{"footnotes":""},"categories":[38],"tags":[],"class_list":["post-19707","post","type-post","status-publish","format-standard","has-post-thumbnail","hentry","category-regional"],"jetpack_featured_media_url":"https:\/\/radiorevelacionfm.cl\/wp-content\/uploads\/2022\/07\/MesaRegional2-1-1-1.jpg","_links":{"self":[{"href":"https:\/\/radiorevelacionfm.cl\/index.php?rest_route=\/wp\/v2\/posts\/19707","targetHints":{"allow":["GET"]}}],"collection":[{"href":"https:\/\/radiorevelacionfm.cl\/index.php?rest_route=\/wp\/v2\/posts"}],"about":[{"href":"https:\/\/radiorevelacionfm.cl\/index.php?rest_route=\/wp\/v2\/types\/post"}],"author":[{"embeddable":true,"href":"https:\/\/radiorevelacionfm.cl\/index.php?rest_route=\/wp\/v2\/users\/1"}],"replies":[{"embeddable":true,"href":"https:\/\/radiorevelacionfm.cl\/index.php?rest_route=%2Fwp%2Fv2%2Fcomments&post=19707"}],"version-history":[{"count":2,"href":"https:\/\/radiorevelacionfm.cl\/index.php?rest_route=\/wp\/v2\/posts\/19707\/revisions"}],"predecessor-version":[{"id":19710,"href":"https:\/\/radiorevelacionfm.cl\/index.php?rest_route=\/wp\/v2\/posts\/19707\/revisions\/19710"}],"wp:featuredmedia":[{"embeddable":true,"href":"https:\/\/radiorevelacionfm.cl\/index.php?rest_route=\/wp\/v2\/media\/19708"}],"wp:attachment":[{"href":"https:\/\/radiorevelacionfm.cl\/index.php?rest_route=%2Fwp%2Fv2%2Fmedia&parent=19707"}],"wp:term":[{"taxonomy":"category","embeddable":true,"href":"https:\/\/radiorevelacionfm.cl\/index.php?rest_route=%2Fwp%2Fv2%2Fcategories&post=19707"},{"taxonomy":"post_tag","embeddable":true,"href":"https:\/\/radiorevelacionfm.cl\/index.php?rest_route=%2Fwp%2Fv2%2Ftags&post=19707"}],"curies":[{"name":"wp","href":"https:\/\/api.w.org\/{rel}","templated":true}]}}