{"id":19699,"date":"2022-07-27T11:37:58","date_gmt":"2022-07-27T14:37:58","guid":{"rendered":"https:\/\/radiorevelacionfm.cl\/?p=19699"},"modified":"2022-07-27T11:41:01","modified_gmt":"2022-07-27T14:41:01","slug":"unimarc-e-indap-10-anos-potenciando-el-desarrollo-de-la-agricultura-campesina-chilena","status":"publish","type":"post","link":"https:\/\/radiorevelacionfm.cl\/?p=19699","title":{"rendered":"D\u00eda de las Campesinas y los Campesinos: Unimarc e Indap 10 a\u00f1os potenciando el desarrollo de la agricultura campesina"},"content":{"rendered":"<div class=\"flex_column av_one_full  flex_column_div av-zero-column-padding first  avia-builder-el-0  el_before_av_one_full  avia-builder-el-first  \" style='border-radius:0px; '><div  class='avia-image-container  av-styling-    avia-builder-el-1  avia-builder-el-no-sibling  avia-align-center '  itemprop=\"image\" itemscope=\"itemscope\" itemtype=\"https:\/\/schema.org\/ImageObject\"  ><div class='avia-image-container-inner'><div class='avia-image-overlay-wrap'><img decoding=\"async\" class='wp-image-19701 avia-img-lazy-loading-not-19701 avia_image' src=\"https:\/\/radiorevelacionfm.cl\/wp-content\/uploads\/2022\/07\/alex-araya-1-1-1_optimized-1.jpeg\" alt='' title='alex-araya-(1)-(1)-(1)_optimized (1)' height=\"600\" width=\"779\"  itemprop=\"thumbnailUrl\" srcset=\"https:\/\/radiorevelacionfm.cl\/wp-content\/uploads\/2022\/07\/alex-araya-1-1-1_optimized-1.jpeg 779w, https:\/\/radiorevelacionfm.cl\/wp-content\/uploads\/2022\/07\/alex-araya-1-1-1_optimized-1-300x231.jpeg 300w, https:\/\/radiorevelacionfm.cl\/wp-content\/uploads\/2022\/07\/alex-araya-1-1-1_optimized-1-768x592.jpeg 768w, https:\/\/radiorevelacionfm.cl\/wp-content\/uploads\/2022\/07\/alex-araya-1-1-1_optimized-1-705x543.jpeg 705w, https:\/\/radiorevelacionfm.cl\/wp-content\/uploads\/2022\/07\/alex-araya-1-1-1_optimized-1-600x462.jpeg 600w\" sizes=\"(max-width: 779px) 100vw, 779px\" \/><\/div><\/div><\/div><\/div>\n<div class=\"flex_column av_one_full  flex_column_div av-zero-column-padding first  avia-builder-el-2  el_after_av_one_full  el_before_av_one_full  column-top-margin\" style='border-radius:0px; '><section class=\"av_textblock_section \"  itemscope=\"itemscope\" itemtype=\"https:\/\/schema.org\/BlogPosting\" itemprop=\"blogPost\" ><div class='avia_textblock  '   itemprop=\"text\" ><p class=\"m_-5151546510007467587MsoNoSpacing\" style=\"text-align: center;\"><span style=\"font-size: 18pt;\"><strong>D\u00eda de las Campesinas y los Campesinos: Unimarc e Indap <\/strong><\/span><span style=\"font-size: 18pt;\"><strong>10 a\u00f1os potenciando el desarrollo de la agricultura campesina\u00a0<\/strong><\/span><\/p>\n<div id=\"gtx-trans\" style=\"position: absolute; left: -50px; top: 4.31534px;\">\n<div class=\"gtx-trans-icon\"><\/div>\n<\/div>\n<\/div><\/section><\/div><div class=\"flex_column av_one_full  flex_column_div av-zero-column-padding first  avia-builder-el-4  el_after_av_one_full  el_before_av_hr  column-top-margin\" style='border-radius:0px; '><section class=\"av_textblock_section \"  itemscope=\"itemscope\" itemtype=\"https:\/\/schema.org\/BlogPosting\" itemprop=\"blogPost\" ><div class='avia_textblock  '   itemprop=\"text\" ><p style=\"font-weight: 400; text-align: justify;\">En 2012, productores hortofrut\u00edcolas de la Regi\u00f3n de Ays\u00e9n fueron los primeros beneficiarios de un acuerdo mediante el cual el supermercado Unimarc y el Instituto de Desarrollo Agropecuario (Indap) se compromet\u00edan a generar un plan de trabajo conjunto con el fin de transformarlos en proveedores estables de la cadena. El \u00e9xito del programa los llev\u00f3 a ampliar el convenio otras regiones al a\u00f1o siguiente, incorporando a la fecha a agricultores de Tarapac\u00e1, Antofagasta, Maule, Biob\u00edo, \u00d1uble, Araucan\u00eda, Los R\u00edos, Los Lagos, Ays\u00e9n y Magallanes. En la actualidad son setenta y ocho agricultores a los que se apoya en venta y se les acompa\u00f1a en su desarrollo\u00a0y crecimiento como negocio.<\/p>\n<p style=\"font-weight: 400; text-align: justify;\">De esta manera, Unimarc se convirti\u00f3 en pionero de la industria supermercadista, al implementar un programa de apoyo a peque\u00f1os y medianos productores para que puedan acceder a un canal masivo y de alcance nacional, para comercializar sus frutas y hortalizas, permiti\u00e9ndoles hacer crecer sus negocios. As\u00ed naci\u00f3 \u201c100% Nuestro\u201d de Unimarc, el programa de apoyo a pymes locales que hoy incluye a emprendedores de distintos tipos de productos locales y que est\u00e1 activo en todo el Chile.<\/p>\n<p style=\"font-weight: 400; text-align: justify;\">Un ejemplo de c\u00f3mo esta alianza beneficia a peque\u00f1os productores es el caso de Alex Araya, proveedor de tomates de la localidad de Bulnes y que desde 2018 es parte del convenio entre Indap y el programa \u201c100% Nuestro\u201d, abasteciendo semanalmente a los supermercados Unimarc de la cadena que est\u00e1n en la Regi\u00f3n del \u00d1uble y regularmente a otros de la del Biob\u00edo. \u201cHa sido una muy buena experiencia para m\u00ed y mi familia, permiti\u00e9ndonos hacer crecer y mejorar nuestro negocio, poniendo foco en la calidad del producto y no tanto en la cantidad, vendiendo mejores tomates. El estar en un supermercado como Unimarc es un sue\u00f1o para todo productor peque\u00f1o, m\u00e1s a\u00fan considerando que es una entrega segura en la regi\u00f3n\u201d, se\u00f1ala Alex Araya.<\/p>\n<p style=\"font-weight: 400; text-align: justify;\">El modelo de abastecimiento a la cadena es flexible y se ajusta a las necesidades y volumen ofertado de cada proveedor, quienes pueden optar a la entrega directa de sus productos en el local de Unimarc m\u00e1s cercano, o bien en el centro de distribuci\u00f3n de su zona.<\/p>\n<p style=\"font-weight: 400; text-align: justify;\">\u201cAl conocer las experiencias de las y los agricultores de Indap que han participado en el programa \u2018100% Nuestro\u2019 reafirmamos que el camino correcto es fortalecer el comercio local y justo, sobre todo en el complejo escenario agroalimentario que atravesamos. Este tipo de iniciativa es fundamental realizarlo en alianza con los distintos actores de la cadena alimenticia para llevar los sabores del campo a la mesa de las familias chilenas\u201d, asegur\u00f3 el director nacional de Indap, Santiago Rojas Alessandri.<\/p>\n<p style=\"font-weight: 400; text-align: justify;\">Otro caso es el de Demilia Hidalgo y su hija Patricia Mera, productoras de la Regi\u00f3n de Los R\u00edos dedicadas al cultivo de lechugas, acelga, perejil, cilantro y ciboulette, y que actualmente abastecen a cinco locales Unimarc ubicados en Panguipulli, Puc\u00f3n, Valdivia y Villarrica. \u201cEsta alianza ha hecho crecer nuestro negocio: en un principio cont\u00e1bamos con dos invernaderos y hoy tenemos seis. Tambi\u00e9n pudimos comprar un veh\u00edculo para transportar cosechas, algo que jam\u00e1s imaginamos. Estamos felices con el convenio, nos permite entregar semanalmente al supermercado y no \u2018canastear\u2019, que es el ir puerta a puerta ofreciendo nuestras verduras\u201d, asegura Patricia Mera.<\/p>\n<p style=\"font-weight: 400; text-align: justify;\">\u201cEsta iniciativa de valor compartido se enmarca en nuestra estrategia de sostenibilidad y nos permite aportar al desarrollo social y econ\u00f3mico de las familias campesinas, as\u00ed como abastecer nuestras tiendas con productos hortofrut\u00edcolas locales, frescos y de calidad. Estamos muy satisfechos con los resultados obtenidos durante la primera d\u00e9cada y esperamos seguir aportando, por muchos a\u00f1os m\u00e1s, de esta y otras maneras, a las comunidades donde tenemos operaci\u00f3n\u201d, asegur\u00f3 el gerente de Unimarc, Jorge S\u00e1ez.<\/p>\n<p style=\"font-weight: 400; text-align: justify;\">El programa \u201c100% Nuestro\u201d de Unimarc busca rescatar los sabores t\u00edpicos de cada zona de Chile y ponerlos a disposici\u00f3n de los consumidores a trav\u00e9s de su cadena. Actualmente, cuenta con una robusta red de m\u00e1s de 200 emprendimientos de diversos productos, en las distintas regiones del pa\u00eds.<\/p>\n<\/div><\/section><\/div><\/p>\n<div  style='height:50px' class='hr hr-invisible   avia-builder-el-6  el_after_av_one_full  el_before_av_social_share '><span class='hr-inner ' ><span class='hr-inner-style'><\/span><\/span><\/div>\n<div  class='av-social-sharing-box  avia-builder-el-7  el_after_av_hr  el_before_av_hr  '><div class='av-share-box'><h5 class='av-share-link-description av-no-toc '>Compartir esta noticia<\/h5><ul class='av-share-box-list noLightbox'><li class='av-share-link av-social-link-facebook' ><a target=\"_blank\" aria-label=\"Compartir en Facebook\" href='https:\/\/www.facebook.com\/sharer.php?u=https:\/\/radiorevelacionfm.cl\/?p=19699&#038;t=D%C3%ADa%20de%20las%20Campesinas%20y%20los%20Campesinos%3A%20Unimarc%20e%20Indap%2010%20a%C3%B1os%20potenciando%20el%20desarrollo%20de%20la%20agricultura%20campesina' aria-hidden='false' data-av_icon='\ue8f3' data-av_iconfont='entypo-fontello' title='' data-avia-related-tooltip='Compartir en Facebook' rel=\"noopener\"><span class='avia_hidden_link_text'>Compartir en Facebook<\/span><\/a><\/li><li class='av-share-link av-social-link-twitter' ><a target=\"_blank\" aria-label=\"Compartir en Twitter\" href='https:\/\/twitter.com\/share?text=D%C3%ADa%20de%20las%20Campesinas%20y%20los%20Campesinos%3A%20Unimarc%20e%20Indap%2010%20a%C3%B1os%20potenciando%20el%20desarrollo%20de%20la%20agricultura%20campesina&#038;url=https:\/\/radiorevelacionfm.cl\/?p=19699' aria-hidden='false' data-av_icon='\ue8f1' data-av_iconfont='entypo-fontello' title='' data-avia-related-tooltip='Compartir en Twitter' rel=\"noopener\"><span class='avia_hidden_link_text'>Compartir en Twitter<\/span><\/a><\/li><li class='av-share-link av-social-link-whatsapp' ><a target=\"_blank\" aria-label=\"Compartir en Whatsapp\" href='https:\/\/api.whatsapp.com\/send?text=https:\/\/radiorevelacionfm.cl\/?p=19699' aria-hidden='false' data-av_icon='\uf232' data-av_iconfont='entypo-fontello' title='' data-avia-related-tooltip='Compartir en Whatsapp' rel=\"noopener\"><span class='avia_hidden_link_text'>Compartir en Whatsapp<\/span><\/a><\/li><li class='av-share-link av-social-link-linkedin' ><a target=\"_blank\" aria-label=\"Compartir en LinkedIn\" href='https:\/\/linkedin.com\/shareArticle?mini=true&#038;title=D%C3%ADa%20de%20las%20Campesinas%20y%20los%20Campesinos%3A%20Unimarc%20e%20Indap%2010%20a%C3%B1os%20potenciando%20el%20desarrollo%20de%20la%20agricultura%20campesina&#038;url=https:\/\/radiorevelacionfm.cl\/?p=19699' aria-hidden='false' data-av_icon='\ue8fc' data-av_iconfont='entypo-fontello' title='' data-avia-related-tooltip='Compartir en LinkedIn' rel=\"noopener\"><span class='avia_hidden_link_text'>Compartir en LinkedIn<\/span><\/a><\/li><li class='av-share-link av-social-link-mail' ><a  aria-label=\"Compartir por correo\" href='mailto:?subject=D%C3%ADa%20de%20las%20Campesinas%20y%20los%20Campesinos%3A%20Unimarc%20e%20Indap%2010%20a%C3%B1os%20potenciando%20el%20desarrollo%20de%20la%20agricultura%20campesina&#038;body=https:\/\/radiorevelacionfm.cl\/?p=19699' aria-hidden='false' data-av_icon='\ue805' data-av_iconfont='entypo-fontello' title='' data-avia-related-tooltip='Compartir por correo'><span class='avia_hidden_link_text'>Compartir por correo<\/span><\/a><\/li><\/ul><\/div><\/div>\n<div  style='height:50px' class='hr hr-invisible   avia-builder-el-8  el_after_av_social_share  el_before_av_comments_list '><span class='hr-inner ' ><span class='hr-inner-style'><\/span><\/span><\/div>\n<div  class='av-buildercomment  av-blog-meta-html-info-disabled av-blog-meta-tag-disabled  '><\/div>\n","protected":false},"excerpt":{"rendered":"","protected":false},"author":1,"featured_media":19701,"comment_status":"open","ping_status":"open","sticky":false,"template":"","format":"standard","meta":{"footnotes":""},"categories":[58],"tags":[],"class_list":["post-19699","post","type-post","status-publish","format-standard","has-post-thumbnail","hentry","category-agricultura"],"jetpack_featured_media_url":"https:\/\/radiorevelacionfm.cl\/wp-content\/uploads\/2022\/07\/alex-araya-1-1-1_optimized-1.jpeg","_links":{"self":[{"href":"https:\/\/radiorevelacionfm.cl\/index.php?rest_route=\/wp\/v2\/posts\/19699","targetHints":{"allow":["GET"]}}],"collection":[{"href":"https:\/\/radiorevelacionfm.cl\/index.php?rest_route=\/wp\/v2\/posts"}],"about":[{"href":"https:\/\/radiorevelacionfm.cl\/index.php?rest_route=\/wp\/v2\/types\/post"}],"author":[{"embeddable":true,"href":"https:\/\/radiorevelacionfm.cl\/index.php?rest_route=\/wp\/v2\/users\/1"}],"replies":[{"embeddable":true,"href":"https:\/\/radiorevelacionfm.cl\/index.php?rest_route=%2Fwp%2Fv2%2Fcomments&post=19699"}],"version-history":[{"count":4,"href":"https:\/\/radiorevelacionfm.cl\/index.php?rest_route=\/wp\/v2\/posts\/19699\/revisions"}],"predecessor-version":[{"id":19705,"href":"https:\/\/radiorevelacionfm.cl\/index.php?rest_route=\/wp\/v2\/posts\/19699\/revisions\/19705"}],"wp:featuredmedia":[{"embeddable":true,"href":"https:\/\/radiorevelacionfm.cl\/index.php?rest_route=\/wp\/v2\/media\/19701"}],"wp:attachment":[{"href":"https:\/\/radiorevelacionfm.cl\/index.php?rest_route=%2Fwp%2Fv2%2Fmedia&parent=19699"}],"wp:term":[{"taxonomy":"category","embeddable":true,"href":"https:\/\/radiorevelacionfm.cl\/index.php?rest_route=%2Fwp%2Fv2%2Fcategories&post=19699"},{"taxonomy":"post_tag","embeddable":true,"href":"https:\/\/radiorevelacionfm.cl\/index.php?rest_route=%2Fwp%2Fv2%2Ftags&post=19699"}],"curies":[{"name":"wp","href":"https:\/\/api.w.org\/{rel}","templated":true}]}}