{"id":19695,"date":"2022-07-27T10:09:38","date_gmt":"2022-07-27T13:09:38","guid":{"rendered":"https:\/\/radiorevelacionfm.cl\/?p=19695"},"modified":"2022-07-27T10:09:38","modified_gmt":"2022-07-27T13:09:38","slug":"vecinos-de-puerto-aysen-agradecieron-atencion-de-los-servicios-publicos-en-plaza-de-justicia-y-derechos-humanos","status":"publish","type":"post","link":"https:\/\/radiorevelacionfm.cl\/?p=19695","title":{"rendered":"Vecinos de Puerto Ays\u00e9n agradecieron atenci\u00f3n de los servicios p\u00fablicos en Plaza de Justicia y Derechos Humanos"},"content":{"rendered":"<div class=\"flex_column av_one_full  flex_column_div av-zero-column-padding first  avia-builder-el-0  el_before_av_one_full  avia-builder-el-first  \" style='border-radius:0px; '><div  class='avia-image-container  av-styling-    avia-builder-el-1  avia-builder-el-no-sibling  avia-align-center '  itemprop=\"image\" itemscope=\"itemscope\" itemtype=\"https:\/\/schema.org\/ImageObject\"  ><div class='avia-image-container-inner'><div class='avia-image-overlay-wrap'><img decoding=\"async\" class='wp-image-19696 avia-img-lazy-loading-not-19696 avia_image' src=\"https:\/\/radiorevelacionfm.cl\/wp-content\/uploads\/2022\/07\/plaza-2-1-1.jpg\" alt='' title='plaza 2 (1) (1)' height=\"600\" width=\"800\"  itemprop=\"thumbnailUrl\" srcset=\"https:\/\/radiorevelacionfm.cl\/wp-content\/uploads\/2022\/07\/plaza-2-1-1.jpg 800w, https:\/\/radiorevelacionfm.cl\/wp-content\/uploads\/2022\/07\/plaza-2-1-1-300x225.jpg 300w, https:\/\/radiorevelacionfm.cl\/wp-content\/uploads\/2022\/07\/plaza-2-1-1-768x576.jpg 768w, https:\/\/radiorevelacionfm.cl\/wp-content\/uploads\/2022\/07\/plaza-2-1-1-705x529.jpg 705w, https:\/\/radiorevelacionfm.cl\/wp-content\/uploads\/2022\/07\/plaza-2-1-1-600x450.jpg 600w\" sizes=\"(max-width: 800px) 100vw, 800px\" \/><\/div><\/div><\/div><\/div><div class=\"flex_column av_one_full  flex_column_div av-zero-column-padding first  avia-builder-el-2  el_after_av_one_full  el_before_av_one_full  column-top-margin\" style='border-radius:0px; '><section class=\"av_textblock_section \"  itemscope=\"itemscope\" itemtype=\"https:\/\/schema.org\/BlogPosting\" itemprop=\"blogPost\" ><div class='avia_textblock  '   itemprop=\"text\" ><p style=\"text-align: center;\"><span style=\"font-size: 18pt;\"><strong>Vecinos de Puerto Ays\u00e9n agradecieron atenci\u00f3n de los servicios p\u00fablicos en Plaza de Justicia y Derechos Humanos <\/strong><\/span><\/p>\n<div id=\"gtx-trans\" style=\"position: absolute; left: -50px; top: 4.31534px;\">\n<div class=\"gtx-trans-icon\"><\/div>\n<\/div>\n<\/div><\/section><\/div><div class=\"flex_column av_one_full  flex_column_div av-zero-column-padding first  avia-builder-el-4  el_after_av_one_full  el_before_av_hr  column-top-margin\" style='border-radius:0px; '><section class=\"av_textblock_section \"  itemscope=\"itemscope\" itemtype=\"https:\/\/schema.org\/BlogPosting\" itemprop=\"blogPost\" ><div class='avia_textblock  '   itemprop=\"text\" ><p style=\"text-align: justify;\">Un n\u00famero importante de vecinos de Puerto Ays\u00e9n se dieron cita el pasado s\u00e1bado en la sede Villa Los Aromos del sector Pedro Aguirre Cerda, donde se llev\u00f3 a cabo una Plaza de Justicia y Derechos Humanos, instancia en la que pudieron ser atendidos por diversos servicios p\u00fablicos que participaron de esta actividad.<\/p>\n<p style=\"text-align: justify;\">Fue as\u00ed como funcionarios del Servicio de Registro Civil e Identificaci\u00f3n, Senama, Senadis, Serviu, Superintendencia de Insolvencia y Reemprendimiento, IPS, Corporaci\u00f3n de Asistencia Judicial y la Delegaci\u00f3n Presidencial Provincial de Ays\u00e9n fueron parte de esta actividad, que ten\u00eda como objetivo ofrecer atenci\u00f3n a la comunidad aysenina un d\u00eda s\u00e1bado en horario de 14:30 a 17 horas.<\/p>\n<p style=\"text-align: justify;\">La presidenta de la Uni\u00f3n Comunal del Adulto Mayor Trapananda Ays\u00e9n, Rosa Navarro agradeci\u00f3 la instancia se\u00f1alando que \u201cmuy buena porque he visto que han llegado varias vecinos a hacer sus tr\u00e1mites y consultas, somos varias personas que no podemos salir en los horarios que atienden las oficinas y estos nexos que vienen a las juntas de vecinos, donde los gobiernos se acercan y que permite que las personas puedan realizar sus tr\u00e1mites, y especialmente a los adultos mayores que le alivian mucho su vida al venir ustedes como Seremi de Justicia a vernos, para nosotros como dirigentes con quienes ustedes hicieron el nexo ac\u00e1 en la Junta de Vecinos, as\u00ed que feliz, y darles las gracias a todos los organismos que est\u00e1n aqu\u00ed que han dejado sus casas un d\u00eda que pueden estar con sus familias venir a atender a la comunidad, eso es muy bueno\u201d.<\/p>\n<p style=\"text-align: justify;\">El Seremi de Justicia y Derechos Humanos, Samuel Navarro Castro se refiri\u00f3 a la actividad, agradeciendo a los vecinos que se acercaron y pudieron ser atendidos \u201cnos parece que ha sido una jornada muy provechosa, nos han acompa\u00f1ado adem\u00e1s de algunos servicios dependientes del sector Justicia , otros servicios p\u00fablicos que previamente nos\u00a0 hab\u00edan requerido los adultos mayores de la sede Villa Los Aromos, as\u00ed que estamos muy contentos se acerc\u00f3 un numero importante de vecinos y vecinas y estamos cumpliendo con lo que nos ha planteado el Presidente Gabriel Boric en el sentido de estar con la gente, estar en terreno y llevar a los servicios p\u00fablicos para lograr un acercamiento adecuado y expedito a la justicia, pero tambi\u00e9n a otros servicios que hay en la provincia, y que a veces por razones laborales no pueden asistir a las oficinas y \u00e9sta es una oportunidad que la hemos podido materializar, esperamos replicarla en el resto del a\u00f1o en otras localidades y puntos de la\u00a0 regi\u00f3n, estamos trabajando en alianza con otros servicios p\u00fablicos y nos parece interesante seguir desarrollando este tipo de jornadas\u201d.<\/p>\n<p style=\"text-align: justify;\">La vecina del sector Pedro Aguirre Cerda Rudelinda Vargas tambi\u00e9n agradeci\u00f3 la oportunidad de recibir atenci\u00f3n de los servicios p\u00fablicos un d\u00eda s\u00e1bado, se\u00f1alando que \u201cme parecen excelente estas atenciones para la gente adulto mayor, yo traje a un adulto mayor al Registro Civil ya que ten\u00eda que sacar su clave \u00fanica, la atenci\u00f3n excelente, buena para muchas personas y ojal\u00e1 que se sigan haciendo estos operativos, ya que cuesta muchas veces para el adulto mayor ir a las oficinas, con esta pandemia, la gente tiene miedo de salir, el clima tampoco ha sido muy bueno y tanta escarcha a la gente le cuesta mucho, fue muy grato encontrarme en esta actividad al Seremi de Justicia, una persona muy agradable y llano a escuchar los problemas y sugerencias que uno le hace, y esa es la gente que realmente corresponde y que fue bien nombrada por el gobierno\u201d.<\/p>\n<p style=\"text-align: justify;\">En tanto, Malvina G\u00f3mez qui\u00e9n vive en el sector ribera sur y se desplaz\u00f3 hasta la sede de la Pedro Aguirre Cerda para recibir atenci\u00f3n indic\u00f3 que \u201cquisiera agradecer la excelente atenci\u00f3n y disposici\u00f3n de todo el personal que estuvo trabajando hoy d\u00eda en esta plaza ciudadana, hab\u00eda ido por una atenci\u00f3n, al final sal\u00ed con cinco atenciones, igual acompa\u00f1\u00e9 a un adulto mayor y gracias a los profesionales le dieron soluci\u00f3n y sugerencia a lo que deb\u00eda hacer, muy agradecida, ojal\u00e1 esto siga m\u00e1s continuo y que la gente lo aproveche y valore\u201d.<\/p>\n<p style=\"text-align: justify;\">Finalmente, mencionar que se espera poder replicar estas Plazas de Justicia y Derechos Humanos en otras comunas y localidades a nivel regional, con el objetivo de acercar los servicios a todos y todas.<\/p>\n<\/div><\/section><\/div><div  style='height:50px' class='hr hr-invisible   avia-builder-el-6  el_after_av_one_full  el_before_av_social_share '><span class='hr-inner ' ><span class='hr-inner-style'><\/span><\/span><\/div><\/p>\n<div  class='av-social-sharing-box  avia-builder-el-7  el_after_av_hr  el_before_av_hr  '><div class='av-share-box'><h5 class='av-share-link-description av-no-toc '>Compartir esta noticia<\/h5><ul class='av-share-box-list noLightbox'><li class='av-share-link av-social-link-facebook' ><a target=\"_blank\" aria-label=\"Compartir en Facebook\" href='https:\/\/www.facebook.com\/sharer.php?u=https:\/\/radiorevelacionfm.cl\/?p=19695&#038;t=Vecinos%20de%20Puerto%20Ays%C3%A9n%20agradecieron%20atenci%C3%B3n%20de%20los%20servicios%20p%C3%BAblicos%20en%20Plaza%20de%20Justicia%20y%20Derechos%20Humanos' aria-hidden='false' data-av_icon='\ue8f3' data-av_iconfont='entypo-fontello' title='' data-avia-related-tooltip='Compartir en Facebook' rel=\"noopener\"><span class='avia_hidden_link_text'>Compartir en Facebook<\/span><\/a><\/li><li class='av-share-link av-social-link-twitter' ><a target=\"_blank\" aria-label=\"Compartir en Twitter\" href='https:\/\/twitter.com\/share?text=Vecinos%20de%20Puerto%20Ays%C3%A9n%20agradecieron%20atenci%C3%B3n%20de%20los%20servicios%20p%C3%BAblicos%20en%20Plaza%20de%20Justicia%20y%20Derechos%20Humanos&#038;url=https:\/\/radiorevelacionfm.cl\/?p=19695' aria-hidden='false' data-av_icon='\ue8f1' data-av_iconfont='entypo-fontello' title='' data-avia-related-tooltip='Compartir en Twitter' rel=\"noopener\"><span class='avia_hidden_link_text'>Compartir en Twitter<\/span><\/a><\/li><li class='av-share-link av-social-link-whatsapp' ><a target=\"_blank\" aria-label=\"Compartir en Whatsapp\" href='https:\/\/api.whatsapp.com\/send?text=https:\/\/radiorevelacionfm.cl\/?p=19695' aria-hidden='false' data-av_icon='\uf232' data-av_iconfont='entypo-fontello' title='' data-avia-related-tooltip='Compartir en Whatsapp' rel=\"noopener\"><span class='avia_hidden_link_text'>Compartir en Whatsapp<\/span><\/a><\/li><li class='av-share-link av-social-link-linkedin' ><a target=\"_blank\" aria-label=\"Compartir en LinkedIn\" href='https:\/\/linkedin.com\/shareArticle?mini=true&#038;title=Vecinos%20de%20Puerto%20Ays%C3%A9n%20agradecieron%20atenci%C3%B3n%20de%20los%20servicios%20p%C3%BAblicos%20en%20Plaza%20de%20Justicia%20y%20Derechos%20Humanos&#038;url=https:\/\/radiorevelacionfm.cl\/?p=19695' aria-hidden='false' data-av_icon='\ue8fc' data-av_iconfont='entypo-fontello' title='' data-avia-related-tooltip='Compartir en LinkedIn' rel=\"noopener\"><span class='avia_hidden_link_text'>Compartir en LinkedIn<\/span><\/a><\/li><li class='av-share-link av-social-link-mail' ><a  aria-label=\"Compartir por correo\" href='mailto:?subject=Vecinos%20de%20Puerto%20Ays%C3%A9n%20agradecieron%20atenci%C3%B3n%20de%20los%20servicios%20p%C3%BAblicos%20en%20Plaza%20de%20Justicia%20y%20Derechos%20Humanos&#038;body=https:\/\/radiorevelacionfm.cl\/?p=19695' aria-hidden='false' data-av_icon='\ue805' data-av_iconfont='entypo-fontello' title='' data-avia-related-tooltip='Compartir por correo'><span class='avia_hidden_link_text'>Compartir por correo<\/span><\/a><\/li><\/ul><\/div><\/div>\n<div  style='height:50px' class='hr hr-invisible   avia-builder-el-8  el_after_av_social_share  el_before_av_comments_list '><span class='hr-inner ' ><span class='hr-inner-style'><\/span><\/span><\/div>\n<div  class='av-buildercomment  av-blog-meta-html-info-disabled av-blog-meta-tag-disabled  '><\/div>\n","protected":false},"excerpt":{"rendered":"","protected":false},"author":1,"featured_media":19696,"comment_status":"open","ping_status":"open","sticky":false,"template":"","format":"standard","meta":{"footnotes":""},"categories":[38],"tags":[],"class_list":["post-19695","post","type-post","status-publish","format-standard","has-post-thumbnail","hentry","category-regional"],"jetpack_featured_media_url":"https:\/\/radiorevelacionfm.cl\/wp-content\/uploads\/2022\/07\/plaza-2-1-1.jpg","_links":{"self":[{"href":"https:\/\/radiorevelacionfm.cl\/index.php?rest_route=\/wp\/v2\/posts\/19695","targetHints":{"allow":["GET"]}}],"collection":[{"href":"https:\/\/radiorevelacionfm.cl\/index.php?rest_route=\/wp\/v2\/posts"}],"about":[{"href":"https:\/\/radiorevelacionfm.cl\/index.php?rest_route=\/wp\/v2\/types\/post"}],"author":[{"embeddable":true,"href":"https:\/\/radiorevelacionfm.cl\/index.php?rest_route=\/wp\/v2\/users\/1"}],"replies":[{"embeddable":true,"href":"https:\/\/radiorevelacionfm.cl\/index.php?rest_route=%2Fwp%2Fv2%2Fcomments&post=19695"}],"version-history":[{"count":2,"href":"https:\/\/radiorevelacionfm.cl\/index.php?rest_route=\/wp\/v2\/posts\/19695\/revisions"}],"predecessor-version":[{"id":19698,"href":"https:\/\/radiorevelacionfm.cl\/index.php?rest_route=\/wp\/v2\/posts\/19695\/revisions\/19698"}],"wp:featuredmedia":[{"embeddable":true,"href":"https:\/\/radiorevelacionfm.cl\/index.php?rest_route=\/wp\/v2\/media\/19696"}],"wp:attachment":[{"href":"https:\/\/radiorevelacionfm.cl\/index.php?rest_route=%2Fwp%2Fv2%2Fmedia&parent=19695"}],"wp:term":[{"taxonomy":"category","embeddable":true,"href":"https:\/\/radiorevelacionfm.cl\/index.php?rest_route=%2Fwp%2Fv2%2Fcategories&post=19695"},{"taxonomy":"post_tag","embeddable":true,"href":"https:\/\/radiorevelacionfm.cl\/index.php?rest_route=%2Fwp%2Fv2%2Ftags&post=19695"}],"curies":[{"name":"wp","href":"https:\/\/api.w.org\/{rel}","templated":true}]}}