{"id":19692,"date":"2022-07-28T12:44:46","date_gmt":"2022-07-28T15:44:46","guid":{"rendered":"https:\/\/radiorevelacionfm.cl\/?p=19692"},"modified":"2022-07-28T12:44:46","modified_gmt":"2022-07-28T15:44:46","slug":"cinco-de-cada-diez-detenidos-por-robos-violentos-de-vehiculos-son-ninos-o-adolescentes","status":"publish","type":"post","link":"https:\/\/radiorevelacionfm.cl\/?p=19692","title":{"rendered":"Cinco de cada diez detenidos por robos violentos de veh\u00edculos son ni\u00f1os o adolescentes"},"content":{"rendered":"<div class=\"flex_column av_one_full  flex_column_div av-zero-column-padding first  avia-builder-el-0  el_before_av_one_full  avia-builder-el-first  \" style='border-radius:0px; '><div  class='avia-image-container  av-styling-    avia-builder-el-1  avia-builder-el-no-sibling  avia-align-center '  itemprop=\"image\" itemscope=\"itemscope\" itemtype=\"https:\/\/schema.org\/ImageObject\"  ><div class='avia-image-container-inner'><div class='avia-image-overlay-wrap'><img decoding=\"async\" class='wp-image-19693 avia-img-lazy-loading-not-19693 avia_image' src=\"https:\/\/radiorevelacionfm.cl\/wp-content\/uploads\/2022\/07\/b188bc98-bf52-4ab9-bc7c-db1bc0109adf-1-1.jpg\" alt='' title='b188bc98-bf52-4ab9-bc7c-db1bc0109adf (1) (1)' height=\"600\" width=\"913\"  itemprop=\"thumbnailUrl\" srcset=\"https:\/\/radiorevelacionfm.cl\/wp-content\/uploads\/2022\/07\/b188bc98-bf52-4ab9-bc7c-db1bc0109adf-1-1.jpg 913w, https:\/\/radiorevelacionfm.cl\/wp-content\/uploads\/2022\/07\/b188bc98-bf52-4ab9-bc7c-db1bc0109adf-1-1-300x197.jpg 300w, https:\/\/radiorevelacionfm.cl\/wp-content\/uploads\/2022\/07\/b188bc98-bf52-4ab9-bc7c-db1bc0109adf-1-1-768x505.jpg 768w, https:\/\/radiorevelacionfm.cl\/wp-content\/uploads\/2022\/07\/b188bc98-bf52-4ab9-bc7c-db1bc0109adf-1-1-705x463.jpg 705w, https:\/\/radiorevelacionfm.cl\/wp-content\/uploads\/2022\/07\/b188bc98-bf52-4ab9-bc7c-db1bc0109adf-1-1-600x394.jpg 600w\" sizes=\"(max-width: 913px) 100vw, 913px\" \/><\/div><\/div><\/div><\/div><div class=\"flex_column av_one_full  flex_column_div av-zero-column-padding first  avia-builder-el-2  el_after_av_one_full  el_before_av_one_full  column-top-margin\" style='border-radius:0px; '><section class=\"av_textblock_section \"  itemscope=\"itemscope\" itemtype=\"https:\/\/schema.org\/BlogPosting\" itemprop=\"blogPost\" ><div class='avia_textblock  '   itemprop=\"text\" ><p style=\"text-align: center;\"><strong><span style=\"font-size: 18pt;\">Cinco de cada diez detenidos por robos violentos de veh\u00edculos son ni\u00f1os o adolescentes<\/span><\/strong><\/p>\n<div id=\"gtx-trans\" style=\"position: absolute; left: -50px; top: 4.31534px;\">\n<div class=\"gtx-trans-icon\"><\/div>\n<\/div>\n<\/div><\/section><\/div><div class=\"flex_column av_one_full  flex_column_div av-zero-column-padding first  avia-builder-el-4  el_after_av_one_full  el_before_av_hr  column-top-margin\" style='border-radius:0px; '><section class=\"av_textblock_section \"  itemscope=\"itemscope\" itemtype=\"https:\/\/schema.org\/BlogPosting\" itemprop=\"blogPost\" ><div class='avia_textblock  '   itemprop=\"text\" ><p class=\"v1MsoNormal\" style=\"text-align: justify;\">\u00abEl robo violento de veh\u00edculos es, actualmente, el delito con mayor participaci\u00f3n de ni\u00f1os, ni\u00f1as y adolescentes. Y esa es una realidad que debe preocuparnos a todos, como sociedad\u00bb. As\u00ed\u00a0 se refiri\u00f3 este martes el Director Nacional de Orden y Seguridad de Carabineros, General Inspector Marcelo Araya Zapata, respecto de \u00abuno de los il\u00edcitos que m\u00e1s preocupa a la comunidad y a nuestra instituci\u00f3n, que sigue redoblando esfuerzos, realizando an\u00e1lisis criminal y desplegando servicios focalizados para aportar a la seguridad de la comunidad\u00bb.<\/p>\n<p class=\"v1MsoNormal\" style=\"text-align: justify;\">El alto oficial comparti\u00f3 un informe del Departamento de An\u00e1lisis Criminal de la polic\u00eda uniformada, que se\u00f1ala que \u00abpr\u00e1cticamente cinco de cada diez detenidos por robo violento de veh\u00edculos a\u00fan no ha cumplido la mayor\u00eda de edad\u00bb, un fen\u00f3meno que se ha agudizado en el \u00faltimo tiempo. De hecho, en un 45% aument\u00f3 la detenci\u00f3n de ni\u00f1os, ni\u00f1as y adolescentes (NNA) en este tipo de il\u00edcito entre 2020 y 2022; con alta concentraci\u00f3n en los j\u00f3venes de 16 y 17 a\u00f1os.<\/p>\n<p class=\"v1MsoNormal\" style=\"text-align: justify;\">El General Araya tambi\u00e9n se refiri\u00f3 respecto al perfil de las v\u00edctimas de las llamadas \u00abencerronas\u00bb y \u00abportonazos\u00bb, indicando que dos de cada diez afectados son mujeres (21% del total), y que nueve de cada diez conductoras afectadas (91%) circulaban solas en sus autom\u00f3viles. Del total de afectadas, casi 65% lo fueron en accesos, proximidades o dentro de las autopistas urbanas de la Regi\u00f3n Metropolitana.<\/p>\n<p class=\"v1MsoNormal\" style=\"text-align: justify;\">\u00abLas mujeres y los ni\u00f1os, ni\u00f1as y adolescentes, desde siempre, han sido grupos de especial preocupaci\u00f3n para nuestra instituci\u00f3n. La ciudadan\u00eda sabe que puede contar con sus carabineros. Estas cifras son fruto directo de su trabajo incansable y reafirman nuestro compromiso por brindar seguridad a todos los habitantes del pa\u00eds\u00bb, dijo el alto oficial.<\/p>\n<p class=\"v1MsoNormal\" style=\"text-align: justify;\"><b>Plan Anen<\/b><\/p>\n<p class=\"v1MsoNormal\" style=\"text-align: justify;\">Carabineros tambi\u00e9n entreg\u00f3 un balance del Plan ANEN (Antiencerronas), que est\u00e1 implementando desde el 23 de mayo en diez comunas de la Regi\u00f3n Metropolitana y a la fecha suma 137 detenidos, todos en flagrancia, con un promedio diario de dos aprehensiones diarias.<\/p>\n<p class=\"v1MsoNormal\" style=\"text-align: justify;\">Respecto de los antisociales detenidos por estos delitos, el 68% cuenta con antecedentes policiales, 94% son hombres y 9% son ni\u00f1os, ni\u00f1as y adolescentes (13), mientras que cinco comunas concentran el 70% de los aprehendidos: San Bernardo (22), Cerro Navia (22), La Pintana (19), Pudahuel (17) y Maip\u00fa (16).<\/p>\n<p class=\"v1MsoNormal\" style=\"text-align: justify;\">Tambi\u00e9n en el marco de este plan, Carabineros ha realizado 5.926 controles preventivos, 29.748 lecturas de patentes, 50 fiscalizaciones a talleres y 42 recuperaciones e incautaciones de veh\u00edculos recuperados e incautados.<\/p>\n<\/div><\/section><\/div><div  style='height:50px' class='hr hr-invisible   avia-builder-el-6  el_after_av_one_full  el_before_av_social_share '><span class='hr-inner ' ><span class='hr-inner-style'><\/span><\/span><\/div><\/p>\n<div  class='av-social-sharing-box  avia-builder-el-7  el_after_av_hr  el_before_av_hr  '><div class='av-share-box'><h5 class='av-share-link-description av-no-toc '>Compartir esta noticia<\/h5><ul class='av-share-box-list noLightbox'><li class='av-share-link av-social-link-facebook' ><a target=\"_blank\" aria-label=\"Compartir en Facebook\" href='https:\/\/www.facebook.com\/sharer.php?u=https:\/\/radiorevelacionfm.cl\/?p=19692&#038;t=Cinco%20de%20cada%20diez%20detenidos%20por%20robos%20violentos%20de%20veh%C3%ADculos%20son%20ni%C3%B1os%20o%20adolescentes' aria-hidden='false' data-av_icon='\ue8f3' data-av_iconfont='entypo-fontello' title='' data-avia-related-tooltip='Compartir en Facebook' rel=\"noopener\"><span class='avia_hidden_link_text'>Compartir en Facebook<\/span><\/a><\/li><li class='av-share-link av-social-link-twitter' ><a target=\"_blank\" aria-label=\"Compartir en Twitter\" href='https:\/\/twitter.com\/share?text=Cinco%20de%20cada%20diez%20detenidos%20por%20robos%20violentos%20de%20veh%C3%ADculos%20son%20ni%C3%B1os%20o%20adolescentes&#038;url=https:\/\/radiorevelacionfm.cl\/?p=19692' aria-hidden='false' data-av_icon='\ue8f1' data-av_iconfont='entypo-fontello' title='' data-avia-related-tooltip='Compartir en Twitter' rel=\"noopener\"><span class='avia_hidden_link_text'>Compartir en Twitter<\/span><\/a><\/li><li class='av-share-link av-social-link-whatsapp' ><a target=\"_blank\" aria-label=\"Compartir en Whatsapp\" href='https:\/\/api.whatsapp.com\/send?text=https:\/\/radiorevelacionfm.cl\/?p=19692' aria-hidden='false' data-av_icon='\uf232' data-av_iconfont='entypo-fontello' title='' data-avia-related-tooltip='Compartir en Whatsapp' rel=\"noopener\"><span class='avia_hidden_link_text'>Compartir en Whatsapp<\/span><\/a><\/li><li class='av-share-link av-social-link-linkedin' ><a target=\"_blank\" aria-label=\"Compartir en LinkedIn\" href='https:\/\/linkedin.com\/shareArticle?mini=true&#038;title=Cinco%20de%20cada%20diez%20detenidos%20por%20robos%20violentos%20de%20veh%C3%ADculos%20son%20ni%C3%B1os%20o%20adolescentes&#038;url=https:\/\/radiorevelacionfm.cl\/?p=19692' aria-hidden='false' data-av_icon='\ue8fc' data-av_iconfont='entypo-fontello' title='' data-avia-related-tooltip='Compartir en LinkedIn' rel=\"noopener\"><span class='avia_hidden_link_text'>Compartir en LinkedIn<\/span><\/a><\/li><li class='av-share-link av-social-link-mail' ><a  aria-label=\"Compartir por correo\" href='mailto:?subject=Cinco%20de%20cada%20diez%20detenidos%20por%20robos%20violentos%20de%20veh%C3%ADculos%20son%20ni%C3%B1os%20o%20adolescentes&#038;body=https:\/\/radiorevelacionfm.cl\/?p=19692' aria-hidden='false' data-av_icon='\ue805' data-av_iconfont='entypo-fontello' title='' data-avia-related-tooltip='Compartir por correo'><span class='avia_hidden_link_text'>Compartir por correo<\/span><\/a><\/li><\/ul><\/div><\/div>\n<div  style='height:50px' class='hr hr-invisible   avia-builder-el-8  el_after_av_social_share  el_before_av_comments_list '><span class='hr-inner ' ><span class='hr-inner-style'><\/span><\/span><\/div>\n<div  class='av-buildercomment  av-blog-meta-html-info-disabled av-blog-meta-tag-disabled  '><\/div>\n","protected":false},"excerpt":{"rendered":"","protected":false},"author":1,"featured_media":19693,"comment_status":"open","ping_status":"open","sticky":false,"template":"","format":"standard","meta":{"footnotes":""},"categories":[36],"tags":[],"class_list":["post-19692","post","type-post","status-publish","format-standard","has-post-thumbnail","hentry","category-policial"],"jetpack_featured_media_url":"https:\/\/radiorevelacionfm.cl\/wp-content\/uploads\/2022\/07\/b188bc98-bf52-4ab9-bc7c-db1bc0109adf-1-1.jpg","_links":{"self":[{"href":"https:\/\/radiorevelacionfm.cl\/index.php?rest_route=\/wp\/v2\/posts\/19692","targetHints":{"allow":["GET"]}}],"collection":[{"href":"https:\/\/radiorevelacionfm.cl\/index.php?rest_route=\/wp\/v2\/posts"}],"about":[{"href":"https:\/\/radiorevelacionfm.cl\/index.php?rest_route=\/wp\/v2\/types\/post"}],"author":[{"embeddable":true,"href":"https:\/\/radiorevelacionfm.cl\/index.php?rest_route=\/wp\/v2\/users\/1"}],"replies":[{"embeddable":true,"href":"https:\/\/radiorevelacionfm.cl\/index.php?rest_route=%2Fwp%2Fv2%2Fcomments&post=19692"}],"version-history":[{"count":2,"href":"https:\/\/radiorevelacionfm.cl\/index.php?rest_route=\/wp\/v2\/posts\/19692\/revisions"}],"predecessor-version":[{"id":19758,"href":"https:\/\/radiorevelacionfm.cl\/index.php?rest_route=\/wp\/v2\/posts\/19692\/revisions\/19758"}],"wp:featuredmedia":[{"embeddable":true,"href":"https:\/\/radiorevelacionfm.cl\/index.php?rest_route=\/wp\/v2\/media\/19693"}],"wp:attachment":[{"href":"https:\/\/radiorevelacionfm.cl\/index.php?rest_route=%2Fwp%2Fv2%2Fmedia&parent=19692"}],"wp:term":[{"taxonomy":"category","embeddable":true,"href":"https:\/\/radiorevelacionfm.cl\/index.php?rest_route=%2Fwp%2Fv2%2Fcategories&post=19692"},{"taxonomy":"post_tag","embeddable":true,"href":"https:\/\/radiorevelacionfm.cl\/index.php?rest_route=%2Fwp%2Fv2%2Ftags&post=19692"}],"curies":[{"name":"wp","href":"https:\/\/api.w.org\/{rel}","templated":true}]}}