{"id":19677,"date":"2022-07-26T17:59:38","date_gmt":"2022-07-26T20:59:38","guid":{"rendered":"https:\/\/radiorevelacionfm.cl\/?p=19677"},"modified":"2022-07-26T17:59:38","modified_gmt":"2022-07-26T20:59:38","slug":"denuncian-serios-problemas-de-gestion-y-fallas-en-el-nuevo-hospital-de-cochrane","status":"publish","type":"post","link":"https:\/\/radiorevelacionfm.cl\/?p=19677","title":{"rendered":"Denuncian serios problemas de gesti\u00f3n y fallas en el nuevo Hospital de Cochrane"},"content":{"rendered":"<div class=\"flex_column av_one_full  flex_column_div av-zero-column-padding first  avia-builder-el-0  el_before_av_one_full  avia-builder-el-first  \" style='border-radius:0px; '><div  class='avia-image-container  av-styling-    avia-builder-el-1  avia-builder-el-no-sibling  avia-align-center '  itemprop=\"image\" itemscope=\"itemscope\" itemtype=\"https:\/\/schema.org\/ImageObject\"  ><div class='avia-image-container-inner'><div class='avia-image-overlay-wrap'><img decoding=\"async\" class='wp-image-19678 avia-img-lazy-loading-not-19678 avia_image' src=\"https:\/\/radiorevelacionfm.cl\/wp-content\/uploads\/2022\/07\/foto-hospital-de-cochrane-1-1_optimized.jpg\" alt='' title='foto-hospital-de-cochrane-(1)-(1)_optimized' height=\"600\" width=\"1067\"  itemprop=\"thumbnailUrl\" srcset=\"https:\/\/radiorevelacionfm.cl\/wp-content\/uploads\/2022\/07\/foto-hospital-de-cochrane-1-1_optimized.jpg 1067w, https:\/\/radiorevelacionfm.cl\/wp-content\/uploads\/2022\/07\/foto-hospital-de-cochrane-1-1_optimized-300x169.jpg 300w, https:\/\/radiorevelacionfm.cl\/wp-content\/uploads\/2022\/07\/foto-hospital-de-cochrane-1-1_optimized-1030x579.jpg 1030w, https:\/\/radiorevelacionfm.cl\/wp-content\/uploads\/2022\/07\/foto-hospital-de-cochrane-1-1_optimized-768x432.jpg 768w, https:\/\/radiorevelacionfm.cl\/wp-content\/uploads\/2022\/07\/foto-hospital-de-cochrane-1-1_optimized-705x396.jpg 705w, https:\/\/radiorevelacionfm.cl\/wp-content\/uploads\/2022\/07\/foto-hospital-de-cochrane-1-1_optimized-600x337.jpg 600w\" sizes=\"(max-width: 1067px) 100vw, 1067px\" \/><\/div><\/div><\/div><\/div><div class=\"flex_column av_one_full  flex_column_div av-zero-column-padding first  avia-builder-el-2  el_after_av_one_full  el_before_av_one_full  column-top-margin\" style='border-radius:0px; '><section class=\"av_textblock_section \"  itemscope=\"itemscope\" itemtype=\"https:\/\/schema.org\/BlogPosting\" itemprop=\"blogPost\" ><div class='avia_textblock  '   itemprop=\"text\" ><p style=\"text-align: center;\"><strong><span style=\"font-size: 18pt;\">Denuncian serios problemas de gesti\u00f3n y fallas en el nuevo Hospital de Cochrane<\/span><\/strong><\/p>\n<div id=\"gtx-trans\" style=\"position: absolute; left: -50px; top: 4.31534px;\">\n<div class=\"gtx-trans-icon\"><\/div>\n<\/div>\n<\/div><\/section><\/div><div class=\"flex_column av_one_full  flex_column_div av-zero-column-padding first  avia-builder-el-4  el_after_av_one_full  el_before_av_hr  column-top-margin\" style='border-radius:0px; '><section class=\"av_textblock_section \"  itemscope=\"itemscope\" itemtype=\"https:\/\/schema.org\/BlogPosting\" itemprop=\"blogPost\" ><div class='avia_textblock  '   itemprop=\"text\" ><p style=\"text-align: justify;\">Anegamiento de instalaciones, derrumbe de cielo raso, problemas de calefacci\u00f3n y ambulancias con recurrentes fallas mec\u00e1nicas, entre otros problemas.<\/p>\n<p style=\"text-align: justify;\">El Concejal Miguel Aravena Torres, manifest\u00f3 su preocupaci\u00f3n por la actual gesti\u00f3n del Hospital de Cochrane, instalaci\u00f3n nueva, inaugurada hace solo meses, pero que presenta problemas estructurales y de gesti\u00f3n administrativa.<\/p>\n<div class=\"code-block code-block-6\" style=\"text-align: justify;\">\n<div id=\"Inread\">\n<div id=\"sas_container_10996305\">\n<div id=\"sas_replay_10996305\">La semana anterior, con temperaturas m\u00ednimas que superaron los -11 bajo cero, el recinto estuvo con serios problemas de calefacci\u00f3n por falta de le\u00f1a, biomasa que alimenta su caldera principal, de la cual solo se logr\u00f3 licitar una parte necesaria para funcionar durante todo el a\u00f1o calendario y ya se agot\u00f3, lo que signific\u00f3 recurrir a combustibles f\u00f3siles para sus calderas de respaldo, pero los aprox. 20.000 litros igualmente agotaron y no se licit\u00f3 nuevo stock. Finalmente el municipio, de emergencia, facilit\u00f3 le\u00f1a para sortear temporalmente la dificultad.<\/div>\n<\/div>\n<\/div>\n<div>\n<p>Lo anterior ha repercutido en la calidad de atenci\u00f3n a los usuarios, que se quejan del fr\u00edo reinante en sus instalaciones, sin dejar de mencionar a los trabajadores de la salud y las personas hospitalizadas, que comparten las mismas adversas condiciones.<\/p>\n<p>\u201cSi lo indicado no fuera suficiente, existen problemas con las ambulancias, las que regularmente presentan problemas mec\u00e1nicos, teniendo que recurrir a m\u00f3viles de postas rurales de Guadal, Tranquilo o Cerro Castillo (esto \u00faltimo cuando se traslada pacientes a Coyhaique), estresando este vital servicio y distrayendo insumos materiales y recursos humanos que son vitales para esas peque\u00f1as localidades\u201d, se\u00f1al\u00f3 Aravena.<\/p>\n<p>Tambi\u00e9n con las intensas lluvias acaecidas hace unos 10 d\u00edas, se anegaron instalaciones internas del recinto inhabilit\u00e1ndolas, inclusive adyacente a urgencias se desplomo parte del cielo raso, lo que es llamativo considerando que este Hospital de 5.020 metros cuadrados, con un costo de 20 mil millones de pesos, fue inaugurado el 20 de enero de\u00a0 este a\u00f1o, oportunidad en la que se indic\u00f3 ser considerado una de las instalaciones de salud m\u00e1s modernas de la regi\u00f3n de Ays\u00e9n y del pa\u00eds.<\/p>\n<p>Finalmente el Concejal Aravena, espera que las autoridades de salud, en particular su director regional, dejen su zona de confort y se preocupen de estas deficiencias, corrigiendo los problemas de gesti\u00f3n y regularizando una atenci\u00f3n de salud digna para todos los habitantes de la Provincia Capit\u00e1n Prat y localidades aleda\u00f1as de General Carrera, usuarios y usuarias de este recinto hospitalario.<\/p>\n<\/div>\n<\/div>\n<div style=\"text-align: justify;\"><\/div>\n<\/div><\/section><\/div><div  style='height:50px' class='hr hr-invisible   avia-builder-el-6  el_after_av_one_full  el_before_av_social_share '><span class='hr-inner ' ><span class='hr-inner-style'><\/span><\/span><\/div><\/p>\n<div  class='av-social-sharing-box  avia-builder-el-7  el_after_av_hr  el_before_av_hr  '><div class='av-share-box'><h5 class='av-share-link-description av-no-toc '>Compartir esta noticia<\/h5><ul class='av-share-box-list noLightbox'><li class='av-share-link av-social-link-facebook' ><a target=\"_blank\" aria-label=\"Compartir en Facebook\" href='https:\/\/www.facebook.com\/sharer.php?u=https:\/\/radiorevelacionfm.cl\/?p=19677&#038;t=Denuncian%20serios%20problemas%20de%20gesti%C3%B3n%20y%20fallas%20en%20el%20nuevo%20Hospital%20de%20Cochrane' aria-hidden='false' data-av_icon='\ue8f3' data-av_iconfont='entypo-fontello' title='' data-avia-related-tooltip='Compartir en Facebook' rel=\"noopener\"><span class='avia_hidden_link_text'>Compartir en Facebook<\/span><\/a><\/li><li class='av-share-link av-social-link-twitter' ><a target=\"_blank\" aria-label=\"Compartir en Twitter\" href='https:\/\/twitter.com\/share?text=Denuncian%20serios%20problemas%20de%20gesti%C3%B3n%20y%20fallas%20en%20el%20nuevo%20Hospital%20de%20Cochrane&#038;url=https:\/\/radiorevelacionfm.cl\/?p=19677' aria-hidden='false' data-av_icon='\ue8f1' data-av_iconfont='entypo-fontello' title='' data-avia-related-tooltip='Compartir en Twitter' rel=\"noopener\"><span class='avia_hidden_link_text'>Compartir en Twitter<\/span><\/a><\/li><li class='av-share-link av-social-link-whatsapp' ><a target=\"_blank\" aria-label=\"Compartir en Whatsapp\" href='https:\/\/api.whatsapp.com\/send?text=https:\/\/radiorevelacionfm.cl\/?p=19677' aria-hidden='false' data-av_icon='\uf232' data-av_iconfont='entypo-fontello' title='' data-avia-related-tooltip='Compartir en Whatsapp' rel=\"noopener\"><span class='avia_hidden_link_text'>Compartir en Whatsapp<\/span><\/a><\/li><li class='av-share-link av-social-link-linkedin' ><a target=\"_blank\" aria-label=\"Compartir en LinkedIn\" href='https:\/\/linkedin.com\/shareArticle?mini=true&#038;title=Denuncian%20serios%20problemas%20de%20gesti%C3%B3n%20y%20fallas%20en%20el%20nuevo%20Hospital%20de%20Cochrane&#038;url=https:\/\/radiorevelacionfm.cl\/?p=19677' aria-hidden='false' data-av_icon='\ue8fc' data-av_iconfont='entypo-fontello' title='' data-avia-related-tooltip='Compartir en LinkedIn' rel=\"noopener\"><span class='avia_hidden_link_text'>Compartir en LinkedIn<\/span><\/a><\/li><li class='av-share-link av-social-link-mail' ><a  aria-label=\"Compartir por correo\" href='mailto:?subject=Denuncian%20serios%20problemas%20de%20gesti%C3%B3n%20y%20fallas%20en%20el%20nuevo%20Hospital%20de%20Cochrane&#038;body=https:\/\/radiorevelacionfm.cl\/?p=19677' aria-hidden='false' data-av_icon='\ue805' data-av_iconfont='entypo-fontello' title='' data-avia-related-tooltip='Compartir por correo'><span class='avia_hidden_link_text'>Compartir por correo<\/span><\/a><\/li><\/ul><\/div><\/div>\n<div  style='height:50px' class='hr hr-invisible   avia-builder-el-8  el_after_av_social_share  el_before_av_comments_list '><span class='hr-inner ' ><span class='hr-inner-style'><\/span><\/span><\/div>\n<div  class='av-buildercomment  av-blog-meta-html-info-disabled av-blog-meta-tag-disabled  '><\/div>\n","protected":false},"excerpt":{"rendered":"","protected":false},"author":1,"featured_media":19678,"comment_status":"open","ping_status":"open","sticky":false,"template":"","format":"standard","meta":{"footnotes":""},"categories":[38],"tags":[],"class_list":["post-19677","post","type-post","status-publish","format-standard","has-post-thumbnail","hentry","category-regional"],"jetpack_featured_media_url":"https:\/\/radiorevelacionfm.cl\/wp-content\/uploads\/2022\/07\/foto-hospital-de-cochrane-1-1_optimized.jpg","_links":{"self":[{"href":"https:\/\/radiorevelacionfm.cl\/index.php?rest_route=\/wp\/v2\/posts\/19677","targetHints":{"allow":["GET"]}}],"collection":[{"href":"https:\/\/radiorevelacionfm.cl\/index.php?rest_route=\/wp\/v2\/posts"}],"about":[{"href":"https:\/\/radiorevelacionfm.cl\/index.php?rest_route=\/wp\/v2\/types\/post"}],"author":[{"embeddable":true,"href":"https:\/\/radiorevelacionfm.cl\/index.php?rest_route=\/wp\/v2\/users\/1"}],"replies":[{"embeddable":true,"href":"https:\/\/radiorevelacionfm.cl\/index.php?rest_route=%2Fwp%2Fv2%2Fcomments&post=19677"}],"version-history":[{"count":2,"href":"https:\/\/radiorevelacionfm.cl\/index.php?rest_route=\/wp\/v2\/posts\/19677\/revisions"}],"predecessor-version":[{"id":19680,"href":"https:\/\/radiorevelacionfm.cl\/index.php?rest_route=\/wp\/v2\/posts\/19677\/revisions\/19680"}],"wp:featuredmedia":[{"embeddable":true,"href":"https:\/\/radiorevelacionfm.cl\/index.php?rest_route=\/wp\/v2\/media\/19678"}],"wp:attachment":[{"href":"https:\/\/radiorevelacionfm.cl\/index.php?rest_route=%2Fwp%2Fv2%2Fmedia&parent=19677"}],"wp:term":[{"taxonomy":"category","embeddable":true,"href":"https:\/\/radiorevelacionfm.cl\/index.php?rest_route=%2Fwp%2Fv2%2Fcategories&post=19677"},{"taxonomy":"post_tag","embeddable":true,"href":"https:\/\/radiorevelacionfm.cl\/index.php?rest_route=%2Fwp%2Fv2%2Ftags&post=19677"}],"curies":[{"name":"wp","href":"https:\/\/api.w.org\/{rel}","templated":true}]}}