{"id":19674,"date":"2022-07-26T19:14:33","date_gmt":"2022-07-26T22:14:33","guid":{"rendered":"https:\/\/radiorevelacionfm.cl\/?p=19674"},"modified":"2022-07-26T19:14:33","modified_gmt":"2022-07-26T22:14:33","slug":"la-tejueleria-protagoniza-seminario-en-la-region-de-aysen","status":"publish","type":"post","link":"https:\/\/radiorevelacionfm.cl\/?p=19674","title":{"rendered":"La tejueler\u00eda protagoniza seminario en la Regi\u00f3n de Ays\u00e9n"},"content":{"rendered":"<div class=\"flex_column av_one_full  flex_column_div av-zero-column-padding first  avia-builder-el-0  el_before_av_one_full  avia-builder-el-first  \" style='border-radius:0px; '><div  class='avia-image-container  av-styling-    avia-builder-el-1  avia-builder-el-no-sibling  avia-align-center '  itemprop=\"image\" itemscope=\"itemscope\" itemtype=\"https:\/\/schema.org\/ImageObject\"  ><div class='avia-image-container-inner'><div class='avia-image-overlay-wrap'><img decoding=\"async\" class='wp-image-19675 avia-img-lazy-loading-not-19675 avia_image' src=\"https:\/\/radiorevelacionfm.cl\/wp-content\/uploads\/2022\/07\/tejuelero-ramon-carimoney-1-1_optimized-1.jpg\" alt='' title='tejuelero-ramon-carimoney-(1)-(1)_optimized (1)' height=\"600\" width=\"1064\"  itemprop=\"thumbnailUrl\" srcset=\"https:\/\/radiorevelacionfm.cl\/wp-content\/uploads\/2022\/07\/tejuelero-ramon-carimoney-1-1_optimized-1.jpg 1064w, https:\/\/radiorevelacionfm.cl\/wp-content\/uploads\/2022\/07\/tejuelero-ramon-carimoney-1-1_optimized-1-300x169.jpg 300w, https:\/\/radiorevelacionfm.cl\/wp-content\/uploads\/2022\/07\/tejuelero-ramon-carimoney-1-1_optimized-1-1030x581.jpg 1030w, https:\/\/radiorevelacionfm.cl\/wp-content\/uploads\/2022\/07\/tejuelero-ramon-carimoney-1-1_optimized-1-768x433.jpg 768w, https:\/\/radiorevelacionfm.cl\/wp-content\/uploads\/2022\/07\/tejuelero-ramon-carimoney-1-1_optimized-1-705x398.jpg 705w, https:\/\/radiorevelacionfm.cl\/wp-content\/uploads\/2022\/07\/tejuelero-ramon-carimoney-1-1_optimized-1-600x338.jpg 600w\" sizes=\"(max-width: 1064px) 100vw, 1064px\" \/><\/div><\/div><\/div><\/div><div class=\"flex_column av_one_full  flex_column_div av-zero-column-padding first  avia-builder-el-2  el_after_av_one_full  el_before_av_one_full  column-top-margin\" style='border-radius:0px; '><section class=\"av_textblock_section \"  itemscope=\"itemscope\" itemtype=\"https:\/\/schema.org\/BlogPosting\" itemprop=\"blogPost\" ><div class='avia_textblock  '   itemprop=\"text\" ><p style=\"text-align: center;\"><strong><span style=\"font-size: 18pt;\">La tejueler\u00eda protagoniza seminario en la Regi\u00f3n de Ays\u00e9n<\/span><\/strong><\/p>\n<div id=\"gtx-trans\" style=\"position: absolute; left: -50px; top: 4.31534px;\">\n<div class=\"gtx-trans-icon\"><\/div>\n<\/div>\n<\/div><\/section><\/div><div class=\"flex_column av_one_full  flex_column_div av-zero-column-padding first  avia-builder-el-4  el_after_av_one_full  el_before_av_hr  column-top-margin\" style='border-radius:0px; '><section class=\"av_textblock_section \"  itemscope=\"itemscope\" itemtype=\"https:\/\/schema.org\/BlogPosting\" itemprop=\"blogPost\" ><div class='avia_textblock  '   itemprop=\"text\" ><p class=\"v1p4\" style=\"text-align: justify;\">En el marco de su incorporaci\u00f3n al inventario del Patrimonio Cultural Inmaterial en Chile, este viernes 29 de julio se llevar\u00e1 a cabo el seminario \u00abTejueler\u00eda Artesanal en la Regi\u00f3n de Ays\u00e9n; Identidad, Cultura y Patrimonio\u00bb, organizado por la Corporaci\u00f3n Memoria Austral y el Servicio Nacional del Patrimonio Cultural (Serpat).<\/p>\n<p class=\"v1p4\" style=\"text-align: justify;\">La actividad busca convocar a tejueleros de distintas comunas de la regi\u00f3n y a diversas instituciones p\u00fablicas, organizaciones de la sociedad civil, municipios y comunidad regional en general, para propiciar un intercambio y di\u00e1logo que contribuya a procesos de salvaguardia para esta tradici\u00f3n patrimonial.<span class=\"v1Apple-converted-space\">\u00a0<\/span><\/p>\n<p class=\"v1p4\" style=\"text-align: justify;\">En ese sentido, el seminario que comienza este viernes a las 09:30 horas <b>en el audit\u00f3rium del Museo Regional de Ays\u00e9n<\/b>\u00a0es el marco perfecto para celebrar la incorporaci\u00f3n de la tejueler\u00eda aysenina al Inventario del Patrimonio Cultural Inmaterial en Chile.<\/p>\n<p class=\"v1p4\" style=\"text-align: justify;\">\u00abComo Servicio Regional del Patrimonio estamos muy contentos de poder relevar la importancia de la tejueler\u00eda, m\u00e1s a\u00fan cuando esta t\u00e9cnica tan aysenina ha sido incorporada al inventario del Patrimonio Cultural Inmaterial. Este seminario es una invitaci\u00f3n a identificar y valorar el patrimonio inmaterial de nuestro territorio, para protegerlo y difundirlo en propiedad\u00bb, dijo Loreto Nova, encargada regional de la Subdirecci\u00f3n de Patrimonio Cultural Inmaterial.<\/p>\n<p class=\"v1p4\" style=\"text-align: justify;\">La incorporaci\u00f3n es el reflejo de un esfuerzo conjunto a nivel del Estado con los distintos sectores e institucionalidades que han permitido establecer un v\u00ednculo transversal y generar las condiciones que favorezcan la continuidad de los patrimonios culturales inmateriales en el pa\u00eds. Destaca as\u00ed el trabajo de la Subdirecci\u00f3n de Patrimonio Cultural Inmaterial con la comunidad cultora, que ha permitido avanzar en la identificaci\u00f3n, documentaci\u00f3n, investigaci\u00f3n, promoci\u00f3n y valorizaci\u00f3n de su patrimonio inmaterial, seg\u00fan las medidas de salvaguardia recomendadas por Unesco.<\/p>\n<p class=\"v1p4\" style=\"text-align: justify;\">El ingeniero forestal y tejuelero artesanal, Carlos Castillo Levicoy, extendi\u00f3 la invitaci\u00f3n al seminario y dijo que \u00abqueremos invitar a toda la comunidad a que pueda participar de esta actividad. Abordaremos varias tem\u00e1ticas en torno al oficio de la tejueler\u00eda y resaltaremos la importancia que tiene su incorporaci\u00f3n al inventario de Patrimonio Inmaterial. Este es un oficio que se practica en Chile hace m\u00e1s de cinco siglos y en la Regi\u00f3n de Ays\u00e9n hace por lo menos 100 a\u00f1os. Y fue uno de los materiales de revestimiento m\u00e1s representativos que se utiliz\u00f3 en diversas construcciones de Ays\u00e9n\u00bb.<span class=\"v1Apple-converted-space\">\u00a0<\/span><\/p>\n<p class=\"v1p4\" style=\"text-align: justify;\"><b>Tejueler\u00eda en la Regi\u00f3n de Ays\u00e9n, una tradici\u00f3n que se niega a morir<\/b><\/p>\n<p class=\"v1p4\" style=\"text-align: justify;\">La Tejueler\u00eda en la Regi\u00f3n de Ays\u00e9n concierne a las diferentes t\u00e9cnicas y conocimientos movilizados para la elaboraci\u00f3n de unidades de tejuela labradas, en estrecho v\u00ednculo con determinadas especies arb\u00f3reas del territorio sur austral de Chile. Se expresa como un oficio tradicional que requiere de especializaci\u00f3n y que es desarrollado por personas que son reconocidas en las localidades donde habitan, bajo la denominaci\u00f3n com\u00fan de tejueleros o tejueleras.<\/p>\n<p class=\"v1p4\" style=\"text-align: justify;\">Quienes han cultivado el oficio poseen un conjunto de conocimientos ecosist\u00e9micos relacionados con la realizaci\u00f3n de trayectos en los cursos de agua y los bosques; la elecci\u00f3n de los ejemplares arb\u00f3reos id\u00f3neos mediante t\u00e9cnicas de reconocimiento visual y auditivo; el volteo, trozado y metaneo de los \u00e1rboles escogidos; as\u00ed como la posterior extracci\u00f3n y labrado de las tejuelas, muchas veces en los mismos bosques.<span class=\"v1Apple-converted-space\">\u00a0<\/span><\/p>\n<p class=\"v1p4\" style=\"text-align: justify;\">Dichos conocimientos y t\u00e9cnicas asociados se adquieren mediante una pr\u00e1ctica situada en el paisaje local y sostenida en el tiempo, la que tradicionalmente se ha desarrollado en el contexto de faenas madereras familiares, as\u00ed como en las faenas de cuadrillas madereras. Frecuentemente son los abuelos, padres, t\u00edos o maridos quienes han ense\u00f1ado a sus hijos, sobrinos, nietos y tambi\u00e9n compa\u00f1eras.<span class=\"v1Apple-converted-space\">\u00a0<\/span><\/p>\n<p class=\"v1p4\" style=\"text-align: justify;\">La pr\u00e1ctica se mantiene vigente gracias al ejercicio de 15 personas de edad avanzada, en su mayor\u00eda hombres. Las edades reflejan las actuales dificultades de transmisi\u00f3n, siendo en su mayor\u00eda adultos y adultos mayores que rondan entre los 60 a 75 a\u00f1os. Se encuentran en las localidades de Caleta Tortel, Lago Negro, Puerto Guadal, Villa Ortega, Melinka, Repollal Alto, Puyuhuapi y La Tapera.<\/p>\n<\/div><\/section><\/div><div  style='height:50px' class='hr hr-invisible   avia-builder-el-6  el_after_av_one_full  el_before_av_social_share '><span class='hr-inner ' ><span class='hr-inner-style'><\/span><\/span><\/div><\/p>\n<div  class='av-social-sharing-box  avia-builder-el-7  el_after_av_hr  el_before_av_hr  '><div class='av-share-box'><h5 class='av-share-link-description av-no-toc '>Compartir esta noticia<\/h5><ul class='av-share-box-list noLightbox'><li class='av-share-link av-social-link-facebook' ><a target=\"_blank\" aria-label=\"Compartir en Facebook\" href='https:\/\/www.facebook.com\/sharer.php?u=https:\/\/radiorevelacionfm.cl\/?p=19674&#038;t=La%20tejueler%C3%ADa%20protagoniza%20seminario%20en%20la%20Regi%C3%B3n%20de%20Ays%C3%A9n' aria-hidden='false' data-av_icon='\ue8f3' data-av_iconfont='entypo-fontello' title='' data-avia-related-tooltip='Compartir en Facebook' rel=\"noopener\"><span class='avia_hidden_link_text'>Compartir en Facebook<\/span><\/a><\/li><li class='av-share-link av-social-link-twitter' ><a target=\"_blank\" aria-label=\"Compartir en Twitter\" href='https:\/\/twitter.com\/share?text=La%20tejueler%C3%ADa%20protagoniza%20seminario%20en%20la%20Regi%C3%B3n%20de%20Ays%C3%A9n&#038;url=https:\/\/radiorevelacionfm.cl\/?p=19674' aria-hidden='false' data-av_icon='\ue8f1' data-av_iconfont='entypo-fontello' title='' data-avia-related-tooltip='Compartir en Twitter' rel=\"noopener\"><span class='avia_hidden_link_text'>Compartir en Twitter<\/span><\/a><\/li><li class='av-share-link av-social-link-whatsapp' ><a target=\"_blank\" aria-label=\"Compartir en Whatsapp\" href='https:\/\/api.whatsapp.com\/send?text=https:\/\/radiorevelacionfm.cl\/?p=19674' aria-hidden='false' data-av_icon='\uf232' data-av_iconfont='entypo-fontello' title='' data-avia-related-tooltip='Compartir en Whatsapp' rel=\"noopener\"><span class='avia_hidden_link_text'>Compartir en Whatsapp<\/span><\/a><\/li><li class='av-share-link av-social-link-linkedin' ><a target=\"_blank\" aria-label=\"Compartir en LinkedIn\" href='https:\/\/linkedin.com\/shareArticle?mini=true&#038;title=La%20tejueler%C3%ADa%20protagoniza%20seminario%20en%20la%20Regi%C3%B3n%20de%20Ays%C3%A9n&#038;url=https:\/\/radiorevelacionfm.cl\/?p=19674' aria-hidden='false' data-av_icon='\ue8fc' data-av_iconfont='entypo-fontello' title='' data-avia-related-tooltip='Compartir en LinkedIn' rel=\"noopener\"><span class='avia_hidden_link_text'>Compartir en LinkedIn<\/span><\/a><\/li><li class='av-share-link av-social-link-mail' ><a  aria-label=\"Compartir por correo\" href='mailto:?subject=La%20tejueler%C3%ADa%20protagoniza%20seminario%20en%20la%20Regi%C3%B3n%20de%20Ays%C3%A9n&#038;body=https:\/\/radiorevelacionfm.cl\/?p=19674' aria-hidden='false' data-av_icon='\ue805' data-av_iconfont='entypo-fontello' title='' data-avia-related-tooltip='Compartir por correo'><span class='avia_hidden_link_text'>Compartir por correo<\/span><\/a><\/li><\/ul><\/div><\/div>\n<div  style='height:50px' class='hr hr-invisible   avia-builder-el-8  el_after_av_social_share  el_before_av_comments_list '><span class='hr-inner ' ><span class='hr-inner-style'><\/span><\/span><\/div>\n<div  class='av-buildercomment  av-blog-meta-html-info-disabled av-blog-meta-tag-disabled  '><\/div>\n","protected":false},"excerpt":{"rendered":"","protected":false},"author":1,"featured_media":19675,"comment_status":"open","ping_status":"open","sticky":false,"template":"","format":"standard","meta":{"footnotes":""},"categories":[38],"tags":[],"class_list":["post-19674","post","type-post","status-publish","format-standard","has-post-thumbnail","hentry","category-regional"],"jetpack_featured_media_url":"https:\/\/radiorevelacionfm.cl\/wp-content\/uploads\/2022\/07\/tejuelero-ramon-carimoney-1-1_optimized-1.jpg","_links":{"self":[{"href":"https:\/\/radiorevelacionfm.cl\/index.php?rest_route=\/wp\/v2\/posts\/19674","targetHints":{"allow":["GET"]}}],"collection":[{"href":"https:\/\/radiorevelacionfm.cl\/index.php?rest_route=\/wp\/v2\/posts"}],"about":[{"href":"https:\/\/radiorevelacionfm.cl\/index.php?rest_route=\/wp\/v2\/types\/post"}],"author":[{"embeddable":true,"href":"https:\/\/radiorevelacionfm.cl\/index.php?rest_route=\/wp\/v2\/users\/1"}],"replies":[{"embeddable":true,"href":"https:\/\/radiorevelacionfm.cl\/index.php?rest_route=%2Fwp%2Fv2%2Fcomments&post=19674"}],"version-history":[{"count":2,"href":"https:\/\/radiorevelacionfm.cl\/index.php?rest_route=\/wp\/v2\/posts\/19674\/revisions"}],"predecessor-version":[{"id":19690,"href":"https:\/\/radiorevelacionfm.cl\/index.php?rest_route=\/wp\/v2\/posts\/19674\/revisions\/19690"}],"wp:featuredmedia":[{"embeddable":true,"href":"https:\/\/radiorevelacionfm.cl\/index.php?rest_route=\/wp\/v2\/media\/19675"}],"wp:attachment":[{"href":"https:\/\/radiorevelacionfm.cl\/index.php?rest_route=%2Fwp%2Fv2%2Fmedia&parent=19674"}],"wp:term":[{"taxonomy":"category","embeddable":true,"href":"https:\/\/radiorevelacionfm.cl\/index.php?rest_route=%2Fwp%2Fv2%2Fcategories&post=19674"},{"taxonomy":"post_tag","embeddable":true,"href":"https:\/\/radiorevelacionfm.cl\/index.php?rest_route=%2Fwp%2Fv2%2Ftags&post=19674"}],"curies":[{"name":"wp","href":"https:\/\/api.w.org\/{rel}","templated":true}]}}