{"id":19670,"date":"2022-07-26T17:26:26","date_gmt":"2022-07-26T20:26:26","guid":{"rendered":"https:\/\/radiorevelacionfm.cl\/?p=19670"},"modified":"2022-07-26T17:26:26","modified_gmt":"2022-07-26T20:26:26","slug":"prioridades-de-conectividad-analizaron-delegado-rodrigo-araya-y-senadora-ordenes","status":"publish","type":"post","link":"https:\/\/radiorevelacionfm.cl\/?p=19670","title":{"rendered":"Prioridades de conectividad analizaron Delegado Rodrigo Araya y Senadora \u00d3rdenes"},"content":{"rendered":"<div class=\"flex_column av_one_full  flex_column_div av-zero-column-padding first  avia-builder-el-0  el_before_av_one_full  avia-builder-el-first  \" style='border-radius:0px; '><div  class='avia-image-container  av-styling-    avia-builder-el-1  avia-builder-el-no-sibling  avia-align-center '  itemprop=\"image\" itemscope=\"itemscope\" itemtype=\"https:\/\/schema.org\/ImageObject\"  ><div class='avia-image-container-inner'><div class='avia-image-overlay-wrap'><img decoding=\"async\" class='wp-image-19671 avia-img-lazy-loading-not-19671 avia_image' src=\"https:\/\/radiorevelacionfm.cl\/wp-content\/uploads\/2022\/07\/reunion-delegacion-presidencial-regional-y-senadora-ximena-Ordenes1-1_optimized.jpg\" alt='' title='reuni\u00f3n-delegaci\u00f3n-presidencial-regional-y-senadora-ximena-\u00d3rdenes1-(1)_optimized' height=\"600\" width=\"1028\"  itemprop=\"thumbnailUrl\" srcset=\"https:\/\/radiorevelacionfm.cl\/wp-content\/uploads\/2022\/07\/reunion-delegacion-presidencial-regional-y-senadora-ximena-Ordenes1-1_optimized.jpg 1028w, https:\/\/radiorevelacionfm.cl\/wp-content\/uploads\/2022\/07\/reunion-delegacion-presidencial-regional-y-senadora-ximena-Ordenes1-1_optimized-300x175.jpg 300w, https:\/\/radiorevelacionfm.cl\/wp-content\/uploads\/2022\/07\/reunion-delegacion-presidencial-regional-y-senadora-ximena-Ordenes1-1_optimized-768x448.jpg 768w, https:\/\/radiorevelacionfm.cl\/wp-content\/uploads\/2022\/07\/reunion-delegacion-presidencial-regional-y-senadora-ximena-Ordenes1-1_optimized-705x411.jpg 705w, https:\/\/radiorevelacionfm.cl\/wp-content\/uploads\/2022\/07\/reunion-delegacion-presidencial-regional-y-senadora-ximena-Ordenes1-1_optimized-600x350.jpg 600w\" sizes=\"(max-width: 1028px) 100vw, 1028px\" \/><\/div><\/div><\/div><\/div><div class=\"flex_column av_one_full  flex_column_div av-zero-column-padding first  avia-builder-el-2  el_after_av_one_full  el_before_av_one_full  column-top-margin\" style='border-radius:0px; '><section class=\"av_textblock_section \"  itemscope=\"itemscope\" itemtype=\"https:\/\/schema.org\/BlogPosting\" itemprop=\"blogPost\" ><div class='avia_textblock  '   itemprop=\"text\" ><p style=\"text-align: center;\"><strong><span style=\"font-size: 18pt;\">Prioridades de conectividad analizaron Delegado Rodrigo Araya y Senadora \u00d3rdenes<\/span><\/strong><\/p>\n<div id=\"gtx-trans\" style=\"position: absolute; left: -50px; top: 4.31534px;\">\n<div class=\"gtx-trans-icon\"><\/div>\n<\/div>\n<\/div><\/section><\/div><div class=\"flex_column av_one_full  flex_column_div av-zero-column-padding first  avia-builder-el-4  el_after_av_one_full  el_before_av_hr  column-top-margin\" style='border-radius:0px; '><section class=\"av_textblock_section \"  itemscope=\"itemscope\" itemtype=\"https:\/\/schema.org\/BlogPosting\" itemprop=\"blogPost\" ><div class='avia_textblock  '   itemprop=\"text\" ><p style=\"font-weight: 400; text-align: justify;\">Prioridades de conectividad local y regional, abordaron el Delegado Presidencial Regional, Rodrigo Araya y la Senadora Ximena \u00d3rdenes, presidenta de la Comisi\u00f3n de Transportes y Telecomunicaciones, junto con los secretarios regionales ministeriales de Obras P\u00fablicas, Patricio Sanhueza y de Transportes y Telecomunicaciones, Claudia Cantero.<\/p>\n<p style=\"font-weight: 400; text-align: justify;\">La reuni\u00f3n se realiz\u00f3 en dependencias de la Delegaci\u00f3n Presidencial Regional, Coyhaique, con el objetivo de profundizar en el Plan de Conectividad para Chile Chico, entre otras prioridades del sector.<\/p>\n<p style=\"font-weight: 400; text-align: justify;\">Al t\u00e9rmino de la reuni\u00f3n, la senadora Ximena \u00d3rdenes subray\u00f3 el sentido de urgencia y de futuro que involucra este proceso.<\/p>\n<p style=\"font-weight: 400; text-align: justify;\">\u201cQuiero valorar este espacio, porque nos permite pensar en aquellas soluciones definitivas, sobre todo, en materia de conectividad. La zona del Lago General Carrera requiere un nuevo sistema de conectividad lacustre y eso implica la participaci\u00f3n de todos los actores: Ministerio de Obras P\u00fablicas, Ministerio del Interior, Ministerio de Transportes, parlamentarios, la comunidad, los municipios y en ese ejercicio, pensando en un horizonte incluso de Desarrollo de Zonas Extremas, no me cabe duda que una de las iniciativas principales, sobre todo, de la comuna de Chile Chico, es avanzar en el corto y largo plazo en una soluci\u00f3n que hable de cu\u00e1les van a ser los track, si se requieren nuevos tracks, nuevas naves y, sin duda, que este proceso tiene que ser participativo\u201d, indic\u00f3.<\/p>\n<p style=\"font-weight: 400; text-align: justify;\">Rodrigo Araya se\u00f1al\u00f3 que la comunicaci\u00f3n y coordinaci\u00f3n es un eje prioritario de la gesti\u00f3n en materias como la conectividad.<\/p>\n<p style=\"font-weight: 400; text-align: justify;\">\u201cUna mejor gesti\u00f3n del transporte y de la conectividad en nuestra regi\u00f3n, para lo cual tambi\u00e9n somos conscientes que aparte de los actores locales que tenemos que coordinar y donde tenemos que aunar esas voluntades para poder avanzar, tambi\u00e9n tenemos que perfeccionar la manera en que se coordinan en el transporte lacustre en particular\u201d, indic\u00f3.<\/p>\n<p style=\"font-weight: 400; text-align: justify;\">A\u00f1adi\u00f3 que, adem\u00e1s, es fundamental afianzar redes de trabajo local, regional y nacional.<\/p>\n<p style=\"font-weight: 400; text-align: justify;\">\u201cTambi\u00e9n, para nosotros es tremendamente importante coordinarnos con la Regi\u00f3n de Los Lagos y con la Regi\u00f3n de Magallanes. Somos una zona austral, donde la v\u00eda de conectividad es fundamental para el transporte de carga y de pasajeros y, por lo tanto, tenemos temas en com\u00fan que queremos desarrollar y para eso hemos pedido su cooperaci\u00f3n a la senadora, ya que ella participa en la Comisi\u00f3n de Transporte del Senado y ah\u00ed hay un rol importante de coordinaci\u00f3n\u201d, concluy\u00f3.<\/p>\n<p style=\"font-weight: 400; text-align: justify;\">Concluy\u00f3 que la conectividad ha implicado di\u00e1logo y trabajo con organizaciones ciudadanas, alcaldes y concejales, parlamentarios, ministerios de Transportes y Telecomunicaciones y Obras P\u00fablicas en Chile Chico, Coyhaique y Santiago; con el Gobierno Regional, con Astilleros y Maestranzas de la Armada, Asmar, y con las delegaciones presidenciales provincial General Carrera y regionales de Los Lagos y Magallanes, entre otras.<\/p>\n<\/div><\/section><\/div><div  style='height:50px' class='hr hr-invisible   avia-builder-el-6  el_after_av_one_full  el_before_av_social_share '><span class='hr-inner ' ><span class='hr-inner-style'><\/span><\/span><\/div><\/p>\n<div  class='av-social-sharing-box  avia-builder-el-7  el_after_av_hr  el_before_av_hr  '><div class='av-share-box'><h5 class='av-share-link-description av-no-toc '>Compartir esta noticia<\/h5><ul class='av-share-box-list noLightbox'><li class='av-share-link av-social-link-facebook' ><a target=\"_blank\" aria-label=\"Compartir en Facebook\" href='https:\/\/www.facebook.com\/sharer.php?u=https:\/\/radiorevelacionfm.cl\/?p=19670&#038;t=Prioridades%20de%20conectividad%20analizaron%20Delegado%20Rodrigo%20Araya%20y%20Senadora%20%C3%93rdenes' aria-hidden='false' data-av_icon='\ue8f3' data-av_iconfont='entypo-fontello' title='' data-avia-related-tooltip='Compartir en Facebook' rel=\"noopener\"><span class='avia_hidden_link_text'>Compartir en Facebook<\/span><\/a><\/li><li class='av-share-link av-social-link-twitter' ><a target=\"_blank\" aria-label=\"Compartir en Twitter\" href='https:\/\/twitter.com\/share?text=Prioridades%20de%20conectividad%20analizaron%20Delegado%20Rodrigo%20Araya%20y%20Senadora%20%C3%93rdenes&#038;url=https:\/\/radiorevelacionfm.cl\/?p=19670' aria-hidden='false' data-av_icon='\ue8f1' data-av_iconfont='entypo-fontello' title='' data-avia-related-tooltip='Compartir en Twitter' rel=\"noopener\"><span class='avia_hidden_link_text'>Compartir en Twitter<\/span><\/a><\/li><li class='av-share-link av-social-link-whatsapp' ><a target=\"_blank\" aria-label=\"Compartir en Whatsapp\" href='https:\/\/api.whatsapp.com\/send?text=https:\/\/radiorevelacionfm.cl\/?p=19670' aria-hidden='false' data-av_icon='\uf232' data-av_iconfont='entypo-fontello' title='' data-avia-related-tooltip='Compartir en Whatsapp' rel=\"noopener\"><span class='avia_hidden_link_text'>Compartir en Whatsapp<\/span><\/a><\/li><li class='av-share-link av-social-link-linkedin' ><a target=\"_blank\" aria-label=\"Compartir en LinkedIn\" href='https:\/\/linkedin.com\/shareArticle?mini=true&#038;title=Prioridades%20de%20conectividad%20analizaron%20Delegado%20Rodrigo%20Araya%20y%20Senadora%20%C3%93rdenes&#038;url=https:\/\/radiorevelacionfm.cl\/?p=19670' aria-hidden='false' data-av_icon='\ue8fc' data-av_iconfont='entypo-fontello' title='' data-avia-related-tooltip='Compartir en LinkedIn' rel=\"noopener\"><span class='avia_hidden_link_text'>Compartir en LinkedIn<\/span><\/a><\/li><li class='av-share-link av-social-link-mail' ><a  aria-label=\"Compartir por correo\" href='mailto:?subject=Prioridades%20de%20conectividad%20analizaron%20Delegado%20Rodrigo%20Araya%20y%20Senadora%20%C3%93rdenes&#038;body=https:\/\/radiorevelacionfm.cl\/?p=19670' aria-hidden='false' data-av_icon='\ue805' data-av_iconfont='entypo-fontello' title='' data-avia-related-tooltip='Compartir por correo'><span class='avia_hidden_link_text'>Compartir por correo<\/span><\/a><\/li><\/ul><\/div><\/div>\n<div  style='height:50px' class='hr hr-invisible   avia-builder-el-8  el_after_av_social_share  el_before_av_comments_list '><span class='hr-inner ' ><span class='hr-inner-style'><\/span><\/span><\/div>\n<div  class='av-buildercomment  av-blog-meta-html-info-disabled av-blog-meta-tag-disabled  '><\/div>\n","protected":false},"excerpt":{"rendered":"","protected":false},"author":1,"featured_media":19671,"comment_status":"open","ping_status":"open","sticky":false,"template":"","format":"standard","meta":{"footnotes":""},"categories":[38],"tags":[],"class_list":["post-19670","post","type-post","status-publish","format-standard","has-post-thumbnail","hentry","category-regional"],"jetpack_featured_media_url":"https:\/\/radiorevelacionfm.cl\/wp-content\/uploads\/2022\/07\/reunion-delegacion-presidencial-regional-y-senadora-ximena-Ordenes1-1_optimized.jpg","_links":{"self":[{"href":"https:\/\/radiorevelacionfm.cl\/index.php?rest_route=\/wp\/v2\/posts\/19670","targetHints":{"allow":["GET"]}}],"collection":[{"href":"https:\/\/radiorevelacionfm.cl\/index.php?rest_route=\/wp\/v2\/posts"}],"about":[{"href":"https:\/\/radiorevelacionfm.cl\/index.php?rest_route=\/wp\/v2\/types\/post"}],"author":[{"embeddable":true,"href":"https:\/\/radiorevelacionfm.cl\/index.php?rest_route=\/wp\/v2\/users\/1"}],"replies":[{"embeddable":true,"href":"https:\/\/radiorevelacionfm.cl\/index.php?rest_route=%2Fwp%2Fv2%2Fcomments&post=19670"}],"version-history":[{"count":2,"href":"https:\/\/radiorevelacionfm.cl\/index.php?rest_route=\/wp\/v2\/posts\/19670\/revisions"}],"predecessor-version":[{"id":19673,"href":"https:\/\/radiorevelacionfm.cl\/index.php?rest_route=\/wp\/v2\/posts\/19670\/revisions\/19673"}],"wp:featuredmedia":[{"embeddable":true,"href":"https:\/\/radiorevelacionfm.cl\/index.php?rest_route=\/wp\/v2\/media\/19671"}],"wp:attachment":[{"href":"https:\/\/radiorevelacionfm.cl\/index.php?rest_route=%2Fwp%2Fv2%2Fmedia&parent=19670"}],"wp:term":[{"taxonomy":"category","embeddable":true,"href":"https:\/\/radiorevelacionfm.cl\/index.php?rest_route=%2Fwp%2Fv2%2Fcategories&post=19670"},{"taxonomy":"post_tag","embeddable":true,"href":"https:\/\/radiorevelacionfm.cl\/index.php?rest_route=%2Fwp%2Fv2%2Ftags&post=19670"}],"curies":[{"name":"wp","href":"https:\/\/api.w.org\/{rel}","templated":true}]}}