{"id":19666,"date":"2022-07-26T17:11:21","date_gmt":"2022-07-26T20:11:21","guid":{"rendered":"https:\/\/radiorevelacionfm.cl\/?p=19666"},"modified":"2022-07-26T17:11:21","modified_gmt":"2022-07-26T20:11:21","slug":"destacados-expertos-internacionales-y-profesionales-de-la-region-de-aysen-expusieron-en-ciclo-de-cursos-one-health-y-cambio-climatico","status":"publish","type":"post","link":"https:\/\/radiorevelacionfm.cl\/?p=19666","title":{"rendered":"Destacados expertos internacionales y profesionales de la regi\u00f3n de Ays\u00e9n, expusieron en ciclo de cursos One Health y cambio clim\u00e1tico"},"content":{"rendered":"<div class=\"flex_column av_one_full  flex_column_div av-zero-column-padding first  avia-builder-el-0  el_before_av_one_full  avia-builder-el-first  \" style='border-radius:0px; '><div  class='avia-image-container  av-styling-    avia-builder-el-1  avia-builder-el-no-sibling  avia-align-center '  itemprop=\"image\" itemscope=\"itemscope\" itemtype=\"https:\/\/schema.org\/ImageObject\"  ><div class='avia-image-container-inner'><div class='avia-image-overlay-wrap'><img decoding=\"async\" class='wp-image-19667 avia-img-lazy-loading-not-19667 avia_image' src=\"https:\/\/radiorevelacionfm.cl\/wp-content\/uploads\/2022\/07\/Simposio-3-1-1.jpg\" alt='' title='Simposio 3 (1) (1)' height=\"600\" width=\"836\"  itemprop=\"thumbnailUrl\" srcset=\"https:\/\/radiorevelacionfm.cl\/wp-content\/uploads\/2022\/07\/Simposio-3-1-1.jpg 836w, https:\/\/radiorevelacionfm.cl\/wp-content\/uploads\/2022\/07\/Simposio-3-1-1-300x215.jpg 300w, https:\/\/radiorevelacionfm.cl\/wp-content\/uploads\/2022\/07\/Simposio-3-1-1-768x551.jpg 768w, https:\/\/radiorevelacionfm.cl\/wp-content\/uploads\/2022\/07\/Simposio-3-1-1-705x506.jpg 705w, https:\/\/radiorevelacionfm.cl\/wp-content\/uploads\/2022\/07\/Simposio-3-1-1-600x431.jpg 600w\" sizes=\"(max-width: 836px) 100vw, 836px\" \/><\/div><\/div><\/div><\/div><div class=\"flex_column av_one_full  flex_column_div av-zero-column-padding first  avia-builder-el-2  el_after_av_one_full  el_before_av_one_full  column-top-margin\" style='border-radius:0px; '><section class=\"av_textblock_section \"  itemscope=\"itemscope\" itemtype=\"https:\/\/schema.org\/BlogPosting\" itemprop=\"blogPost\" ><div class='avia_textblock  '   itemprop=\"text\" ><p style=\"text-align: center;\"><span style=\"font-size: 18pt;\"><strong>Destacados expertos internacionales y profesionales de la regi\u00f3n de Ays\u00e9n, expusieron en ciclo de cursos One Health y cambio clim\u00e1tico<\/strong><\/span><\/p>\n<div id=\"gtx-trans\" style=\"position: absolute; left: -50px; top: 4.31534px;\">\n<div class=\"gtx-trans-icon\"><\/div>\n<\/div>\n<\/div><\/section><\/div><div class=\"flex_column av_one_full  flex_column_div av-zero-column-padding first  avia-builder-el-4  el_after_av_one_full  el_before_av_hr  column-top-margin\" style='border-radius:0px; '><section class=\"av_textblock_section \"  itemscope=\"itemscope\" itemtype=\"https:\/\/schema.org\/BlogPosting\" itemprop=\"blogPost\" ><div class='avia_textblock  '   itemprop=\"text\" ><p style=\"text-align: justify;\">El encuentro fue organizado por Colmevet Ays\u00e9n y el Servicio Agr\u00edcola y Ganadero (SAG) del Ministerio de Agricultura, que busca\u00a0aportar al desarrollo de la agricultura, bosques y ganader\u00eda, a trav\u00e9s de la protecci\u00f3n y mejoramiento de la salud de los animales y vegetales.<\/p>\n<p style=\"text-align: justify;\">Instancia donde participaron expositores internacionales y regionales, los cuales presentaron conceptos y experiencias en el \u00e1mbito de la protecci\u00f3n ambiental y la sanidad en forma integrada. Junto a los aspectos generales del concepto de \u201cUna Salud\u201d y su abordaje a nivel mundial, se presentaron problem\u00e1ticas regionales concretas como Hidatidosis, Hanta y factores de riesgo en el ecosistema marino, donde el abordaje de una salud es requerido.<\/p>\n<p style=\"text-align: justify;\">Mat\u00edas Vial Orueta, Director Regional SAG Ays\u00e9n, dio la bienvenida a los expositores y destac\u00f3 la importancia y el valor de la colaboraci\u00f3n internacional en esta materia. \u201cLa salud no se reduce solo a los seres humanos\u201d esa idea es la que recoge One Health, enfoque global que busca aumentar la colaboraci\u00f3n transdisciplinaria en los \u00e1mbitos del cuidado y bienestar de las personas, los animales y el medio ambiente. Como SAG estamos muy orgullosos de haber patrocinado este Simposio, tuvimos excelentes exposiciones a nivel mundial y local.\u00a0 El modelo One health enmarca todo el trabajo del Servicio Agr\u00edcola y Ganadero, tanto en el \u00e1rea de Recursos Naturales, Agr\u00edcola, Forestal, Pecuaria, laboratorio, ya que Animales enfermos gatillaran enfermedades en los humanos y en el medio ambiente, ya lo vivimos con la pandemia y ahora debemos enfocarnos en el futuro\u201d.<\/p>\n<p style=\"text-align: justify;\">Fue una actividad muy interesante, que adem\u00e1s abord\u00f3 temas de importancia regional. \u201cOne health o una sola salud, un concepto que nos hace mucho sentido sobre todo despu\u00e9s de esta pandemia y que muchas veces olvidamos. La salud es integral y no se puede desconectar la salud humana, de la salud animal y viceversa\u201d, coment\u00f3 uno de los asistentes, Rodrigo Ojeda, Ingeniero Agr\u00f3nomo, Universidad Ays\u00e9n.<\/p>\n<p style=\"text-align: justify;\">Por otra parte, Juan Carrascal, M\u00e9dico veterinario zootecnista de la Universidad de C\u00f3rdoba (Colombia) destac\u00f3 \u00e9sta como una gran experiencia, una gran motivaci\u00f3n de ver como lo iniciado el 2018 One World\u00a0One Health, ha llegado a tan lejos, estar aqu\u00ed en el sur de Chile, Coyhaique, entregando ese mensaje de trabajo colaborativo, interdisciplinario, intersectorial, comunicacional, no competitivo, lo que es un solo bienestar. Cada una de las presentaciones que se desarrollaron han sido de mucha relevancia, principalmente aquellos trabajos que han realizado en la regi\u00f3n colegas nuestros mostrando la importancia del enfoque de una sola salud, y ver que esto puede ayudarnos a traer soluciones a problemas que se nos puede dar en nuestro que hacer veterinario\u201d.<\/p>\n<p style=\"text-align: justify;\">Finalmente, Vial se\u00f1ala \u201ccomo Director del Servicio quiero destacar la labor que realizan todas y todos los funcionarios\/as del SAG, es para una mejor salud que se trabaja en vigilancia de enfermedades, inspecci\u00f3n en mataderos, atenci\u00f3n de denuncias, as\u00ed como en todas las \u00e1reas que involucra el SAG.<\/p>\n<h1 style=\"text-align: justify;\"><\/h1>\n<h1 style=\"text-align: justify;\"><\/h1>\n<h1 style=\"text-align: justify;\"><\/h1>\n<\/div><\/section><\/div><div  style='height:50px' class='hr hr-invisible   avia-builder-el-6  el_after_av_one_full  el_before_av_social_share '><span class='hr-inner ' ><span class='hr-inner-style'><\/span><\/span><\/div><\/p>\n<div  class='av-social-sharing-box  avia-builder-el-7  el_after_av_hr  el_before_av_hr  '><div class='av-share-box'><h5 class='av-share-link-description av-no-toc '>Compartir esta noticia<\/h5><ul class='av-share-box-list noLightbox'><li class='av-share-link av-social-link-facebook' ><a target=\"_blank\" aria-label=\"Compartir en Facebook\" href='https:\/\/www.facebook.com\/sharer.php?u=https:\/\/radiorevelacionfm.cl\/?p=19666&#038;t=Destacados%20expertos%20internacionales%20y%20profesionales%20de%20la%20regi%C3%B3n%20de%20Ays%C3%A9n%2C%20expusieron%20en%20ciclo%20de%20cursos%20One%20Health%20y%20cambio%20clim%C3%A1tico' aria-hidden='false' data-av_icon='\ue8f3' data-av_iconfont='entypo-fontello' title='' data-avia-related-tooltip='Compartir en Facebook' rel=\"noopener\"><span class='avia_hidden_link_text'>Compartir en Facebook<\/span><\/a><\/li><li class='av-share-link av-social-link-twitter' ><a target=\"_blank\" aria-label=\"Compartir en Twitter\" href='https:\/\/twitter.com\/share?text=Destacados%20expertos%20internacionales%20y%20profesionales%20de%20la%20regi%C3%B3n%20de%20Ays%C3%A9n%2C%20expusieron%20en%20ciclo%20de%20cursos%20One%20Health%20y%20cambio%20clim%C3%A1tico&#038;url=https:\/\/radiorevelacionfm.cl\/?p=19666' aria-hidden='false' data-av_icon='\ue8f1' data-av_iconfont='entypo-fontello' title='' data-avia-related-tooltip='Compartir en Twitter' rel=\"noopener\"><span class='avia_hidden_link_text'>Compartir en Twitter<\/span><\/a><\/li><li class='av-share-link av-social-link-whatsapp' ><a target=\"_blank\" aria-label=\"Compartir en Whatsapp\" href='https:\/\/api.whatsapp.com\/send?text=https:\/\/radiorevelacionfm.cl\/?p=19666' aria-hidden='false' data-av_icon='\uf232' data-av_iconfont='entypo-fontello' title='' data-avia-related-tooltip='Compartir en Whatsapp' rel=\"noopener\"><span class='avia_hidden_link_text'>Compartir en Whatsapp<\/span><\/a><\/li><li class='av-share-link av-social-link-linkedin' ><a target=\"_blank\" aria-label=\"Compartir en LinkedIn\" href='https:\/\/linkedin.com\/shareArticle?mini=true&#038;title=Destacados%20expertos%20internacionales%20y%20profesionales%20de%20la%20regi%C3%B3n%20de%20Ays%C3%A9n%2C%20expusieron%20en%20ciclo%20de%20cursos%20One%20Health%20y%20cambio%20clim%C3%A1tico&#038;url=https:\/\/radiorevelacionfm.cl\/?p=19666' aria-hidden='false' data-av_icon='\ue8fc' data-av_iconfont='entypo-fontello' title='' data-avia-related-tooltip='Compartir en LinkedIn' rel=\"noopener\"><span class='avia_hidden_link_text'>Compartir en LinkedIn<\/span><\/a><\/li><li class='av-share-link av-social-link-mail' ><a  aria-label=\"Compartir por correo\" href='mailto:?subject=Destacados%20expertos%20internacionales%20y%20profesionales%20de%20la%20regi%C3%B3n%20de%20Ays%C3%A9n%2C%20expusieron%20en%20ciclo%20de%20cursos%20One%20Health%20y%20cambio%20clim%C3%A1tico&#038;body=https:\/\/radiorevelacionfm.cl\/?p=19666' aria-hidden='false' data-av_icon='\ue805' data-av_iconfont='entypo-fontello' title='' data-avia-related-tooltip='Compartir por correo'><span class='avia_hidden_link_text'>Compartir por correo<\/span><\/a><\/li><\/ul><\/div><\/div>\n<div  style='height:50px' class='hr hr-invisible   avia-builder-el-8  el_after_av_social_share  el_before_av_comments_list '><span class='hr-inner ' ><span class='hr-inner-style'><\/span><\/span><\/div>\n<div  class='av-buildercomment  av-blog-meta-html-info-disabled av-blog-meta-tag-disabled  '><\/div>\n","protected":false},"excerpt":{"rendered":"","protected":false},"author":1,"featured_media":19667,"comment_status":"open","ping_status":"open","sticky":false,"template":"","format":"standard","meta":{"footnotes":""},"categories":[38],"tags":[],"class_list":["post-19666","post","type-post","status-publish","format-standard","has-post-thumbnail","hentry","category-regional"],"jetpack_featured_media_url":"https:\/\/radiorevelacionfm.cl\/wp-content\/uploads\/2022\/07\/Simposio-3-1-1.jpg","_links":{"self":[{"href":"https:\/\/radiorevelacionfm.cl\/index.php?rest_route=\/wp\/v2\/posts\/19666","targetHints":{"allow":["GET"]}}],"collection":[{"href":"https:\/\/radiorevelacionfm.cl\/index.php?rest_route=\/wp\/v2\/posts"}],"about":[{"href":"https:\/\/radiorevelacionfm.cl\/index.php?rest_route=\/wp\/v2\/types\/post"}],"author":[{"embeddable":true,"href":"https:\/\/radiorevelacionfm.cl\/index.php?rest_route=\/wp\/v2\/users\/1"}],"replies":[{"embeddable":true,"href":"https:\/\/radiorevelacionfm.cl\/index.php?rest_route=%2Fwp%2Fv2%2Fcomments&post=19666"}],"version-history":[{"count":2,"href":"https:\/\/radiorevelacionfm.cl\/index.php?rest_route=\/wp\/v2\/posts\/19666\/revisions"}],"predecessor-version":[{"id":19669,"href":"https:\/\/radiorevelacionfm.cl\/index.php?rest_route=\/wp\/v2\/posts\/19666\/revisions\/19669"}],"wp:featuredmedia":[{"embeddable":true,"href":"https:\/\/radiorevelacionfm.cl\/index.php?rest_route=\/wp\/v2\/media\/19667"}],"wp:attachment":[{"href":"https:\/\/radiorevelacionfm.cl\/index.php?rest_route=%2Fwp%2Fv2%2Fmedia&parent=19666"}],"wp:term":[{"taxonomy":"category","embeddable":true,"href":"https:\/\/radiorevelacionfm.cl\/index.php?rest_route=%2Fwp%2Fv2%2Fcategories&post=19666"},{"taxonomy":"post_tag","embeddable":true,"href":"https:\/\/radiorevelacionfm.cl\/index.php?rest_route=%2Fwp%2Fv2%2Ftags&post=19666"}],"curies":[{"name":"wp","href":"https:\/\/api.w.org\/{rel}","templated":true}]}}