{"id":19663,"date":"2022-07-26T15:58:26","date_gmt":"2022-07-26T18:58:26","guid":{"rendered":"https:\/\/radiorevelacionfm.cl\/?p=19663"},"modified":"2022-07-26T15:58:26","modified_gmt":"2022-07-26T18:58:26","slug":"en-puerto-aysen-detienen-y-formalizan-a-imputado-por-el-delito-de-abuso-sexual","status":"publish","type":"post","link":"https:\/\/radiorevelacionfm.cl\/?p=19663","title":{"rendered":"En Puerto Ays\u00e9n detienen y formalizan a imputado por el delito de abuso sexual"},"content":{"rendered":"<div class=\"flex_column av_one_full  flex_column_div av-zero-column-padding first  avia-builder-el-0  el_before_av_one_full  avia-builder-el-first  \" style='border-radius:0px; '><div  class='avia-image-container  av-styling-    avia-builder-el-1  avia-builder-el-no-sibling  avia-align-center '  itemprop=\"image\" itemscope=\"itemscope\" itemtype=\"https:\/\/schema.org\/ImageObject\"  ><div class='avia-image-container-inner'><div class='avia-image-overlay-wrap'><img decoding=\"async\" class='wp-image-16354 avia-img-lazy-loading-not-16354 avia_image' src=\"https:\/\/radiorevelacionfm.cl\/wp-content\/uploads\/2022\/04\/PDI-Imagen-referencial-1-1.jpg\" alt='' title='PDI Imagen referencial (1) (1)' height=\"600\" width=\"900\"  itemprop=\"thumbnailUrl\" srcset=\"https:\/\/radiorevelacionfm.cl\/wp-content\/uploads\/2022\/04\/PDI-Imagen-referencial-1-1.jpg 900w, https:\/\/radiorevelacionfm.cl\/wp-content\/uploads\/2022\/04\/PDI-Imagen-referencial-1-1-300x200.jpg 300w, https:\/\/radiorevelacionfm.cl\/wp-content\/uploads\/2022\/04\/PDI-Imagen-referencial-1-1-768x512.jpg 768w, https:\/\/radiorevelacionfm.cl\/wp-content\/uploads\/2022\/04\/PDI-Imagen-referencial-1-1-705x470.jpg 705w, https:\/\/radiorevelacionfm.cl\/wp-content\/uploads\/2022\/04\/PDI-Imagen-referencial-1-1-600x400.jpg 600w\" sizes=\"(max-width: 900px) 100vw, 900px\" \/><\/div><\/div><\/div><\/div><div class=\"flex_column av_one_full  flex_column_div av-zero-column-padding first  avia-builder-el-2  el_after_av_one_full  el_before_av_one_full  column-top-margin\" style='border-radius:0px; '><section class=\"av_textblock_section \"  itemscope=\"itemscope\" itemtype=\"https:\/\/schema.org\/BlogPosting\" itemprop=\"blogPost\" ><div class='avia_textblock  '   itemprop=\"text\" ><p style=\"text-align: center;\"><span style=\"font-size: 18pt;\"><strong>En Puerto Ays\u00e9n detienen y formalizan a imputado por el delito de abuso sexual<\/strong><\/span><\/p>\n<div id=\"gtx-trans\" style=\"position: absolute; left: -50px; top: 4.31534px;\">\n<div class=\"gtx-trans-icon\"><\/div>\n<\/div>\n<\/div><\/section><\/div><div class=\"flex_column av_one_full  flex_column_div av-zero-column-padding first  avia-builder-el-4  el_after_av_one_full  el_before_av_hr  column-top-margin\" style='border-radius:0px; '><section class=\"av_textblock_section \"  itemscope=\"itemscope\" itemtype=\"https:\/\/schema.org\/BlogPosting\" itemprop=\"blogPost\" ><div class='avia_textblock  '   itemprop=\"text\" ><p style=\"text-align: justify;\">En un trabajo coordinado con el Ministerio P\u00fablico, detectives de la Brigada de Investigaci\u00f3n Criminal (BICRIM) Ays\u00e9n, detuvieron -durante la jornada de este lunes- a una persona de sexo masculino, mayor de edad y de nacionalidad chilena, por el delito flagrante de abuso sexual, hechos ocurridos en la comuna de Puerto Ays\u00e9n la madrugada del domingo 24 de julio. La direcci\u00f3n de la investigaci\u00f3n est\u00e1 a cargo del fiscal jefe de Ays\u00e9n, Pedro Poblete.<\/p>\n<p style=\"text-align: justify;\">Al respecto, el jefe subrogante de la BICRIM Ays\u00e9n, subcomisario Jos\u00e9 Valenzuela, indic\u00f3 que \u201cpor instrucci\u00f3n del fiscal de turno de la Fiscal\u00eda Local de Puerto Ays\u00e9n, los detectives de esta brigada adoptaron un procedimiento por el delito de abuso sexual ocurrido en la comuna de Ays\u00e9n en el cual se vio afectada una persona de sexo femenino de 21 a\u00f1os\u201d, concurriendo hasta el Hospital de Ays\u00e9n.<\/p>\n<p style=\"text-align: justify;\">Sobre el procedimiento, el jefe subrogante de la unidad agreg\u00f3 que \u201clas diligencias investigativas consistieron en la toma de declaraciones, entrevista al personal que atendi\u00f3 a la v\u00edctima en el Hospital de Ays\u00e9n, el traslado de la misma hasta el Servicio M\u00e9dico Legal para realizar los respectivos peritajes forenses, adem\u00e1s, trabajar el sitio de suceso en b\u00fasqueda de evidencias que pudiesen confirmar la existencia de este delito\u201d.<\/p>\n<p style=\"text-align: justify;\">Se logr\u00f3 establecer que el sujeto \u201chabr\u00eda intentado abusar sexualmente de ella\u201d, siendo individualizado y ubicado por los detectives \u201cpara detenerlo en situaci\u00f3n de flagrancia conforme al delito de abuso sexual\u201d, a\u00f1adi\u00f3 el subcomisario Jos\u00e9 Valenzuela.<\/p>\n<p style=\"text-align: justify;\"><strong>FORMALIZACI\u00d3N <\/strong><\/p>\n<p style=\"text-align: justify;\">Sobre el caso, el fiscal Poblete explic\u00f3 que \u201cel imputado fue puesto a disposici\u00f3n del Tribunal de Garant\u00eda; fue formalizado como autor del delito de abuso sexual y de una tentativa de violaci\u00f3n, disponi\u00e9ndose medidas cautelares del art\u00edculo 155 del C\u00f3digo Procesal Penal, arresto domiciliario nocturno y prohibici\u00f3n de acercarse a la v\u00edctima, no dando el Juzgado lugar a la prisi\u00f3n preventiva que originalmente solicit\u00f3 la Fiscal\u00eda\u201d.<\/p>\n<p style=\"text-align: justify;\">El persecutor penal a\u00f1adi\u00f3 que ya se solicitaron diligencias al Servicio M\u00e9dico Legal y la derivaci\u00f3n del caso del Centro de Atenci\u00f3n a V\u00edctimas de Delitos Violentos, para que asuma la representaci\u00f3n de la afectada en las distintas instancias del proceso.<\/p>\n<p style=\"text-align: justify;\">Frente a este tipo de acontecimientos, desde la PDI realizaron un llamado a realizar las denuncias de manera oportuna para realizar las diligencias tendientes al esclarecimiento inmediato de los hechos en coordinaci\u00f3n con el Ministerio P\u00fablico, tal como ocurri\u00f3 en este hecho.<\/p>\n<\/div><\/section><\/div><div  style='height:50px' class='hr hr-invisible   avia-builder-el-6  el_after_av_one_full  el_before_av_social_share '><span class='hr-inner ' ><span class='hr-inner-style'><\/span><\/span><\/div><\/p>\n<div  class='av-social-sharing-box  avia-builder-el-7  el_after_av_hr  el_before_av_hr  '><div class='av-share-box'><h5 class='av-share-link-description av-no-toc '>Compartir esta noticia<\/h5><ul class='av-share-box-list noLightbox'><li class='av-share-link av-social-link-facebook' ><a target=\"_blank\" aria-label=\"Compartir en Facebook\" href='https:\/\/www.facebook.com\/sharer.php?u=https:\/\/radiorevelacionfm.cl\/?p=19663&#038;t=En%20Puerto%20Ays%C3%A9n%20detienen%20y%20formalizan%20a%20imputado%20por%20el%20delito%20de%20abuso%20sexual' aria-hidden='false' data-av_icon='\ue8f3' data-av_iconfont='entypo-fontello' title='' data-avia-related-tooltip='Compartir en Facebook' rel=\"noopener\"><span class='avia_hidden_link_text'>Compartir en Facebook<\/span><\/a><\/li><li class='av-share-link av-social-link-twitter' ><a target=\"_blank\" aria-label=\"Compartir en Twitter\" href='https:\/\/twitter.com\/share?text=En%20Puerto%20Ays%C3%A9n%20detienen%20y%20formalizan%20a%20imputado%20por%20el%20delito%20de%20abuso%20sexual&#038;url=https:\/\/radiorevelacionfm.cl\/?p=19663' aria-hidden='false' data-av_icon='\ue8f1' data-av_iconfont='entypo-fontello' title='' data-avia-related-tooltip='Compartir en Twitter' rel=\"noopener\"><span class='avia_hidden_link_text'>Compartir en Twitter<\/span><\/a><\/li><li class='av-share-link av-social-link-whatsapp' ><a target=\"_blank\" aria-label=\"Compartir en Whatsapp\" href='https:\/\/api.whatsapp.com\/send?text=https:\/\/radiorevelacionfm.cl\/?p=19663' aria-hidden='false' data-av_icon='\uf232' data-av_iconfont='entypo-fontello' title='' data-avia-related-tooltip='Compartir en Whatsapp' rel=\"noopener\"><span class='avia_hidden_link_text'>Compartir en Whatsapp<\/span><\/a><\/li><li class='av-share-link av-social-link-linkedin' ><a target=\"_blank\" aria-label=\"Compartir en LinkedIn\" href='https:\/\/linkedin.com\/shareArticle?mini=true&#038;title=En%20Puerto%20Ays%C3%A9n%20detienen%20y%20formalizan%20a%20imputado%20por%20el%20delito%20de%20abuso%20sexual&#038;url=https:\/\/radiorevelacionfm.cl\/?p=19663' aria-hidden='false' data-av_icon='\ue8fc' data-av_iconfont='entypo-fontello' title='' data-avia-related-tooltip='Compartir en LinkedIn' rel=\"noopener\"><span class='avia_hidden_link_text'>Compartir en LinkedIn<\/span><\/a><\/li><li class='av-share-link av-social-link-mail' ><a  aria-label=\"Compartir por correo\" href='mailto:?subject=En%20Puerto%20Ays%C3%A9n%20detienen%20y%20formalizan%20a%20imputado%20por%20el%20delito%20de%20abuso%20sexual&#038;body=https:\/\/radiorevelacionfm.cl\/?p=19663' aria-hidden='false' data-av_icon='\ue805' data-av_iconfont='entypo-fontello' title='' data-avia-related-tooltip='Compartir por correo'><span class='avia_hidden_link_text'>Compartir por correo<\/span><\/a><\/li><\/ul><\/div><\/div>\n<div  style='height:50px' class='hr hr-invisible   avia-builder-el-8  el_after_av_social_share  el_before_av_comments_list '><span class='hr-inner ' ><span class='hr-inner-style'><\/span><\/span><\/div>\n<div  class='av-buildercomment  av-blog-meta-html-info-disabled av-blog-meta-tag-disabled  '><\/div>\n","protected":false},"excerpt":{"rendered":"","protected":false},"author":1,"featured_media":16354,"comment_status":"open","ping_status":"open","sticky":false,"template":"","format":"standard","meta":{"footnotes":""},"categories":[36],"tags":[],"class_list":["post-19663","post","type-post","status-publish","format-standard","has-post-thumbnail","hentry","category-policial"],"jetpack_featured_media_url":"https:\/\/radiorevelacionfm.cl\/wp-content\/uploads\/2022\/04\/PDI-Imagen-referencial-1-1.jpg","_links":{"self":[{"href":"https:\/\/radiorevelacionfm.cl\/index.php?rest_route=\/wp\/v2\/posts\/19663","targetHints":{"allow":["GET"]}}],"collection":[{"href":"https:\/\/radiorevelacionfm.cl\/index.php?rest_route=\/wp\/v2\/posts"}],"about":[{"href":"https:\/\/radiorevelacionfm.cl\/index.php?rest_route=\/wp\/v2\/types\/post"}],"author":[{"embeddable":true,"href":"https:\/\/radiorevelacionfm.cl\/index.php?rest_route=\/wp\/v2\/users\/1"}],"replies":[{"embeddable":true,"href":"https:\/\/radiorevelacionfm.cl\/index.php?rest_route=%2Fwp%2Fv2%2Fcomments&post=19663"}],"version-history":[{"count":2,"href":"https:\/\/radiorevelacionfm.cl\/index.php?rest_route=\/wp\/v2\/posts\/19663\/revisions"}],"predecessor-version":[{"id":19665,"href":"https:\/\/radiorevelacionfm.cl\/index.php?rest_route=\/wp\/v2\/posts\/19663\/revisions\/19665"}],"wp:featuredmedia":[{"embeddable":true,"href":"https:\/\/radiorevelacionfm.cl\/index.php?rest_route=\/wp\/v2\/media\/16354"}],"wp:attachment":[{"href":"https:\/\/radiorevelacionfm.cl\/index.php?rest_route=%2Fwp%2Fv2%2Fmedia&parent=19663"}],"wp:term":[{"taxonomy":"category","embeddable":true,"href":"https:\/\/radiorevelacionfm.cl\/index.php?rest_route=%2Fwp%2Fv2%2Fcategories&post=19663"},{"taxonomy":"post_tag","embeddable":true,"href":"https:\/\/radiorevelacionfm.cl\/index.php?rest_route=%2Fwp%2Fv2%2Ftags&post=19663"}],"curies":[{"name":"wp","href":"https:\/\/api.w.org\/{rel}","templated":true}]}}