{"id":19654,"date":"2022-07-26T10:58:57","date_gmt":"2022-07-26T13:58:57","guid":{"rendered":"https:\/\/radiorevelacionfm.cl\/?p=19654"},"modified":"2022-07-26T10:58:57","modified_gmt":"2022-07-26T13:58:57","slug":"ante-posible-aumento-de-casos-respiratorios-infantiles-calisto-solicita-a-ministra-de-salud-potenciar-urgencia-pediatrica-del-hospital-regional","status":"publish","type":"post","link":"https:\/\/radiorevelacionfm.cl\/?p=19654","title":{"rendered":"Ante posible aumento de casos respiratorios infantiles: Calisto solicita a Ministra de Salud potenciar urgencia pedi\u00e1trica del Hospital Regional"},"content":{"rendered":"<div class=\"flex_column av_one_full  flex_column_div av-zero-column-padding first  avia-builder-el-0  el_before_av_one_full  avia-builder-el-first  \" style='border-radius:0px; '><div  class='avia-image-container  av-styling-    avia-builder-el-1  avia-builder-el-no-sibling  avia-align-center '  itemprop=\"image\" itemscope=\"itemscope\" itemtype=\"https:\/\/schema.org\/ImageObject\"  ><div class='avia-image-container-inner'><div class='avia-image-overlay-wrap'><img decoding=\"async\" class='wp-image-19655 avia-img-lazy-loading-not-19655 avia_image' src=\"https:\/\/radiorevelacionfm.cl\/wp-content\/uploads\/2022\/07\/con-Ministra-de-Salud-2-1-1.jpg\" alt='' title='con Ministra de Salud 2 (1) (1)' height=\"600\" width=\"988\"  itemprop=\"thumbnailUrl\" srcset=\"https:\/\/radiorevelacionfm.cl\/wp-content\/uploads\/2022\/07\/con-Ministra-de-Salud-2-1-1.jpg 988w, https:\/\/radiorevelacionfm.cl\/wp-content\/uploads\/2022\/07\/con-Ministra-de-Salud-2-1-1-300x182.jpg 300w, https:\/\/radiorevelacionfm.cl\/wp-content\/uploads\/2022\/07\/con-Ministra-de-Salud-2-1-1-768x466.jpg 768w, https:\/\/radiorevelacionfm.cl\/wp-content\/uploads\/2022\/07\/con-Ministra-de-Salud-2-1-1-705x428.jpg 705w, https:\/\/radiorevelacionfm.cl\/wp-content\/uploads\/2022\/07\/con-Ministra-de-Salud-2-1-1-600x364.jpg 600w\" sizes=\"(max-width: 988px) 100vw, 988px\" \/><\/div><\/div><\/div><\/div><div class=\"flex_column av_one_full  flex_column_div av-zero-column-padding first  avia-builder-el-2  el_after_av_one_full  el_before_av_one_full  column-top-margin\" style='border-radius:0px; '><section class=\"av_textblock_section \"  itemscope=\"itemscope\" itemtype=\"https:\/\/schema.org\/BlogPosting\" itemprop=\"blogPost\" ><div class='avia_textblock  '   itemprop=\"text\" ><p style=\"text-align: center;\"><strong><span style=\"font-size: 18pt;\">Ante posible aumento de casos respiratorios infantiles: Calisto solicita a Ministra de Salud potenciar urgencia pedi\u00e1trica del Hospital Regional<\/span><\/strong><\/p>\n<div id=\"gtx-trans\" style=\"position: absolute; left: -50px; top: 4.31534px;\">\n<div class=\"gtx-trans-icon\"><\/div>\n<\/div>\n<\/div><\/section><\/div><div class=\"flex_column av_one_full  flex_column_div av-zero-column-padding first  avia-builder-el-4  el_after_av_one_full  el_before_av_hr  column-top-margin\" style='border-radius:0px; '><section class=\"av_textblock_section \"  itemscope=\"itemscope\" itemtype=\"https:\/\/schema.org\/BlogPosting\" itemprop=\"blogPost\" ><div class='avia_textblock  '   itemprop=\"text\" ><p style=\"font-weight: 400; text-align: justify;\">Consciente de las distintas falencias que tiene el sistema de salud en la regi\u00f3n de Ays\u00e9n, el diputado Miguel \u00c1ngel Calisto se reuni\u00f3 con la Ministra de Salud, Mar\u00eda Bego\u00f1a Yarza, a quien le solicit\u00f3 potenciar el \u00e1rea de urgencia pedi\u00e1trica ante la gran cantidad de casos de ni\u00f1os afectados por enfermedades respiratorias.<\/p>\n<p style=\"font-weight: 400; text-align: justify;\">Seg\u00fan el diputado Miguel \u00c1ngel Calisto, \u201cme reun\u00ed con la Ministra de Salud para plantearle las distintas falencias que tiene nuestro sistema regional, pero para ponerle especial \u00e9nfasis en lo pedi\u00e1trico. Estamos empezando el periodo m\u00e1s complejo en relaci\u00f3n a las atenciones pedi\u00e1tricas por problemas respiratorios, por lo que es urgente potenciar esta unidad\u201d.<\/p>\n<p style=\"font-weight: 400; text-align: justify;\">\u201cDesde el propio hospital nos han comentado que ha existido un aumento progresivo en las atenciones de urgencias pedi\u00e1tricas, existiendo algunos d\u00edas donde se han realizado m\u00e1s de 200 atenciones. Esto es preocupante, porque existen muchas falencias, especialmente en implementos, como la necesidad de contar con otoscopios y oftalmoscopios, monitores de signos vitales, monitores multipar\u00e1metros, entre otros utensilios\u201d, indic\u00f3.<\/p>\n<p style=\"font-weight: 400; text-align: justify;\">El diputado Calisto adem\u00e1s se\u00f1al\u00f3 que \u201ctambi\u00e9n urge tener m\u00e1s kinesi\u00f3logos para poder completar los turnos de d\u00eda y de noche. En esta \u00e9poca no puede suceder que en alg\u00fan momento no hayan de estos profesionales en el hospital, tomando en cuenta su vital importancia en casos respiratorios pedi\u00e1tricos\u201d.<\/p>\n<p style=\"font-weight: 400; text-align: justify;\">Finalmente, el legislador se\u00f1al\u00f3 que \u201ctambi\u00e9n le plantee a la Ministra la urgencia de contar lo antes posible con la UCI Pedi\u00e1trica. No puede ser que Ays\u00e9n sea la \u00fanica regi\u00f3n de Chile que no tenga esta unidad. Un ni\u00f1o que est\u00e1 grave lo deben llevar a otras regiones para que lo atiendan, con todo lo que eso significa para una familia. Esto es lamentable, existe una deuda del Estado de Chile con nuestra regi\u00f3n en materia de salud\u201d.<\/p>\n<\/div><\/section><\/div><div  style='height:50px' class='hr hr-invisible   avia-builder-el-6  el_after_av_one_full  el_before_av_social_share '><span class='hr-inner ' ><span class='hr-inner-style'><\/span><\/span><\/div><\/p>\n<div  class='av-social-sharing-box  avia-builder-el-7  el_after_av_hr  el_before_av_hr  '><div class='av-share-box'><h5 class='av-share-link-description av-no-toc '>Compartir esta noticia<\/h5><ul class='av-share-box-list noLightbox'><li class='av-share-link av-social-link-facebook' ><a target=\"_blank\" aria-label=\"Compartir en Facebook\" href='https:\/\/www.facebook.com\/sharer.php?u=https:\/\/radiorevelacionfm.cl\/?p=19654&#038;t=Ante%20posible%20aumento%20de%20casos%20respiratorios%20infantiles%3A%20Calisto%20solicita%20a%20Ministra%20de%20Salud%20potenciar%20urgencia%20pedi%C3%A1trica%20del%20Hospital%20Regional' aria-hidden='false' data-av_icon='\ue8f3' data-av_iconfont='entypo-fontello' title='' data-avia-related-tooltip='Compartir en Facebook' rel=\"noopener\"><span class='avia_hidden_link_text'>Compartir en Facebook<\/span><\/a><\/li><li class='av-share-link av-social-link-twitter' ><a target=\"_blank\" aria-label=\"Compartir en Twitter\" href='https:\/\/twitter.com\/share?text=Ante%20posible%20aumento%20de%20casos%20respiratorios%20infantiles%3A%20Calisto%20solicita%20a%20Ministra%20de%20Salud%20potenciar%20urgencia%20pedi%C3%A1trica%20del%20Hospital%20Regional&#038;url=https:\/\/radiorevelacionfm.cl\/?p=19654' aria-hidden='false' data-av_icon='\ue8f1' data-av_iconfont='entypo-fontello' title='' data-avia-related-tooltip='Compartir en Twitter' rel=\"noopener\"><span class='avia_hidden_link_text'>Compartir en Twitter<\/span><\/a><\/li><li class='av-share-link av-social-link-whatsapp' ><a target=\"_blank\" aria-label=\"Compartir en Whatsapp\" href='https:\/\/api.whatsapp.com\/send?text=https:\/\/radiorevelacionfm.cl\/?p=19654' aria-hidden='false' data-av_icon='\uf232' data-av_iconfont='entypo-fontello' title='' data-avia-related-tooltip='Compartir en Whatsapp' rel=\"noopener\"><span class='avia_hidden_link_text'>Compartir en Whatsapp<\/span><\/a><\/li><li class='av-share-link av-social-link-linkedin' ><a target=\"_blank\" aria-label=\"Compartir en LinkedIn\" href='https:\/\/linkedin.com\/shareArticle?mini=true&#038;title=Ante%20posible%20aumento%20de%20casos%20respiratorios%20infantiles%3A%20Calisto%20solicita%20a%20Ministra%20de%20Salud%20potenciar%20urgencia%20pedi%C3%A1trica%20del%20Hospital%20Regional&#038;url=https:\/\/radiorevelacionfm.cl\/?p=19654' aria-hidden='false' data-av_icon='\ue8fc' data-av_iconfont='entypo-fontello' title='' data-avia-related-tooltip='Compartir en LinkedIn' rel=\"noopener\"><span class='avia_hidden_link_text'>Compartir en LinkedIn<\/span><\/a><\/li><li class='av-share-link av-social-link-mail' ><a  aria-label=\"Compartir por correo\" href='mailto:?subject=Ante%20posible%20aumento%20de%20casos%20respiratorios%20infantiles%3A%20Calisto%20solicita%20a%20Ministra%20de%20Salud%20potenciar%20urgencia%20pedi%C3%A1trica%20del%20Hospital%20Regional&#038;body=https:\/\/radiorevelacionfm.cl\/?p=19654' aria-hidden='false' data-av_icon='\ue805' data-av_iconfont='entypo-fontello' title='' data-avia-related-tooltip='Compartir por correo'><span class='avia_hidden_link_text'>Compartir por correo<\/span><\/a><\/li><\/ul><\/div><\/div>\n<div  style='height:50px' class='hr hr-invisible   avia-builder-el-8  el_after_av_social_share  el_before_av_comments_list '><span class='hr-inner ' ><span class='hr-inner-style'><\/span><\/span><\/div>\n<div  class='av-buildercomment  av-blog-meta-html-info-disabled av-blog-meta-tag-disabled  '><\/div>\n","protected":false},"excerpt":{"rendered":"","protected":false},"author":1,"featured_media":19655,"comment_status":"open","ping_status":"open","sticky":false,"template":"","format":"standard","meta":{"footnotes":""},"categories":[35],"tags":[],"class_list":["post-19654","post","type-post","status-publish","format-standard","has-post-thumbnail","hentry","category-politica"],"jetpack_featured_media_url":"https:\/\/radiorevelacionfm.cl\/wp-content\/uploads\/2022\/07\/con-Ministra-de-Salud-2-1-1.jpg","_links":{"self":[{"href":"https:\/\/radiorevelacionfm.cl\/index.php?rest_route=\/wp\/v2\/posts\/19654","targetHints":{"allow":["GET"]}}],"collection":[{"href":"https:\/\/radiorevelacionfm.cl\/index.php?rest_route=\/wp\/v2\/posts"}],"about":[{"href":"https:\/\/radiorevelacionfm.cl\/index.php?rest_route=\/wp\/v2\/types\/post"}],"author":[{"embeddable":true,"href":"https:\/\/radiorevelacionfm.cl\/index.php?rest_route=\/wp\/v2\/users\/1"}],"replies":[{"embeddable":true,"href":"https:\/\/radiorevelacionfm.cl\/index.php?rest_route=%2Fwp%2Fv2%2Fcomments&post=19654"}],"version-history":[{"count":2,"href":"https:\/\/radiorevelacionfm.cl\/index.php?rest_route=\/wp\/v2\/posts\/19654\/revisions"}],"predecessor-version":[{"id":19657,"href":"https:\/\/radiorevelacionfm.cl\/index.php?rest_route=\/wp\/v2\/posts\/19654\/revisions\/19657"}],"wp:featuredmedia":[{"embeddable":true,"href":"https:\/\/radiorevelacionfm.cl\/index.php?rest_route=\/wp\/v2\/media\/19655"}],"wp:attachment":[{"href":"https:\/\/radiorevelacionfm.cl\/index.php?rest_route=%2Fwp%2Fv2%2Fmedia&parent=19654"}],"wp:term":[{"taxonomy":"category","embeddable":true,"href":"https:\/\/radiorevelacionfm.cl\/index.php?rest_route=%2Fwp%2Fv2%2Fcategories&post=19654"},{"taxonomy":"post_tag","embeddable":true,"href":"https:\/\/radiorevelacionfm.cl\/index.php?rest_route=%2Fwp%2Fv2%2Ftags&post=19654"}],"curies":[{"name":"wp","href":"https:\/\/api.w.org\/{rel}","templated":true}]}}