{"id":19640,"date":"2022-07-25T21:09:48","date_gmt":"2022-07-26T00:09:48","guid":{"rendered":"https:\/\/radiorevelacionfm.cl\/?p=19640"},"modified":"2022-07-25T21:50:04","modified_gmt":"2022-07-26T00:50:04","slug":"condenan-a-7-anos-y-6-meses-de-presidio-a-autora-de-homicidio-simple","status":"publish","type":"post","link":"https:\/\/radiorevelacionfm.cl\/?p=19640","title":{"rendered":"Mujer es condenada a 7 a\u00f1os y seis meses de presidio como autora de homicidio simple"},"content":{"rendered":"<div class=\"flex_column av_one_full  flex_column_div av-zero-column-padding first  avia-builder-el-0  el_before_av_one_full  avia-builder-el-first  \" style='border-radius:0px; '><div  class='avia-image-container  av-styling-    avia-builder-el-1  avia-builder-el-no-sibling  avia-align-center '  itemprop=\"image\" itemscope=\"itemscope\" itemtype=\"https:\/\/schema.org\/ImageObject\"  ><div class='avia-image-container-inner'><div class='avia-image-overlay-wrap'><img decoding=\"async\" class='wp-image-16813 avia-img-lazy-loading-not-16813 avia_image' src=\"https:\/\/radiorevelacionfm.cl\/wp-content\/uploads\/2022\/05\/foto-1-top-2_optimized.jpg\" alt='' title='foto-1-top--(2)_optimized' height=\"600\" width=\"900\"  itemprop=\"thumbnailUrl\" srcset=\"https:\/\/radiorevelacionfm.cl\/wp-content\/uploads\/2022\/05\/foto-1-top-2_optimized.jpg 900w, https:\/\/radiorevelacionfm.cl\/wp-content\/uploads\/2022\/05\/foto-1-top-2_optimized-300x200.jpg 300w, https:\/\/radiorevelacionfm.cl\/wp-content\/uploads\/2022\/05\/foto-1-top-2_optimized-768x512.jpg 768w, https:\/\/radiorevelacionfm.cl\/wp-content\/uploads\/2022\/05\/foto-1-top-2_optimized-705x470.jpg 705w, https:\/\/radiorevelacionfm.cl\/wp-content\/uploads\/2022\/05\/foto-1-top-2_optimized-600x400.jpg 600w\" sizes=\"(max-width: 900px) 100vw, 900px\" \/><\/div><\/div><\/div><\/div>\n<div class=\"flex_column av_one_full  flex_column_div av-zero-column-padding first  avia-builder-el-2  el_after_av_one_full  el_before_av_one_full  column-top-margin\" style='border-radius:0px; '><section class=\"av_textblock_section \"  itemscope=\"itemscope\" itemtype=\"https:\/\/schema.org\/BlogPosting\" itemprop=\"blogPost\" ><div class='avia_textblock  '   itemprop=\"text\" ><p style=\"text-align: center;\"><strong><span style=\"font-size: 18pt;\">Mujer es condenada a 7 a\u00f1os y seis meses de presidio como autora de homicidio simple<\/span><\/strong><\/p>\n<div id=\"gtx-trans\" style=\"position: absolute; left: -50px; top: 4.31534px;\">\n<div class=\"gtx-trans-icon\"><\/div>\n<\/div>\n<\/div><\/section><\/div><div class=\"flex_column av_one_full  flex_column_div av-zero-column-padding first  avia-builder-el-4  el_after_av_one_full  el_before_av_hr  column-top-margin\" style='border-radius:0px; '><section class=\"av_textblock_section \"  itemscope=\"itemscope\" itemtype=\"https:\/\/schema.org\/BlogPosting\" itemprop=\"blogPost\" ><div class='avia_textblock  '   itemprop=\"text\" ><p style=\"text-align: justify;\">El Tribunal de Juicio Oral en lo Penal de Coyhaique conden\u00f3 a Daniela Alejandra Mansilla \u00c1lvarez a la pena de 7 a\u00f1os y 183 d\u00edas de presidio efectivo, en calidad de autora del delito consumado de homicidio simple. Il\u00edcito perpetrado en noviembre del a\u00f1o pasado, en la ciudad.<\/p>\n<p style=\"text-align: justify;\"><span id=\"more-102447\"><\/span>En fallo un\u00e1nime (causa rol 33-2022), el tribunal \u2013integrado por los magistrados M\u00f3nica Coloma Pulgar (presidenta), Rosal\u00eda Mansilla Quir\u00f3z y Patricio Z\u00fa\u00f1iga Valenzuela (redactor)\u2013 aplic\u00f3, adem\u00e1s, a Mansilla \u00c1lvarez las accesorias legales de inhabilitaci\u00f3n absoluta perpetua para cargos y oficios p\u00fablicos y derechos pol\u00edticos y la inhabilitaci\u00f3n absoluta para profesiones titulares mientras dure la condena.<\/p>\n<p style=\"text-align: justify;\">Una vez que el fallo quede ejecutoriado, el tribunal dispuso que se proceda a la toma de muestras biol\u00f3gicas de la sentenciada para determinar su huella gen\u00e9tica e incorporaci\u00f3n en el registro nacional de ADN de condenados. Adem\u00e1s, se decret\u00f3 el comiso y destrucci\u00f3n del arma incautada.<\/p>\n<p style=\"text-align: justify;\">El tribunal dio por acreditado, m\u00e1s all\u00e1 de toda duda razonable, que aproximadamente a las 04:30 horas de la madrugada del 3 de noviembre de 2021, \u201cen el interior del domicilio ubicado en calle Monreal N\u00b0 57 de Coyhaique, se encontraban bebiendo alcohol Juan Carlos Ulloa Aburto, Daniela Alejandra Mansilla \u00c1lvarez y otros dos sujetos\u201d.<\/p>\n<p style=\"text-align: justify;\">\u201cQue en dichas circunstancias, se produce una discusi\u00f3n entre Mansilla \u00c1lvarez y Ulloa Aburto, procediendo la primera a agredirlo con un arma cortopunzante, propin\u00e1ndole una herida corto penetrante en la zona tor\u00e1cica\u201d, a\u00f1ade.<\/p>\n<p style=\"text-align: justify;\">\u201cA consecuencia de su accionar con el arma, \u00e9sta penetr\u00f3 el espacio intercostal delimitado por la 2\u00aa y 3\u00aa costilla izquierda, da\u00f1ando el borde medial del l\u00f3bulo superior del pulm\u00f3n izquierdo y herida de 3 cm. de largo en el saco peric\u00e1rdico, siendo trasladado al hospital donde se produce el deceso, siendo la causa de muerte herida cortopunzante tor\u00e1cica penetrante cardiaca-shock hipovol\u00e9mico\u201d, concluye.<\/p>\n<\/div><\/section><\/div><div  style='height:50px' class='hr hr-invisible   avia-builder-el-6  el_after_av_one_full  el_before_av_social_share '><span class='hr-inner ' ><span class='hr-inner-style'><\/span><\/span><\/div><\/p>\n<div  class='av-social-sharing-box  avia-builder-el-7  el_after_av_hr  el_before_av_hr  '><div class='av-share-box'><h5 class='av-share-link-description av-no-toc '>Compartir esta noticia<\/h5><ul class='av-share-box-list noLightbox'><li class='av-share-link av-social-link-facebook' ><a target=\"_blank\" aria-label=\"Compartir en Facebook\" href='https:\/\/www.facebook.com\/sharer.php?u=https:\/\/radiorevelacionfm.cl\/?p=19640&#038;t=Mujer%20es%20condenada%20a%207%20a%C3%B1os%20y%20seis%20meses%20de%20presidio%20como%20autora%20de%20homicidio%20simple' aria-hidden='false' data-av_icon='\ue8f3' data-av_iconfont='entypo-fontello' title='' data-avia-related-tooltip='Compartir en Facebook' rel=\"noopener\"><span class='avia_hidden_link_text'>Compartir en Facebook<\/span><\/a><\/li><li class='av-share-link av-social-link-twitter' ><a target=\"_blank\" aria-label=\"Compartir en Twitter\" href='https:\/\/twitter.com\/share?text=Mujer%20es%20condenada%20a%207%20a%C3%B1os%20y%20seis%20meses%20de%20presidio%20como%20autora%20de%20homicidio%20simple&#038;url=https:\/\/radiorevelacionfm.cl\/?p=19640' aria-hidden='false' data-av_icon='\ue8f1' data-av_iconfont='entypo-fontello' title='' data-avia-related-tooltip='Compartir en Twitter' rel=\"noopener\"><span class='avia_hidden_link_text'>Compartir en Twitter<\/span><\/a><\/li><li class='av-share-link av-social-link-whatsapp' ><a target=\"_blank\" aria-label=\"Compartir en Whatsapp\" href='https:\/\/api.whatsapp.com\/send?text=https:\/\/radiorevelacionfm.cl\/?p=19640' aria-hidden='false' data-av_icon='\uf232' data-av_iconfont='entypo-fontello' title='' data-avia-related-tooltip='Compartir en Whatsapp' rel=\"noopener\"><span class='avia_hidden_link_text'>Compartir en Whatsapp<\/span><\/a><\/li><li class='av-share-link av-social-link-linkedin' ><a target=\"_blank\" aria-label=\"Compartir en LinkedIn\" href='https:\/\/linkedin.com\/shareArticle?mini=true&#038;title=Mujer%20es%20condenada%20a%207%20a%C3%B1os%20y%20seis%20meses%20de%20presidio%20como%20autora%20de%20homicidio%20simple&#038;url=https:\/\/radiorevelacionfm.cl\/?p=19640' aria-hidden='false' data-av_icon='\ue8fc' data-av_iconfont='entypo-fontello' title='' data-avia-related-tooltip='Compartir en LinkedIn' rel=\"noopener\"><span class='avia_hidden_link_text'>Compartir en LinkedIn<\/span><\/a><\/li><li class='av-share-link av-social-link-mail' ><a  aria-label=\"Compartir por correo\" href='mailto:?subject=Mujer%20es%20condenada%20a%207%20a%C3%B1os%20y%20seis%20meses%20de%20presidio%20como%20autora%20de%20homicidio%20simple&#038;body=https:\/\/radiorevelacionfm.cl\/?p=19640' aria-hidden='false' data-av_icon='\ue805' data-av_iconfont='entypo-fontello' title='' data-avia-related-tooltip='Compartir por correo'><span class='avia_hidden_link_text'>Compartir por correo<\/span><\/a><\/li><\/ul><\/div><\/div>\n<div  style='height:50px' class='hr hr-invisible   avia-builder-el-8  el_after_av_social_share  el_before_av_comments_list '><span class='hr-inner ' ><span class='hr-inner-style'><\/span><\/span><\/div>\n<div  class='av-buildercomment  av-blog-meta-html-info-disabled av-blog-meta-tag-disabled  '><\/div>\n","protected":false},"excerpt":{"rendered":"","protected":false},"author":1,"featured_media":16813,"comment_status":"open","ping_status":"open","sticky":false,"template":"","format":"standard","meta":{"footnotes":""},"categories":[55],"tags":[],"class_list":["post-19640","post","type-post","status-publish","format-standard","has-post-thumbnail","hentry","category-justicia"],"jetpack_featured_media_url":"https:\/\/radiorevelacionfm.cl\/wp-content\/uploads\/2022\/05\/foto-1-top-2_optimized.jpg","_links":{"self":[{"href":"https:\/\/radiorevelacionfm.cl\/index.php?rest_route=\/wp\/v2\/posts\/19640","targetHints":{"allow":["GET"]}}],"collection":[{"href":"https:\/\/radiorevelacionfm.cl\/index.php?rest_route=\/wp\/v2\/posts"}],"about":[{"href":"https:\/\/radiorevelacionfm.cl\/index.php?rest_route=\/wp\/v2\/types\/post"}],"author":[{"embeddable":true,"href":"https:\/\/radiorevelacionfm.cl\/index.php?rest_route=\/wp\/v2\/users\/1"}],"replies":[{"embeddable":true,"href":"https:\/\/radiorevelacionfm.cl\/index.php?rest_route=%2Fwp%2Fv2%2Fcomments&post=19640"}],"version-history":[{"count":4,"href":"https:\/\/radiorevelacionfm.cl\/index.php?rest_route=\/wp\/v2\/posts\/19640\/revisions"}],"predecessor-version":[{"id":19642,"href":"https:\/\/radiorevelacionfm.cl\/index.php?rest_route=\/wp\/v2\/posts\/19640\/revisions\/19642"}],"wp:featuredmedia":[{"embeddable":true,"href":"https:\/\/radiorevelacionfm.cl\/index.php?rest_route=\/wp\/v2\/media\/16813"}],"wp:attachment":[{"href":"https:\/\/radiorevelacionfm.cl\/index.php?rest_route=%2Fwp%2Fv2%2Fmedia&parent=19640"}],"wp:term":[{"taxonomy":"category","embeddable":true,"href":"https:\/\/radiorevelacionfm.cl\/index.php?rest_route=%2Fwp%2Fv2%2Fcategories&post=19640"},{"taxonomy":"post_tag","embeddable":true,"href":"https:\/\/radiorevelacionfm.cl\/index.php?rest_route=%2Fwp%2Fv2%2Ftags&post=19640"}],"curies":[{"name":"wp","href":"https:\/\/api.w.org\/{rel}","templated":true}]}}