{"id":1964,"date":"2021-01-20T18:30:08","date_gmt":"2021-01-20T21:30:08","guid":{"rendered":"https:\/\/radiorevelacionfm.cl\/?p=1964"},"modified":"2021-01-20T18:30:08","modified_gmt":"2021-01-20T21:30:08","slug":"inauguran-nueva-oficina-del-servicio-de-registro-civil-en-balmaceda","status":"publish","type":"post","link":"https:\/\/radiorevelacionfm.cl\/?p=1964","title":{"rendered":"Inauguran nueva oficina del Servicio de Registro Civil en Balmaceda"},"content":{"rendered":"<div class=\"flex_column av_one_full  flex_column_div av-zero-column-padding first  avia-builder-el-0  el_before_av_one_full  avia-builder-el-first  \" style='border-radius:0px; '><div  class='avia-image-container  av-styling-    avia-builder-el-1  avia-builder-el-no-sibling  avia-align-center '  itemprop=\"image\" itemscope=\"itemscope\" itemtype=\"https:\/\/schema.org\/ImageObject\"  ><div class='avia-image-container-inner'><div class='avia-image-overlay-wrap'><img decoding=\"async\" class='wp-image-0 avia-img-lazy-loading-not-0 avia_image' src=\"https:\/\/radiorevelacionfm.cl\/wp-content\/uploads\/2021\/01\/BALMACEDA1.jpg\" alt='' title=''   itemprop=\"thumbnailUrl\"  \/><\/div><\/div><\/div><\/div><div class=\"flex_column av_one_full  flex_column_div av-zero-column-padding first  avia-builder-el-2  el_after_av_one_full  el_before_av_one_full  column-top-margin\" style='border-radius:0px; '><section class=\"av_textblock_section \"  itemscope=\"itemscope\" itemtype=\"https:\/\/schema.org\/BlogPosting\" itemprop=\"blogPost\" ><div class='avia_textblock  '   itemprop=\"text\" ><p style=\"text-align: center;\"><span style=\"font-size: 18pt;\"><strong>Inauguran nueva oficina del Servicio de Registro Civil en Balmaceda<\/strong><\/span><\/p>\n<div id=\"gtx-trans\" style=\"position: absolute; left: -50px; top: 4.31534px;\">\n<div class=\"gtx-trans-icon\"><\/div>\n<\/div>\n<\/div><\/section><\/div><div class=\"flex_column av_one_full  flex_column_div av-zero-column-padding first  avia-builder-el-4  el_after_av_one_full  el_before_av_hr  column-top-margin\" style='border-radius:0px; '><section class=\"av_textblock_section \"  itemscope=\"itemscope\" itemtype=\"https:\/\/schema.org\/BlogPosting\" itemprop=\"blogPost\" ><div class='avia_textblock  '   itemprop=\"text\" ><p style=\"text-align: justify;\"><em>Estas nuevas instalaciones fueron financiadas con recursos sectoriales, y permiten dotar a las localidades de espacios m\u00e1s modernos para la atenci\u00f3n de sus usuarios.<\/em><\/p>\n<p style=\"text-align: justify;\">Con la presencia de la Intendente Regional Margarita Ossa, el Seremi de Justicia y DD.HH Luis Prieto, el Gobernador Provincial V\u00edctor Oyarz\u00fan, el Alcalde de Coyhaique Alejandro Huala, el Director Regional (s) del Servicio de Registro Civil e Identificaci\u00f3n Danilo Carrillo y representantes de la comunidad, se llev\u00f3 a cabo este mi\u00e9rcoles la ceremonia de inauguraci\u00f3n de la nueva oficina del Servicio de Registro Civil e Identificaci\u00f3n en la localidad de Balmaceda.<\/p>\n<p style=\"text-align: justify;\">Dicha dependencia financiada con recursos sectoriales, y que alcanz\u00f3 una inversi\u00f3n cercana a los 50 millones de pesos, permiti\u00f3 dotar a la comunidad de Balmaceda de un espacio f\u00edsico que posee un hall de espera, una sala de ceremonias, equipos y mobiliario nuevo, rampa de acceso y servicios sanitarios dise\u00f1ados en virtud del cumplimiento del DS N\u00b050 de Accesibilidad Universal.<\/p>\n<p style=\"text-align: justify;\">Respecto a la importancia de dotar de nuevos y mejores dependencias para la atenci\u00f3n de los habitantes de Balmaceda, la Intendente Margarita Ossa se\u00f1al\u00f3 que \u201cfortalecer al Registro Civil en una localidad alejada de Coyhaique es tremendamente importante, ya exist\u00edan estas prestaciones en la localidad, pero efectivamente tenemos una nueva infraestructura que descentraliza los servicios que siempre est\u00e1n generalmente focalizados en las capitales regionales, y eso tiene que ver con el esfuerzo que hace el\u00a0 gobierno del Presidente Sebasti\u00e1n Pi\u00f1era en la b\u00fasqueda de esa descentralizaci\u00f3n, que ha cobrado mucha m\u00e1s importancia durante este periodo de pandemia\u201d.<\/p>\n<p style=\"text-align: justify;\">Mientras que el Director Regional (S) de Registro Civil e Identificaci\u00f3n, Danilo Carrillo explic\u00f3 \u00a0que \u201cel Servicio de Registro Civil est\u00e1 enfrentando hace algunos a\u00f1os un proceso importante de modernizaci\u00f3n en la senda digital, y que busca principalmente migrar muchas de las prestaciones que hoy d\u00eda son presenciales, \u00a0hacia los canales digitales con el fin de reorientar todos nuestros esfuerzos en lo que es la atenci\u00f3n de aquellos tr\u00e1mites que van a seguir siendo presenciales, ahora tambi\u00e9n consideramos que la modernizaci\u00f3n digital tiene que ir de la mano con nuestra infraestructura y equipamiento, y es por ello que el a\u00f1o pasado a pesar de todas las dificultades, logramos gestionar recursos, desarrollar varios proyectos y ejecutarlos, siendo uno de ellos esta moderna oficina que estamos inaugurando hoy en Balmaceda\u201d.<\/p>\n<p style=\"text-align: justify;\">La Presidenta de la Junta de Vecinos de Balmaceda, Ang\u00e9lica Cifuentes indic\u00f3 que \u201cestamos muy contentos, es un regalo para Balmaceda por estos 104 a\u00f1os de vida, y que es un servicio de tanta utilidad para la gente local como para la gente que pronto se vendr\u00e1 a vivir a Balmaceda, muy agradecida y contenta esperamos seguir avanzando y que siga creciendo Balmaceda y desarroll\u00e1ndose en todos sus aspectos\u201d.<\/p>\n<p style=\"text-align: justify;\">En tanto, el Seremi de Justicia y DD.HH Luis Prieto manifest\u00f3 que \u201clo importante es que seguimos avanzando en mejorar la infraestructura en peque\u00f1as localidades, esta obra se suma a lo que ya inauguramos en Puyuhuapi y la pr\u00f3xima inauguraci\u00f3n de las oficinas del Registro Civil que vamos a tener en la comuna de Lago Verde, particularmente en la localidad de La Tapera, valorar en ese sentido la regionalizaci\u00f3n de recursos por parte del Registro Civil, que ha permitido estos importantes avances para prestar servicio al m\u00e1s alto est\u00e1ndar a los vecinos de estas localidades\u201d.<\/p>\n<p style=\"text-align: justify;\">Finalmente, el alcalde de Coyhaique, Alejandro Huala destac\u00f3 que \u201cestamos muy contentos y orgullosos de estas nuevas dependencias del Registro Civil que se inauguran en Balmaceda, la localidad m\u00e1s antigua de la comuna de Coyhaique, es as\u00ed como queremos ir desarrollando la comuna, se vienen construcciones de nuevas viviendas y con ellos deben venir los servicios requeridos para atender de buena forma a todas esas familias que van a poblar esta localidad, este es un avance que viene a mejorar la calidad de vida de los vecinos de Balmaceda\u201d.<\/p>\n<\/div><\/section><\/div><div  style='height:50px' class='hr hr-invisible   avia-builder-el-6  el_after_av_one_full  el_before_av_social_share '><span class='hr-inner ' ><span class='hr-inner-style'><\/span><\/span><\/div><\/p>\n<div  class='av-social-sharing-box  avia-builder-el-7  el_after_av_hr  el_before_av_hr  '><div class='av-share-box'><h5 class='av-share-link-description av-no-toc '>Compartir esta noticia<\/h5><ul class='av-share-box-list noLightbox'><li class='av-share-link av-social-link-facebook' ><a target=\"_blank\" aria-label=\"Compartir en Facebook\" href='https:\/\/www.facebook.com\/sharer.php?u=https:\/\/radiorevelacionfm.cl\/?p=1964&#038;t=Inauguran%20nueva%20oficina%20del%20Servicio%20de%20Registro%20Civil%20en%20Balmaceda' aria-hidden='false' data-av_icon='\ue8f3' data-av_iconfont='entypo-fontello' title='' data-avia-related-tooltip='Compartir en Facebook' rel=\"noopener\"><span class='avia_hidden_link_text'>Compartir en Facebook<\/span><\/a><\/li><li class='av-share-link av-social-link-twitter' ><a target=\"_blank\" aria-label=\"Compartir en Twitter\" href='https:\/\/twitter.com\/share?text=Inauguran%20nueva%20oficina%20del%20Servicio%20de%20Registro%20Civil%20en%20Balmaceda&#038;url=https:\/\/radiorevelacionfm.cl\/?p=1964' aria-hidden='false' data-av_icon='\ue8f1' data-av_iconfont='entypo-fontello' title='' data-avia-related-tooltip='Compartir en Twitter' rel=\"noopener\"><span class='avia_hidden_link_text'>Compartir en Twitter<\/span><\/a><\/li><li class='av-share-link av-social-link-whatsapp' ><a target=\"_blank\" aria-label=\"Compartir en Whatsapp\" href='https:\/\/api.whatsapp.com\/send?text=https:\/\/radiorevelacionfm.cl\/?p=1964' aria-hidden='false' data-av_icon='\uf232' data-av_iconfont='entypo-fontello' title='' data-avia-related-tooltip='Compartir en Whatsapp' rel=\"noopener\"><span class='avia_hidden_link_text'>Compartir en Whatsapp<\/span><\/a><\/li><li class='av-share-link av-social-link-linkedin' ><a target=\"_blank\" aria-label=\"Compartir en LinkedIn\" href='https:\/\/linkedin.com\/shareArticle?mini=true&#038;title=Inauguran%20nueva%20oficina%20del%20Servicio%20de%20Registro%20Civil%20en%20Balmaceda&#038;url=https:\/\/radiorevelacionfm.cl\/?p=1964' aria-hidden='false' data-av_icon='\ue8fc' data-av_iconfont='entypo-fontello' title='' data-avia-related-tooltip='Compartir en LinkedIn' rel=\"noopener\"><span class='avia_hidden_link_text'>Compartir en LinkedIn<\/span><\/a><\/li><li class='av-share-link av-social-link-mail' ><a  aria-label=\"Compartir por correo\" href='mailto:?subject=Inauguran%20nueva%20oficina%20del%20Servicio%20de%20Registro%20Civil%20en%20Balmaceda&#038;body=https:\/\/radiorevelacionfm.cl\/?p=1964' aria-hidden='false' data-av_icon='\ue805' data-av_iconfont='entypo-fontello' title='' data-avia-related-tooltip='Compartir por correo'><span class='avia_hidden_link_text'>Compartir por correo<\/span><\/a><\/li><\/ul><\/div><\/div>\n<div  style='height:50px' class='hr hr-invisible   avia-builder-el-8  el_after_av_social_share  el_before_av_comments_list '><span class='hr-inner ' ><span class='hr-inner-style'><\/span><\/span><\/div>\n<div  class='av-buildercomment  av-blog-meta-html-info-disabled av-blog-meta-tag-disabled  '><\/div>\n","protected":false},"excerpt":{"rendered":"","protected":false},"author":1,"featured_media":0,"comment_status":"open","ping_status":"open","sticky":false,"template":"","format":"standard","meta":{"footnotes":""},"categories":[38],"tags":[],"class_list":["post-1964","post","type-post","status-publish","format-standard","hentry","category-regional"],"jetpack_featured_media_url":"","_links":{"self":[{"href":"https:\/\/radiorevelacionfm.cl\/index.php?rest_route=\/wp\/v2\/posts\/1964","targetHints":{"allow":["GET"]}}],"collection":[{"href":"https:\/\/radiorevelacionfm.cl\/index.php?rest_route=\/wp\/v2\/posts"}],"about":[{"href":"https:\/\/radiorevelacionfm.cl\/index.php?rest_route=\/wp\/v2\/types\/post"}],"author":[{"embeddable":true,"href":"https:\/\/radiorevelacionfm.cl\/index.php?rest_route=\/wp\/v2\/users\/1"}],"replies":[{"embeddable":true,"href":"https:\/\/radiorevelacionfm.cl\/index.php?rest_route=%2Fwp%2Fv2%2Fcomments&post=1964"}],"version-history":[{"count":1,"href":"https:\/\/radiorevelacionfm.cl\/index.php?rest_route=\/wp\/v2\/posts\/1964\/revisions"}],"predecessor-version":[{"id":1966,"href":"https:\/\/radiorevelacionfm.cl\/index.php?rest_route=\/wp\/v2\/posts\/1964\/revisions\/1966"}],"wp:attachment":[{"href":"https:\/\/radiorevelacionfm.cl\/index.php?rest_route=%2Fwp%2Fv2%2Fmedia&parent=1964"}],"wp:term":[{"taxonomy":"category","embeddable":true,"href":"https:\/\/radiorevelacionfm.cl\/index.php?rest_route=%2Fwp%2Fv2%2Fcategories&post=1964"},{"taxonomy":"post_tag","embeddable":true,"href":"https:\/\/radiorevelacionfm.cl\/index.php?rest_route=%2Fwp%2Fv2%2Ftags&post=1964"}],"curies":[{"name":"wp","href":"https:\/\/api.w.org\/{rel}","templated":true}]}}