{"id":19634,"date":"2022-07-25T18:55:56","date_gmt":"2022-07-25T21:55:56","guid":{"rendered":"https:\/\/radiorevelacionfm.cl\/?p=19634"},"modified":"2022-07-25T19:03:21","modified_gmt":"2022-07-25T22:03:21","slug":"alcalde-de-cisnes-solicita-a-minagri-incluir-a-la-comuna-en-decreto-de-emergencia-agricola","status":"publish","type":"post","link":"https:\/\/radiorevelacionfm.cl\/?p=19634","title":{"rendered":"Alcalde de Cisnes solicita a Minagri incluir a la comuna en decreto de emergencia agr\u00edcola"},"content":{"rendered":"<div class=\"flex_column av_one_full  flex_column_div av-zero-column-padding first  avia-builder-el-0  el_before_av_one_full  avia-builder-el-first  \" style='border-radius:0px; '><div  class='avia-image-container  av-styling-    avia-builder-el-1  avia-builder-el-no-sibling  avia-align-center '  itemprop=\"image\" itemscope=\"itemscope\" itemtype=\"https:\/\/schema.org\/ImageObject\"  ><div class='avia-image-container-inner'><div class='avia-image-overlay-wrap'><img decoding=\"async\" class='wp-image-19636 avia-img-lazy-loading-not-19636 avia_image' src=\"https:\/\/radiorevelacionfm.cl\/wp-content\/uploads\/2022\/07\/alcalde-francisco-roncagliolo-1-1_optimized-1.jpg\" alt='' title='alcalde-francisco-roncagliolo-1-(1)_optimized (1)' height=\"600\" width=\"1084\"  itemprop=\"thumbnailUrl\" srcset=\"https:\/\/radiorevelacionfm.cl\/wp-content\/uploads\/2022\/07\/alcalde-francisco-roncagliolo-1-1_optimized-1.jpg 1084w, https:\/\/radiorevelacionfm.cl\/wp-content\/uploads\/2022\/07\/alcalde-francisco-roncagliolo-1-1_optimized-1-300x166.jpg 300w, https:\/\/radiorevelacionfm.cl\/wp-content\/uploads\/2022\/07\/alcalde-francisco-roncagliolo-1-1_optimized-1-1030x570.jpg 1030w, https:\/\/radiorevelacionfm.cl\/wp-content\/uploads\/2022\/07\/alcalde-francisco-roncagliolo-1-1_optimized-1-768x425.jpg 768w, https:\/\/radiorevelacionfm.cl\/wp-content\/uploads\/2022\/07\/alcalde-francisco-roncagliolo-1-1_optimized-1-705x390.jpg 705w, https:\/\/radiorevelacionfm.cl\/wp-content\/uploads\/2022\/07\/alcalde-francisco-roncagliolo-1-1_optimized-1-600x332.jpg 600w\" sizes=\"(max-width: 1084px) 100vw, 1084px\" \/><\/div><\/div><\/div><\/div>\n<div class=\"flex_column av_one_full  flex_column_div av-zero-column-padding first  avia-builder-el-2  el_after_av_one_full  el_before_av_one_full  column-top-margin\" style='border-radius:0px; '><section class=\"av_textblock_section \"  itemscope=\"itemscope\" itemtype=\"https:\/\/schema.org\/BlogPosting\" itemprop=\"blogPost\" ><div class='avia_textblock  '   itemprop=\"text\" ><p style=\"text-align: center;\"><strong><span style=\"font-size: 18pt;\">Alcalde de Cisnes solicita a Minagri incluir a la comuna en decreto de emergencia agr\u00edcola<\/span><\/strong><\/p>\n<div id=\"gtx-trans\" style=\"position: absolute; left: -50px; top: 4.31534px;\">\n<div class=\"gtx-trans-icon\"><\/div>\n<\/div>\n<\/div><\/section><\/div>\n<div class=\"flex_column av_one_full  flex_column_div av-zero-column-padding first  avia-builder-el-4  el_after_av_one_full  el_before_av_hr  column-top-margin\" style='border-radius:0px; '><section class=\"av_textblock_section \"  itemscope=\"itemscope\" itemtype=\"https:\/\/schema.org\/BlogPosting\" itemprop=\"blogPost\" ><div class='avia_textblock  '   itemprop=\"text\" ><p style=\"text-align: justify;\">Hace pocos d\u00edas, el Ministerio de Agricultura firm\u00f3 el Decreto de Emergencia Agr\u00edcola para siete comunas de la regi\u00f3n de Ays\u00e9n, debido al sistema a frontal con precipitaciones de nieve y bajas temperaturas, medida que incluye a las comunas de Coyhaique, R\u00edo Ib\u00e1\u00f1ez, Cochrane, Chile Chico, Lago Verde, O\u2019Higgins y Ays\u00e9n.<\/p>\n<p style=\"text-align: justify;\">Esta noticia llam\u00f3 la atenci\u00f3n y gener\u00f3 la molestia del Alcalde, Francisco Roncagliolo Lepio, debido a que se excluy\u00f3 a la comuna de Cisnes, donde los productores tambi\u00e9n han sufrido los efectos de este duro invierno, que aun genera complicaciones para los agricultores del territorio.<\/p>\n<p style=\"text-align: justify;\">De esta forma, Roncagliolo solicita al Ministerio de Agricultura, incluir en el decreto a esta comuna de la zona norte de la regi\u00f3n de Ays\u00e9n.<\/p>\n<p style=\"text-align: justify;\">\u201cComo Alcalde de la comuna de Cisnes le solicito al Ministerio de Agricultura, reconsiderar el hecho de que no se haya incorporado a esta comuna, en el decreto de emergencia agr\u00edcola que hoy rige para la regi\u00f3n. La comuna de Cisnes es una zona productora, ganadera y por lo mismo depende del forraje tan necesario, no somos una comuna productora de forraje, por lo tanto, dependemos tambi\u00e9n de lo que pase en las comunas aleda\u00f1as e incluso lo que pase en comunas de otras regiones del pa\u00eds\u201d.<\/p>\n<p style=\"text-align: justify;\">Respecto a los criterios que derivaron el decreto de emergencia agr\u00edcola, el Alcalde Francisco Roncagliolo, fue claro y enf\u00e1tico en se\u00f1alar que las condiciones clim\u00e1ticas afectaron considerablemente al territorio comunal.<\/p>\n<p style=\"text-align: justify;\">\u201cAl momento que el Ministerio considera solamente la nieve ca\u00edda en el lugar, a trav\u00e9s de una estaci\u00f3n meteorol\u00f3gica para definir este criterio, es que, nosotros le solicitamos que consideren los criterios de escarcha que han sido fuertes y que han quemado el pasto en las praderas y tambi\u00e9n que consideren las complicaciones de la presencia de nieve en los alrededores de la comuna, lo que ha hecho muy dif\u00edcil tener una log\u00edstica de abastecimiento de pasto para el ganado e incluso de otros insumos. Es por esto que, le solicitamos al Ministerio reconsidere la medida tomada e incorpore tambi\u00e9n al Municipio al momento de tomar una decisi\u00f3n tan importante como esta\u201d.<\/p>\n<p style=\"text-align: justify;\">El requerimiento del Alcalde Roncagliolo, se fortalece considerando que su par de Futaleuf\u00fa est\u00e1 solicitando al Gobierno se decrete estado de cat\u00e1strofe y la comuna de Cisnes depende de manera importante de la producci\u00f3n de forraje en el mencionado territorio y Palena.<\/p>\n<\/div><\/section><\/div><div  style='height:50px' class='hr hr-invisible   avia-builder-el-6  el_after_av_one_full  el_before_av_social_share '><span class='hr-inner ' ><span class='hr-inner-style'><\/span><\/span><\/div><\/p>\n<div  class='av-social-sharing-box  avia-builder-el-7  el_after_av_hr  el_before_av_hr  '><div class='av-share-box'><h5 class='av-share-link-description av-no-toc '>Compartir esta noticia<\/h5><ul class='av-share-box-list noLightbox'><li class='av-share-link av-social-link-facebook' ><a target=\"_blank\" aria-label=\"Compartir en Facebook\" href='https:\/\/www.facebook.com\/sharer.php?u=https:\/\/radiorevelacionfm.cl\/?p=19634&#038;t=Alcalde%20de%20Cisnes%20solicita%20a%20Minagri%20incluir%20a%20la%20comuna%20en%20decreto%20de%20emergencia%20agr%C3%ADcola' aria-hidden='false' data-av_icon='\ue8f3' data-av_iconfont='entypo-fontello' title='' data-avia-related-tooltip='Compartir en Facebook' rel=\"noopener\"><span class='avia_hidden_link_text'>Compartir en Facebook<\/span><\/a><\/li><li class='av-share-link av-social-link-twitter' ><a target=\"_blank\" aria-label=\"Compartir en Twitter\" href='https:\/\/twitter.com\/share?text=Alcalde%20de%20Cisnes%20solicita%20a%20Minagri%20incluir%20a%20la%20comuna%20en%20decreto%20de%20emergencia%20agr%C3%ADcola&#038;url=https:\/\/radiorevelacionfm.cl\/?p=19634' aria-hidden='false' data-av_icon='\ue8f1' data-av_iconfont='entypo-fontello' title='' data-avia-related-tooltip='Compartir en Twitter' rel=\"noopener\"><span class='avia_hidden_link_text'>Compartir en Twitter<\/span><\/a><\/li><li class='av-share-link av-social-link-whatsapp' ><a target=\"_blank\" aria-label=\"Compartir en Whatsapp\" href='https:\/\/api.whatsapp.com\/send?text=https:\/\/radiorevelacionfm.cl\/?p=19634' aria-hidden='false' data-av_icon='\uf232' data-av_iconfont='entypo-fontello' title='' data-avia-related-tooltip='Compartir en Whatsapp' rel=\"noopener\"><span class='avia_hidden_link_text'>Compartir en Whatsapp<\/span><\/a><\/li><li class='av-share-link av-social-link-linkedin' ><a target=\"_blank\" aria-label=\"Compartir en LinkedIn\" href='https:\/\/linkedin.com\/shareArticle?mini=true&#038;title=Alcalde%20de%20Cisnes%20solicita%20a%20Minagri%20incluir%20a%20la%20comuna%20en%20decreto%20de%20emergencia%20agr%C3%ADcola&#038;url=https:\/\/radiorevelacionfm.cl\/?p=19634' aria-hidden='false' data-av_icon='\ue8fc' data-av_iconfont='entypo-fontello' title='' data-avia-related-tooltip='Compartir en LinkedIn' rel=\"noopener\"><span class='avia_hidden_link_text'>Compartir en LinkedIn<\/span><\/a><\/li><li class='av-share-link av-social-link-mail' ><a  aria-label=\"Compartir por correo\" href='mailto:?subject=Alcalde%20de%20Cisnes%20solicita%20a%20Minagri%20incluir%20a%20la%20comuna%20en%20decreto%20de%20emergencia%20agr%C3%ADcola&#038;body=https:\/\/radiorevelacionfm.cl\/?p=19634' aria-hidden='false' data-av_icon='\ue805' data-av_iconfont='entypo-fontello' title='' data-avia-related-tooltip='Compartir por correo'><span class='avia_hidden_link_text'>Compartir por correo<\/span><\/a><\/li><\/ul><\/div><\/div>\n<div  style='height:50px' class='hr hr-invisible   avia-builder-el-8  el_after_av_social_share  el_before_av_comments_list '><span class='hr-inner ' ><span class='hr-inner-style'><\/span><\/span><\/div>\n<div  class='av-buildercomment  av-blog-meta-html-info-disabled av-blog-meta-tag-disabled  '><\/div>\n","protected":false},"excerpt":{"rendered":"","protected":false},"author":1,"featured_media":19636,"comment_status":"open","ping_status":"open","sticky":false,"template":"","format":"standard","meta":{"footnotes":""},"categories":[38],"tags":[],"class_list":["post-19634","post","type-post","status-publish","format-standard","has-post-thumbnail","hentry","category-regional"],"jetpack_featured_media_url":"https:\/\/radiorevelacionfm.cl\/wp-content\/uploads\/2022\/07\/alcalde-francisco-roncagliolo-1-1_optimized-1.jpg","_links":{"self":[{"href":"https:\/\/radiorevelacionfm.cl\/index.php?rest_route=\/wp\/v2\/posts\/19634","targetHints":{"allow":["GET"]}}],"collection":[{"href":"https:\/\/radiorevelacionfm.cl\/index.php?rest_route=\/wp\/v2\/posts"}],"about":[{"href":"https:\/\/radiorevelacionfm.cl\/index.php?rest_route=\/wp\/v2\/types\/post"}],"author":[{"embeddable":true,"href":"https:\/\/radiorevelacionfm.cl\/index.php?rest_route=\/wp\/v2\/users\/1"}],"replies":[{"embeddable":true,"href":"https:\/\/radiorevelacionfm.cl\/index.php?rest_route=%2Fwp%2Fv2%2Fcomments&post=19634"}],"version-history":[{"count":3,"href":"https:\/\/radiorevelacionfm.cl\/index.php?rest_route=\/wp\/v2\/posts\/19634\/revisions"}],"predecessor-version":[{"id":19638,"href":"https:\/\/radiorevelacionfm.cl\/index.php?rest_route=\/wp\/v2\/posts\/19634\/revisions\/19638"}],"wp:featuredmedia":[{"embeddable":true,"href":"https:\/\/radiorevelacionfm.cl\/index.php?rest_route=\/wp\/v2\/media\/19636"}],"wp:attachment":[{"href":"https:\/\/radiorevelacionfm.cl\/index.php?rest_route=%2Fwp%2Fv2%2Fmedia&parent=19634"}],"wp:term":[{"taxonomy":"category","embeddable":true,"href":"https:\/\/radiorevelacionfm.cl\/index.php?rest_route=%2Fwp%2Fv2%2Fcategories&post=19634"},{"taxonomy":"post_tag","embeddable":true,"href":"https:\/\/radiorevelacionfm.cl\/index.php?rest_route=%2Fwp%2Fv2%2Ftags&post=19634"}],"curies":[{"name":"wp","href":"https:\/\/api.w.org\/{rel}","templated":true}]}}