{"id":19630,"date":"2022-07-25T16:39:43","date_gmt":"2022-07-25T19:39:43","guid":{"rendered":"https:\/\/radiorevelacionfm.cl\/?p=19630"},"modified":"2022-07-25T16:39:43","modified_gmt":"2022-07-25T19:39:43","slug":"la-ruta-del-acordeon-reunira-a-ninas-y-ninos-para-hablar-de-musica-y-tradiciones","status":"publish","type":"post","link":"https:\/\/radiorevelacionfm.cl\/?p=19630","title":{"rendered":"La Ruta del Acorde\u00f3n reunir\u00e1 a ni\u00f1as y ni\u00f1os para hablar de m\u00fasica y tradiciones"},"content":{"rendered":"<div class=\"flex_column av_one_full  flex_column_div av-zero-column-padding first  avia-builder-el-0  el_before_av_one_full  avia-builder-el-first  \" style='border-radius:0px; '><div  class='avia-image-container  av-styling-    avia-builder-el-1  avia-builder-el-no-sibling  avia-align-center '  itemprop=\"image\" itemscope=\"itemscope\" itemtype=\"https:\/\/schema.org\/ImageObject\"  ><div class='avia-image-container-inner'><div class='avia-image-overlay-wrap'><img decoding=\"async\" class='wp-image-19631 avia-img-lazy-loading-not-19631 avia_image' src=\"https:\/\/radiorevelacionfm.cl\/wp-content\/uploads\/2022\/07\/02-6a-1-1.jpg\" alt='' title='02 (6)a (1) (1)' height=\"600\" width=\"816\"  itemprop=\"thumbnailUrl\" srcset=\"https:\/\/radiorevelacionfm.cl\/wp-content\/uploads\/2022\/07\/02-6a-1-1.jpg 816w, https:\/\/radiorevelacionfm.cl\/wp-content\/uploads\/2022\/07\/02-6a-1-1-300x221.jpg 300w, https:\/\/radiorevelacionfm.cl\/wp-content\/uploads\/2022\/07\/02-6a-1-1-768x565.jpg 768w, https:\/\/radiorevelacionfm.cl\/wp-content\/uploads\/2022\/07\/02-6a-1-1-705x518.jpg 705w, https:\/\/radiorevelacionfm.cl\/wp-content\/uploads\/2022\/07\/02-6a-1-1-600x441.jpg 600w\" sizes=\"(max-width: 816px) 100vw, 816px\" \/><\/div><\/div><\/div><\/div><div class=\"flex_column av_one_full  flex_column_div av-zero-column-padding first  avia-builder-el-2  el_after_av_one_full  el_before_av_one_full  column-top-margin\" style='border-radius:0px; '><section class=\"av_textblock_section \"  itemscope=\"itemscope\" itemtype=\"https:\/\/schema.org\/BlogPosting\" itemprop=\"blogPost\" ><div class='avia_textblock  '   itemprop=\"text\" ><p style=\"text-align: center;\"><strong><span style=\"font-size: 18pt;\">La Ruta del Acorde\u00f3n reunir\u00e1 a ni\u00f1as y ni\u00f1os para hablar de m\u00fasica y tradiciones<\/span><\/strong><\/p>\n<div id=\"gtx-trans\" style=\"position: absolute; left: -50px; top: 4.31534px;\">\n<div class=\"gtx-trans-icon\"><\/div>\n<\/div>\n<\/div><\/section><\/div><div class=\"flex_column av_one_full  flex_column_div av-zero-column-padding first  avia-builder-el-4  el_after_av_one_full  el_before_av_hr  column-top-margin\" style='border-radius:0px; '><section class=\"av_textblock_section \"  itemscope=\"itemscope\" itemtype=\"https:\/\/schema.org\/BlogPosting\" itemprop=\"blogPost\" ><div class='avia_textblock  '   itemprop=\"text\" ><div>\n<p dir=\"ltr\" style=\"text-align: justify;\">El pr\u00f3ximo jueves 28 de julio a las 8:30 de la ma\u00f1ana, Pascal Oria de 13 a\u00f1os encender\u00e1 su computador desde su casa en Coyhaique para conectarse a una clase online muy distinta a las dem\u00e1s, ya que ella ser\u00e1 la invitada especial y los estudiantes ser\u00e1n ni\u00f1as y ni\u00f1os de octavo b\u00e1sico de la Escuela In\u00e9s Mu\u00f1oz de Garc\u00eda, ubicada en la ciudad de Castro, Chilo\u00e9.<\/p>\n<p dir=\"ltr\" style=\"text-align: justify;\">A Pascal le toc\u00f3 crecer en un entorno musical, ya que su abuelo es quien le ha ido ense\u00f1ando a tocar el acorde\u00f3n, igual como le ense\u00f1\u00f3 a su hermano mayor que actualmente es el menor de los integrantes del conjunto Mate Amargo. Hace tres a\u00f1os tanto ella, como su abuelo y su hermano, fueron entrevistados para la serie documental Viento Acorde, en la que demostr\u00f3 su temprana habilidad con el acorde\u00f3n. Hoy busca incentivar a que m\u00e1s ni\u00f1as y ni\u00f1os se acerquen y descubran este instrumento.<\/p>\n<p dir=\"ltr\" style=\"text-align: justify;\">Por su parte, el profesor Alejandro Guevara, de la Escuela In\u00e9s Mu\u00f1oz de Garc\u00eda de la ciudad de Castro, est\u00e1 comprometido tambi\u00e9n con el rescate del patrimonio cultural y la difusi\u00f3n del folclor entre sus estudiantes: \u201cCon los estudiantes de octavo b\u00e1sico abordamos la m\u00fasica tradicional de Chilo\u00e9 aprendiendo algunas canciones y danzas e interpretando varios pasacalles en diferentes actos y actividades escolares, por lo que me gustar\u00eda motivarlos a seguir aprendiendo a tocar instrumentos como la guitarra o el acorde\u00f3n, a cantar y a disfrutar de la m\u00fasica y las tradiciones como parte de su cultura de chilotes y chilotas\u201d, se\u00f1al\u00f3.<\/p>\n<p dir=\"ltr\" style=\"text-align: justify;\">El car\u00e1cter virtual de la actividad permitir\u00e1 generar este encuentro en el que, desde ambos lados de la pantalla, podr\u00e1n hacerse preguntas y generar un intercambio de experiencias. Julissa Fern\u00e1ndez, productora e investigadora de La Ruta del Acorde\u00f3n, se\u00f1al\u00f3: \u201cA partir de las entrevistas incluidas en el libro y en la serie documental, hemos visto que uno de los principales temores de las y los cultores es la desaparici\u00f3n de las tradiciones, por eso es imperativo acercar a las nuevas generaciones este tipo de manifestaciones culturales, siempre desde el propio gusto e inter\u00e9s.\u201d<\/p>\n<p dir=\"ltr\" style=\"text-align: justify;\">Es por esto que el equipo de La Ruta del Acorde\u00f3n est\u00e1 trabajando en programar futuros encuentros con diferentes Departamentos de Educaci\u00f3n, en los que se presentar\u00e1 el material educativo desarrollado por el proyecto, el que incluye adaptaciones pedag\u00f3gicas y metodol\u00f3gicas que acompa\u00f1an el libro, material que ser\u00e1 enviado a un gran n\u00famero de establecimientos educacionales de las regiones de Los Lagos y Ays\u00e9n, y a algunas comunas de otras regiones del pa\u00eds. \u201cLa idea es poder acompa\u00f1ar a profesoras y profesores en el desarrollo de sus clases, aportando material did\u00e1ctico que permita la difusi\u00f3n del folclor y las tradiciones\u201d, coment\u00f3 Julissa Fern\u00e1ndez.<\/p>\n<p><span id=\"m_-3931201797180057966gmail-m_-2554177248702461344gmail-m_-5691703453598147962gmail-m_-1082917557167432288gmail-m_7195021827602945986gmail-docs-internal-guid-94283cb0-7fff-87a5-7ce8-2c54981098a9\">Cabe destacar que todas las actividades que realiza <b>La Ruta del Acorde\u00f3n<\/b> se difunden a trav\u00e9s de sus redes sociales en Facebook, Instagram y TikTok. Adem\u00e1s, todo el contenido desarrollado por el proyecto se puede encontrar en<a href=\"http:\/\/www.larutadelacordeon.cl\/\" target=\"_blank\" rel=\"noopener\" data-saferedirecturl=\"https:\/\/www.google.com\/url?q=http:\/\/www.larutadelacordeon.cl\/&amp;source=gmail&amp;ust=1658863567183000&amp;usg=AOvVaw0NPdRSGB_p10baHxxV6SGc\"> www.larutadelacordeon.cl<\/a>.<\/span><\/p>\n<\/div>\n<div style=\"text-align: justify;\"><\/div>\n<\/div><\/section><\/div><div  style='height:50px' class='hr hr-invisible   avia-builder-el-6  el_after_av_one_full  el_before_av_social_share '><span class='hr-inner ' ><span class='hr-inner-style'><\/span><\/span><\/div><\/p>\n<div  class='av-social-sharing-box  avia-builder-el-7  el_after_av_hr  el_before_av_hr  '><div class='av-share-box'><h5 class='av-share-link-description av-no-toc '>Compartir esta noticia<\/h5><ul class='av-share-box-list noLightbox'><li class='av-share-link av-social-link-facebook' ><a target=\"_blank\" aria-label=\"Compartir en Facebook\" href='https:\/\/www.facebook.com\/sharer.php?u=https:\/\/radiorevelacionfm.cl\/?p=19630&#038;t=La%20Ruta%20del%20Acorde%C3%B3n%20reunir%C3%A1%20a%20ni%C3%B1as%20y%20ni%C3%B1os%20para%20hablar%20de%20m%C3%BAsica%20y%20tradiciones' aria-hidden='false' data-av_icon='\ue8f3' data-av_iconfont='entypo-fontello' title='' data-avia-related-tooltip='Compartir en Facebook' rel=\"noopener\"><span class='avia_hidden_link_text'>Compartir en Facebook<\/span><\/a><\/li><li class='av-share-link av-social-link-twitter' ><a target=\"_blank\" aria-label=\"Compartir en Twitter\" href='https:\/\/twitter.com\/share?text=La%20Ruta%20del%20Acorde%C3%B3n%20reunir%C3%A1%20a%20ni%C3%B1as%20y%20ni%C3%B1os%20para%20hablar%20de%20m%C3%BAsica%20y%20tradiciones&#038;url=https:\/\/radiorevelacionfm.cl\/?p=19630' aria-hidden='false' data-av_icon='\ue8f1' data-av_iconfont='entypo-fontello' title='' data-avia-related-tooltip='Compartir en Twitter' rel=\"noopener\"><span class='avia_hidden_link_text'>Compartir en Twitter<\/span><\/a><\/li><li class='av-share-link av-social-link-whatsapp' ><a target=\"_blank\" aria-label=\"Compartir en Whatsapp\" href='https:\/\/api.whatsapp.com\/send?text=https:\/\/radiorevelacionfm.cl\/?p=19630' aria-hidden='false' data-av_icon='\uf232' data-av_iconfont='entypo-fontello' title='' data-avia-related-tooltip='Compartir en Whatsapp' rel=\"noopener\"><span class='avia_hidden_link_text'>Compartir en Whatsapp<\/span><\/a><\/li><li class='av-share-link av-social-link-linkedin' ><a target=\"_blank\" aria-label=\"Compartir en LinkedIn\" href='https:\/\/linkedin.com\/shareArticle?mini=true&#038;title=La%20Ruta%20del%20Acorde%C3%B3n%20reunir%C3%A1%20a%20ni%C3%B1as%20y%20ni%C3%B1os%20para%20hablar%20de%20m%C3%BAsica%20y%20tradiciones&#038;url=https:\/\/radiorevelacionfm.cl\/?p=19630' aria-hidden='false' data-av_icon='\ue8fc' data-av_iconfont='entypo-fontello' title='' data-avia-related-tooltip='Compartir en LinkedIn' rel=\"noopener\"><span class='avia_hidden_link_text'>Compartir en LinkedIn<\/span><\/a><\/li><li class='av-share-link av-social-link-mail' ><a  aria-label=\"Compartir por correo\" href='mailto:?subject=La%20Ruta%20del%20Acorde%C3%B3n%20reunir%C3%A1%20a%20ni%C3%B1as%20y%20ni%C3%B1os%20para%20hablar%20de%20m%C3%BAsica%20y%20tradiciones&#038;body=https:\/\/radiorevelacionfm.cl\/?p=19630' aria-hidden='false' data-av_icon='\ue805' data-av_iconfont='entypo-fontello' title='' data-avia-related-tooltip='Compartir por correo'><span class='avia_hidden_link_text'>Compartir por correo<\/span><\/a><\/li><\/ul><\/div><\/div>\n<div  style='height:50px' class='hr hr-invisible   avia-builder-el-8  el_after_av_social_share  el_before_av_comments_list '><span class='hr-inner ' ><span class='hr-inner-style'><\/span><\/span><\/div>\n<div  class='av-buildercomment  av-blog-meta-html-info-disabled av-blog-meta-tag-disabled  '><\/div>\n","protected":false},"excerpt":{"rendered":"","protected":false},"author":1,"featured_media":19631,"comment_status":"open","ping_status":"open","sticky":false,"template":"","format":"standard","meta":{"footnotes":""},"categories":[38],"tags":[],"class_list":["post-19630","post","type-post","status-publish","format-standard","has-post-thumbnail","hentry","category-regional"],"jetpack_featured_media_url":"https:\/\/radiorevelacionfm.cl\/wp-content\/uploads\/2022\/07\/02-6a-1-1.jpg","_links":{"self":[{"href":"https:\/\/radiorevelacionfm.cl\/index.php?rest_route=\/wp\/v2\/posts\/19630","targetHints":{"allow":["GET"]}}],"collection":[{"href":"https:\/\/radiorevelacionfm.cl\/index.php?rest_route=\/wp\/v2\/posts"}],"about":[{"href":"https:\/\/radiorevelacionfm.cl\/index.php?rest_route=\/wp\/v2\/types\/post"}],"author":[{"embeddable":true,"href":"https:\/\/radiorevelacionfm.cl\/index.php?rest_route=\/wp\/v2\/users\/1"}],"replies":[{"embeddable":true,"href":"https:\/\/radiorevelacionfm.cl\/index.php?rest_route=%2Fwp%2Fv2%2Fcomments&post=19630"}],"version-history":[{"count":2,"href":"https:\/\/radiorevelacionfm.cl\/index.php?rest_route=\/wp\/v2\/posts\/19630\/revisions"}],"predecessor-version":[{"id":19633,"href":"https:\/\/radiorevelacionfm.cl\/index.php?rest_route=\/wp\/v2\/posts\/19630\/revisions\/19633"}],"wp:featuredmedia":[{"embeddable":true,"href":"https:\/\/radiorevelacionfm.cl\/index.php?rest_route=\/wp\/v2\/media\/19631"}],"wp:attachment":[{"href":"https:\/\/radiorevelacionfm.cl\/index.php?rest_route=%2Fwp%2Fv2%2Fmedia&parent=19630"}],"wp:term":[{"taxonomy":"category","embeddable":true,"href":"https:\/\/radiorevelacionfm.cl\/index.php?rest_route=%2Fwp%2Fv2%2Fcategories&post=19630"},{"taxonomy":"post_tag","embeddable":true,"href":"https:\/\/radiorevelacionfm.cl\/index.php?rest_route=%2Fwp%2Fv2%2Ftags&post=19630"}],"curies":[{"name":"wp","href":"https:\/\/api.w.org\/{rel}","templated":true}]}}