{"id":19627,"date":"2022-07-25T14:10:21","date_gmt":"2022-07-25T17:10:21","guid":{"rendered":"https:\/\/radiorevelacionfm.cl\/?p=19627"},"modified":"2022-07-25T14:10:21","modified_gmt":"2022-07-25T17:10:21","slug":"el-retail-el-mercado-financiero-y-el-transporte-son-los-mas-reclamados-en-la-region-de-aysen-este-ano","status":"publish","type":"post","link":"https:\/\/radiorevelacionfm.cl\/?p=19627","title":{"rendered":"El retail, el mercado financiero y el transporte son los m\u00e1s reclamados en la regi\u00f3n de Ays\u00e9n este a\u00f1o"},"content":{"rendered":"<div class=\"flex_column av_one_full  flex_column_div av-zero-column-padding first  avia-builder-el-0  el_before_av_one_full  avia-builder-el-first  \" style='border-radius:0px; '><div  class='avia-image-container  av-styling-    avia-builder-el-1  avia-builder-el-no-sibling  avia-align-center '  itemprop=\"image\" itemscope=\"itemscope\" itemtype=\"https:\/\/schema.org\/ImageObject\"  ><div class='avia-image-container-inner'><div class='avia-image-overlay-wrap'><img decoding=\"async\" class='wp-image-0 avia-img-lazy-loading-not-0 avia_image' src=\"https:\/\/radiorevelacionfm.cl\/wp-content\/uploads\/2021\/06\/centro_coyhaique-1_optimized.jpg\" alt='' title=''   itemprop=\"thumbnailUrl\"  \/><\/div><\/div><\/div><\/div><div class=\"flex_column av_one_full  flex_column_div av-zero-column-padding first  avia-builder-el-2  el_after_av_one_full  el_before_av_one_full  column-top-margin\" style='border-radius:0px; '><section class=\"av_textblock_section \"  itemscope=\"itemscope\" itemtype=\"https:\/\/schema.org\/BlogPosting\" itemprop=\"blogPost\" ><div class='avia_textblock  '   itemprop=\"text\" ><p style=\"text-align: center;\"><strong><span style=\"font-size: 18pt;\">El retail, el mercado financiero y el transporte son los m\u00e1s reclamados en la regi\u00f3n de Ays\u00e9n este a\u00f1o<\/span><\/strong><\/p>\n<div id=\"gtx-trans\" style=\"position: absolute; left: -50px; top: 4.31534px;\">\n<div class=\"gtx-trans-icon\"><\/div>\n<\/div>\n<\/div><\/section><\/div><div class=\"flex_column av_one_full  flex_column_div av-zero-column-padding first  avia-builder-el-4  el_after_av_one_full  el_before_av_hr  column-top-margin\" style='border-radius:0px; '><section class=\"av_textblock_section \"  itemscope=\"itemscope\" itemtype=\"https:\/\/schema.org\/BlogPosting\" itemprop=\"blogPost\" ><div class='avia_textblock  '   itemprop=\"text\" ><p style=\"text-align: justify;\">Desde el 1 de enero hasta el 30 de junio de este a\u00f1o 2022, el SERNAC recibi\u00f3 1.370 reclamos por parte de los consumidores de la Regi\u00f3n de Ays\u00e9n.<\/p>\n<p style=\"text-align: justify;\">Entre los mercados m\u00e1s reclamados se encuentra el retail, con m\u00e1s de 300 quejas, lo que representa un 23,3% del total en este periodo del a\u00f1o. Lo sigue el mercado financiero, con 280 lo que equivale a un 20,8%; y el de transporte con 240 o un 18%. Es decir, entre los tres mercados suman un 62% del total de los casos.<\/p>\n<p style=\"text-align: justify;\">Respecto de las causas de los reclamos en general, en primer lugar, se ubican los problemas contractuales, con el 14,1%; y\u00a0tiene relaci\u00f3n con denuncias hacia las empresas por no cumplir con las condiciones contratadas. Estos problemas, seg\u00fan los consumidores, se ven agravados por las dificultades para poder comunicarse con las empresas.<\/p>\n<p style=\"text-align: justify;\">Mientras, que la segunda causal m\u00e1s reclamada se refiere al retardo en la entrega de lo comprado con un 9,2%.<\/p>\n<p style=\"text-align: justify;\"><strong>ACCIONES <\/strong><\/p>\n<p style=\"text-align: justify;\">El \u00faltimo balance entregado por el Servicio da cuenta de m\u00e1s de mil novecientas fiscalizaciones en distintos mercados. Muchas de ellas derivaron en ajustes de pr\u00e1cticas y otras en acciones de protecci\u00f3n como denuncias, demandas o procedimientos colectivos, obteniendo compensaciones para los consumidores.<\/p>\n<p style=\"text-align: justify;\">Adem\u00e1s, el Servicio ha realizado estudios que apuntan a las necesidades de los consumidores como el estudio de precios y comparaci\u00f3n de desempe\u00f1o de los pa\u00f1ales, precios de canasta de alimentos y abarrotes, Dark Patterns en comercio electr\u00f3nico, calidad en alimentos para mascotas, as\u00ed como otros con enfoque de g\u00e9nero, como el estudio de \u201cimpuesto rosa\u201d o el estudio sobre \u201cgesti\u00f3n menstrual\u201d.<\/p>\n<p style=\"text-align: justify;\">Es importante recordar que cuando un consumidor tiene un problema y la empresa no responde o su respuesta es insatisfactoria, puede recurrir al SERNAC e interponer su reclamo.<\/p>\n<p style=\"text-align: justify;\">Para ello puede hacerlo visitando nuestro sitio web www.sernac.cl; llamando en forma gratuita al tel\u00e9fono 800 700 100 de lunes a viernes de 09:00 a 21:00 horas y s\u00e1bado de 09:00 a 19:00 horas; a trav\u00e9s de las oficinas regionales del SERNAC existentes en cada una de las capitales regionales; y de las Oficinas de Atenci\u00f3n Municipal en aquellos municipios con los cuales el Servicio tiene convenios.<\/p>\n<p style=\"text-align: justify;\"><strong>\u00a0<\/strong><\/p>\n<p style=\"text-align: justify;\"><strong>HERRAMIENTAS CIUDADANAS \u00a0<\/strong><\/p>\n<p style=\"text-align: justify;\">SERNAC ha dispuesto diversas herramientas para facilitar a los consumidores la posibilidad de acceder a informaci\u00f3n \u00fatil\u00a0 que se encuentran en el sitio web institucional <a href=\"http:\/\/www.sernac.cl\">www.sernac.cl<\/a>, entre ellas, la Calculadora de Presupuesto Familiar.<\/p>\n<p style=\"text-align: justify;\">Para la Directora Regional del SERNAC, Mar\u00eda Francisca Ortiz,<strong> \u201c<\/strong>el consejo es ordenar las prioridades financieras de la familia, conocer los gastos y saber cu\u00e1l es el ingreso que tienen como grupo, de manera de enfrentar el pago de cuentas y planificar el ahorro a corto y largo plazo, para futuros proyectos familiares y momentos de estrechez\u201d.<\/p>\n<p style=\"text-align: justify;\">Asimismo, el SERNAC cuenta con un programa de educaci\u00f3n financiera que imparte talleres y orienta respecto a estas tem\u00e1ticas incluso, desde la escuela, indic\u00f3 la autoridad regional.<\/p>\n<p style=\"text-align: justify;\"><strong>Herramienta del SERNAC disponibles en su sitio web<\/strong><\/p>\n<p style=\"text-align: justify;\"><strong>Calculadora de Presupuesto Familiar: <\/strong>permite a las personas calcular su capacidad de pago, evitar el sobreendeudamiento y hacer un mejor uso de su dinero.<\/p>\n<p style=\"text-align: justify;\"><strong>Comparador de Tarjetas de Cr\u00e9dito:<\/strong>\u00a0herramienta que permitir\u00e1 a los consumidores saber cu\u00e1nto cuesta usar su tarjeta y comparar con la informaci\u00f3n de casi 200 tarjetas vigentes en el mercado.<\/p>\n<p style=\"text-align: justify;\"><strong>Calculadora de Gastos de Cobranza:<\/strong>\u00a0permite verificar de manera sencilla que las empresas no les est\u00e9n realizando cobros indebidos por este concepto.<\/p>\n<p style=\"text-align: justify;\"><strong>Comparador de Cr\u00e9ditos de Consumo: <\/strong>En esta aplicaci\u00f3n usted podr\u00e1 comparar cr\u00e9ditos de consumo de diferentes instituciones financieras<\/p>\n<p style=\"text-align: justify;\"><strong>Muro de Alertas ciudadanas:<\/strong> espacio donde los mismos consumidores alertan a otros y al SERNAC, de las conductas de las empresas, potenciando con ello un sentido de bien com\u00fan.<\/p>\n<p style=\"text-align: justify;\"><strong>Bolet\u00edn Empresas:<\/strong>\u00a0el primer buscador del comportamiento de las empresas que permitir\u00e1 a los consumidores conocer c\u00f3mo ha sido el historial de una determinada compa\u00f1\u00eda frente a los reclamos.<\/p>\n<p style=\"text-align: justify;\"><strong>\u201cMe Quiero Salir\u201d:<\/strong>\u00a0plataforma digital que tiene como prop\u00f3sito facilitar a los consumidores terminar sus contratos con las empresas de telecomunicaciones y de seguros generales.<\/p>\n<\/div><\/section><\/div><div  style='height:50px' class='hr hr-invisible   avia-builder-el-6  el_after_av_one_full  el_before_av_social_share '><span class='hr-inner ' ><span class='hr-inner-style'><\/span><\/span><\/div><\/p>\n<div  class='av-social-sharing-box  avia-builder-el-7  el_after_av_hr  el_before_av_hr  '><div class='av-share-box'><h5 class='av-share-link-description av-no-toc '>Compartir esta noticia<\/h5><ul class='av-share-box-list noLightbox'><li class='av-share-link av-social-link-facebook' ><a target=\"_blank\" aria-label=\"Compartir en Facebook\" href='https:\/\/www.facebook.com\/sharer.php?u=https:\/\/radiorevelacionfm.cl\/?p=19627&#038;t=El%20retail%2C%20el%20mercado%20financiero%20y%20el%20transporte%20son%20los%20m%C3%A1s%20reclamados%20en%20la%20regi%C3%B3n%20de%20Ays%C3%A9n%20este%20a%C3%B1o' aria-hidden='false' data-av_icon='\ue8f3' data-av_iconfont='entypo-fontello' title='' data-avia-related-tooltip='Compartir en Facebook' rel=\"noopener\"><span class='avia_hidden_link_text'>Compartir en Facebook<\/span><\/a><\/li><li class='av-share-link av-social-link-twitter' ><a target=\"_blank\" aria-label=\"Compartir en Twitter\" href='https:\/\/twitter.com\/share?text=El%20retail%2C%20el%20mercado%20financiero%20y%20el%20transporte%20son%20los%20m%C3%A1s%20reclamados%20en%20la%20regi%C3%B3n%20de%20Ays%C3%A9n%20este%20a%C3%B1o&#038;url=https:\/\/radiorevelacionfm.cl\/?p=19627' aria-hidden='false' data-av_icon='\ue8f1' data-av_iconfont='entypo-fontello' title='' data-avia-related-tooltip='Compartir en Twitter' rel=\"noopener\"><span class='avia_hidden_link_text'>Compartir en Twitter<\/span><\/a><\/li><li class='av-share-link av-social-link-whatsapp' ><a target=\"_blank\" aria-label=\"Compartir en Whatsapp\" href='https:\/\/api.whatsapp.com\/send?text=https:\/\/radiorevelacionfm.cl\/?p=19627' aria-hidden='false' data-av_icon='\uf232' data-av_iconfont='entypo-fontello' title='' data-avia-related-tooltip='Compartir en Whatsapp' rel=\"noopener\"><span class='avia_hidden_link_text'>Compartir en Whatsapp<\/span><\/a><\/li><li class='av-share-link av-social-link-linkedin' ><a target=\"_blank\" aria-label=\"Compartir en LinkedIn\" href='https:\/\/linkedin.com\/shareArticle?mini=true&#038;title=El%20retail%2C%20el%20mercado%20financiero%20y%20el%20transporte%20son%20los%20m%C3%A1s%20reclamados%20en%20la%20regi%C3%B3n%20de%20Ays%C3%A9n%20este%20a%C3%B1o&#038;url=https:\/\/radiorevelacionfm.cl\/?p=19627' aria-hidden='false' data-av_icon='\ue8fc' data-av_iconfont='entypo-fontello' title='' data-avia-related-tooltip='Compartir en LinkedIn' rel=\"noopener\"><span class='avia_hidden_link_text'>Compartir en LinkedIn<\/span><\/a><\/li><li class='av-share-link av-social-link-mail' ><a  aria-label=\"Compartir por correo\" href='mailto:?subject=El%20retail%2C%20el%20mercado%20financiero%20y%20el%20transporte%20son%20los%20m%C3%A1s%20reclamados%20en%20la%20regi%C3%B3n%20de%20Ays%C3%A9n%20este%20a%C3%B1o&#038;body=https:\/\/radiorevelacionfm.cl\/?p=19627' aria-hidden='false' data-av_icon='\ue805' data-av_iconfont='entypo-fontello' title='' data-avia-related-tooltip='Compartir por correo'><span class='avia_hidden_link_text'>Compartir por correo<\/span><\/a><\/li><\/ul><\/div><\/div>\n<div  style='height:50px' class='hr hr-invisible   avia-builder-el-8  el_after_av_social_share  el_before_av_comments_list '><span class='hr-inner ' ><span class='hr-inner-style'><\/span><\/span><\/div>\n<div  class='av-buildercomment  av-blog-meta-html-info-disabled av-blog-meta-tag-disabled  '><\/div>\n","protected":false},"excerpt":{"rendered":"","protected":false},"author":1,"featured_media":0,"comment_status":"open","ping_status":"open","sticky":false,"template":"","format":"standard","meta":{"footnotes":""},"categories":[45],"tags":[],"class_list":["post-19627","post","type-post","status-publish","format-standard","hentry","category-comercio"],"jetpack_featured_media_url":"","_links":{"self":[{"href":"https:\/\/radiorevelacionfm.cl\/index.php?rest_route=\/wp\/v2\/posts\/19627","targetHints":{"allow":["GET"]}}],"collection":[{"href":"https:\/\/radiorevelacionfm.cl\/index.php?rest_route=\/wp\/v2\/posts"}],"about":[{"href":"https:\/\/radiorevelacionfm.cl\/index.php?rest_route=\/wp\/v2\/types\/post"}],"author":[{"embeddable":true,"href":"https:\/\/radiorevelacionfm.cl\/index.php?rest_route=\/wp\/v2\/users\/1"}],"replies":[{"embeddable":true,"href":"https:\/\/radiorevelacionfm.cl\/index.php?rest_route=%2Fwp%2Fv2%2Fcomments&post=19627"}],"version-history":[{"count":2,"href":"https:\/\/radiorevelacionfm.cl\/index.php?rest_route=\/wp\/v2\/posts\/19627\/revisions"}],"predecessor-version":[{"id":19629,"href":"https:\/\/radiorevelacionfm.cl\/index.php?rest_route=\/wp\/v2\/posts\/19627\/revisions\/19629"}],"wp:attachment":[{"href":"https:\/\/radiorevelacionfm.cl\/index.php?rest_route=%2Fwp%2Fv2%2Fmedia&parent=19627"}],"wp:term":[{"taxonomy":"category","embeddable":true,"href":"https:\/\/radiorevelacionfm.cl\/index.php?rest_route=%2Fwp%2Fv2%2Fcategories&post=19627"},{"taxonomy":"post_tag","embeddable":true,"href":"https:\/\/radiorevelacionfm.cl\/index.php?rest_route=%2Fwp%2Fv2%2Ftags&post=19627"}],"curies":[{"name":"wp","href":"https:\/\/api.w.org\/{rel}","templated":true}]}}