{"id":19624,"date":"2022-07-26T10:27:38","date_gmt":"2022-07-26T13:27:38","guid":{"rendered":"https:\/\/radiorevelacionfm.cl\/?p=19624"},"modified":"2022-07-26T10:27:38","modified_gmt":"2022-07-26T13:27:38","slug":"volver-al-jardin-infantil-un-proceso-de-adaptacion-de-toda-la-familia","status":"publish","type":"post","link":"https:\/\/radiorevelacionfm.cl\/?p=19624","title":{"rendered":"Volver al jard\u00edn infantil: un proceso de adaptaci\u00f3n de toda la familia"},"content":{"rendered":"<div class=\"flex_column av_one_full  flex_column_div av-zero-column-padding first  avia-builder-el-0  el_before_av_one_full  avia-builder-el-first  \" style='border-radius:0px; '><div  class='avia-image-container  av-styling-    avia-builder-el-1  avia-builder-el-no-sibling  avia-align-center '  itemprop=\"image\" itemscope=\"itemscope\" itemtype=\"https:\/\/schema.org\/ImageObject\"  ><div class='avia-image-container-inner'><div class='avia-image-overlay-wrap'><img decoding=\"async\" class='wp-image-19625 avia-img-lazy-loading-not-19625 avia_image' src=\"https:\/\/radiorevelacionfm.cl\/wp-content\/uploads\/2022\/07\/3-81-1-1.jpg\" alt='' title='3 (81) (1) (1)' height=\"600\" width=\"900\"  itemprop=\"thumbnailUrl\" srcset=\"https:\/\/radiorevelacionfm.cl\/wp-content\/uploads\/2022\/07\/3-81-1-1.jpg 900w, https:\/\/radiorevelacionfm.cl\/wp-content\/uploads\/2022\/07\/3-81-1-1-300x200.jpg 300w, https:\/\/radiorevelacionfm.cl\/wp-content\/uploads\/2022\/07\/3-81-1-1-768x512.jpg 768w, https:\/\/radiorevelacionfm.cl\/wp-content\/uploads\/2022\/07\/3-81-1-1-705x470.jpg 705w, https:\/\/radiorevelacionfm.cl\/wp-content\/uploads\/2022\/07\/3-81-1-1-600x400.jpg 600w\" sizes=\"(max-width: 900px) 100vw, 900px\" \/><\/div><\/div><\/div><\/div><div class=\"flex_column av_one_full  flex_column_div av-zero-column-padding first  avia-builder-el-2  el_after_av_one_full  el_before_av_one_full  column-top-margin\" style='border-radius:0px; '><section class=\"av_textblock_section \"  itemscope=\"itemscope\" itemtype=\"https:\/\/schema.org\/BlogPosting\" itemprop=\"blogPost\" ><div class='avia_textblock  '   itemprop=\"text\" ><p style=\"text-align: center;\"><span style=\"font-size: 18pt;\"><b>Volver al jard\u00edn infantil: un proceso de adaptaci\u00f3n de toda la familia<\/b><\/span><\/p>\n<div id=\"gtx-trans\" style=\"position: absolute; left: -50px; top: 4.31534px;\">\n<div class=\"gtx-trans-icon\"><\/div>\n<\/div>\n<\/div><\/section><\/div><div class=\"flex_column av_one_full  flex_column_div av-zero-column-padding first  avia-builder-el-4  el_after_av_one_full  el_before_av_hr  column-top-margin\" style='border-radius:0px; '><section class=\"av_textblock_section \"  itemscope=\"itemscope\" itemtype=\"https:\/\/schema.org\/BlogPosting\" itemprop=\"blogPost\" ><div class='avia_textblock  '   itemprop=\"text\" ><p style=\"text-align: justify;\">El receso de actividades por vacaciones de invierno, fue tiempo suficiente para que ni\u00f1os y ni\u00f1as adquirieran una rutina distinta a la acostumbrada en la sala cuna y jard\u00edn infantil. Por lo anterior, la ansiedad y el temor son emociones que se pueden presentar en las familias durante los primeros d\u00edas del regreso de los ni\u00f1os y ni\u00f1as a los establecimientos educativos.<\/p>\n<p style=\"text-align: justify;\">As\u00ed como los lactantes y p\u00e1rvulos pueden experimentar angustia por la separaci\u00f3n de los adultos que los cuidaron y con quienes, probablemente, pasaron la mayor parte del tiempo, lo mismo puede suceder con las mam\u00e1s, pap\u00e1s y otros integrantes del grupo familiar que pueden tener sentimientos de culpa por dejarlos en el jard\u00edn. Ante esta situaci\u00f3n,\u00a0Schlomit Creixell, profesional del \u00e1rea de Curr\u00edculum de la Direcci\u00f3n de Educaci\u00f3n,\u00a0nos invita a estar alertas y anticipar los cambios.<\/p>\n<p style=\"text-align: justify;\">\u201cEstos sentimientos son habituales en los procesos de adaptaci\u00f3n que ni\u00f1as y ni\u00f1os vivir\u00e1n durante toda su vida. En lo primero que podemos apoyarles es ajustando sus rutinas, por ejemplo, puede que durante el receso invernal las comidas hayan cambiado el horario habitual que ten\u00edan durante su asistencia al jard\u00edn infantil, por lo que es importante volver a modificarlos pensando en la organizaci\u00f3n del tiempo que tendr\u00e1n en los establecimientos, por ejemplo, desayuno, almuerzo y horarios de siesta\u201d, agrega\u00a0Schlomit Creixell.<\/p>\n<p style=\"text-align: justify;\"><strong>Volver a un espacio de juego y aprendizaje<\/strong><\/p>\n<p style=\"text-align: justify;\">Cuando ni\u00f1os y ni\u00f1as vuelvan a los establecimientos se producir\u00e1 un proceso de resocializaci\u00f3n con sus pares, a trav\u00e9s de interacciones mediadas o no por los equipos educativos. Estas experiencias ser\u00e1n, para muchos de ellos pilar de sus relaciones futuras, as\u00ed como de adaptabilidad social y cultural.<\/p>\n<p style=\"text-align: justify;\">Durante los primeros d\u00edas, es com\u00fan que los equipos educativos de las salas cuna y jardines infantiles Implementen diversas estrategias y planifiquen actividades l\u00fadicas para propiciar que ni\u00f1as, ni\u00f1os y beb\u00e9s se sientan c\u00f3modos sientan c\u00f3modos en el nuevo entorno y disminuyan su ansiedad, explica la\u00a0profesional de la Direcci\u00f3n de Educaci\u00f3n de Fundaci\u00f3n Integra.<\/p>\n<p style=\"text-align: justify;\">Para la mayor\u00eda de los ni\u00f1os y ni\u00f1as, el retorno a las aulas ser\u00e1 un proceso de continuidad, luego del receso invernal. Aunque tambi\u00e9n, puede ser la primera experiencia de cuidados con un adulto diferente a la familia nuclear, en este caso puede que la adaptaci\u00f3n requiera m\u00e1s apoyo y contenci\u00f3n.<\/p>\n<p style=\"text-align: justify;\"><strong>Anticiparse y transmitir tranquilidad son claves<\/strong><\/p>\n<p style=\"text-align: justify;\">Alicia Tapia, profesional Familia y Comunidad de la Direcci\u00f3n de Promoci\u00f3n y Protecci\u00f3n de la Infancia (DPPI) de Fundaci\u00f3n Integra,\u00a0nos recuerda que, \u201ccomo adulto siempre debemos tener presente que todo lo que digamos y hagamos es un modelo a seguir para los ni\u00f1os\/as, por tanto, si nuestras actitudes y comportamientos hablan de lo dif\u00edcil que es el proceso de retorno, ellos\/as lo vivir\u00e1n de la misma manera. En este caso, la invitaci\u00f3n es a ver el proceso como una oportunidad para aprender y experimentar d\u00eda a d\u00eda\u201d.<\/p>\n<p style=\"text-align: justify;\">La profesional del \u00c1rea de Familia y Comunidad, confirma que entre los factores que inciden en el \u00e9xito del proceso de adaptaci\u00f3n est\u00e1 la tranquilidad que los padres o adultos responsables les transmitan a los ni\u00f1os y ni\u00f1as, antes, durante y despu\u00e9s de la transici\u00f3n.<\/p>\n<p style=\"text-align: justify;\">\u201cPara los adultos a veces las adaptaciones son m\u00e1s complejas que para los ni\u00f1os, por lo tanto, si necesita hacer nuevas coordinaciones en su grupo familiar, converse y progr\u00e1mese para buscar soluciones que les acomoden a todos, si las tiene, acuda a sus redes de apoyo\u201d, a\u00f1ade la\u00a0profesional de Familia y Comunidad,\u00a0Alicia Tapia.<\/p>\n<p style=\"text-align: justify;\">Adem\u00e1s, se debe tomar en cuenta la personalidad y car\u00e1cter de ni\u00f1as y ni\u00f1os, que desde temprana edad pueden dar signos de mayor independencia o, por el contrario, de una menor capacidad de adaptaci\u00f3n a nuevos escenarios, aunque es importante recordar que no hay un tiempo asociado al periodo de adaptaci\u00f3n y va a depender de cada ni\u00f1o o ni\u00f1a. Se suma a lo anterior, el trabajo de contenci\u00f3n y apoyo que los equipos educativos de las salas cuna y jardines infantiles lleven a cabo durante los primeros d\u00edas del retorno a las aulas. En definitiva, el trabajo coordinado entre familias y equipos educativos har\u00e1n que este retorno a las salas cuna y jardines infantiles sea una experiencia de aprendizaje y desarrollo para todos los involucrados.<\/p>\n<p style=\"text-align: justify;\"><strong>Para tener en cuenta<\/strong><\/p>\n<p style=\"text-align: justify;\">Los profesionales de Fundaci\u00f3n Integra, nos entregan algunas buenas ideas para poner en pr\u00e1ctica y lograr que este retorno sea lo m\u00e1s natural posible para todos los actores involucrados:<\/p>\n<p style=\"text-align: justify;\">&#8211;\u00a0\u00a0\u00a0\u00a0\u00a0\u00a0\u00a0\u00a0\u00a0\u00a0Hable con el ni\u00f1o y ni\u00f1a sobre el proceso que vivir\u00e1 y expl\u00edquele con palabras simples que volver\u00e1 a jugar con sus amigos\/as del jard\u00edn infantil y a compartir con el equipo educativo.<\/p>\n<p style=\"text-align: justify;\">&#8211;\u00a0\u00a0\u00a0\u00a0\u00a0\u00a0\u00a0\u00a0\u00a0\u00a0En la medida de lo posible, se sugiere que durante los primeros d\u00edas de regreso al jard\u00edn los p\u00e1rvulos y lactantes vayan adapt\u00e1ndose paulatinamente a las rutinas, para moderar la ansiedad que causa la separaci\u00f3n de la familia. Sin embargo, debe ser un proceso continuo, todos los d\u00edas a la misma hora, para entregar certidumbre y predictibilidad al ni\u00f1o.<\/p>\n<p style=\"text-align: justify;\">&#8211;\u00a0\u00a0\u00a0\u00a0\u00a0\u00a0\u00a0\u00a0\u00a0\u00a0Recu\u00e9rdale al ni\u00f1o o ni\u00f1a que regresa a un espacio seguro, donde lo cuidar\u00e1n y tendr\u00e1 la oportunidad de jugar con sus amigos.<\/p>\n<p style=\"text-align: justify;\">&#8211;\u00a0\u00a0\u00a0\u00a0\u00a0\u00a0\u00a0\u00a0\u00a0\u00a0Expl\u00edquele que puede llevar al jard\u00edn o sala cuna alg\u00fan objeto con el que se sienta seguro y que le recuerde a su hogar.<\/p>\n<p style=\"text-align: justify;\">&#8211;\u00a0\u00a0\u00a0\u00a0\u00a0\u00a0\u00a0\u00a0\u00a0\u00a0Nunca le mienta, ni le haga promesas que no podr\u00e1 cumplir. No desaparezca de forma abrupta, diciendo cosas como \u201cvoy a comprar y vuelvo\u201d. Estos mensajes generan ansiedad, porque el ni\u00f1o o ni\u00f1a espera que usted vuelva y har\u00e1n que desconf\u00ede de sus acciones en el futuro.<\/p>\n<p style=\"text-align: justify;\">&#8211;\u00a0\u00a0\u00a0\u00a0\u00a0\u00a0\u00a0\u00a0\u00a0\u00a0Al retirarse del jard\u00edn infantil, diga adi\u00f3s con naturalidad y enfatice el hecho de que volver\u00e1.<\/p>\n<\/div><\/section><\/div><div  style='height:50px' class='hr hr-invisible   avia-builder-el-6  el_after_av_one_full  el_before_av_social_share '><span class='hr-inner ' ><span class='hr-inner-style'><\/span><\/span><\/div><\/p>\n<div  class='av-social-sharing-box  avia-builder-el-7  el_after_av_hr  el_before_av_hr  '><div class='av-share-box'><h5 class='av-share-link-description av-no-toc '>Compartir esta noticia<\/h5><ul class='av-share-box-list noLightbox'><li class='av-share-link av-social-link-facebook' ><a target=\"_blank\" aria-label=\"Compartir en Facebook\" href='https:\/\/www.facebook.com\/sharer.php?u=https:\/\/radiorevelacionfm.cl\/?p=19624&#038;t=Volver%20al%20jard%C3%ADn%20infantil%3A%20un%20proceso%20de%20adaptaci%C3%B3n%20de%20toda%20la%20familia' aria-hidden='false' data-av_icon='\ue8f3' data-av_iconfont='entypo-fontello' title='' data-avia-related-tooltip='Compartir en Facebook' rel=\"noopener\"><span class='avia_hidden_link_text'>Compartir en Facebook<\/span><\/a><\/li><li class='av-share-link av-social-link-twitter' ><a target=\"_blank\" aria-label=\"Compartir en Twitter\" href='https:\/\/twitter.com\/share?text=Volver%20al%20jard%C3%ADn%20infantil%3A%20un%20proceso%20de%20adaptaci%C3%B3n%20de%20toda%20la%20familia&#038;url=https:\/\/radiorevelacionfm.cl\/?p=19624' aria-hidden='false' data-av_icon='\ue8f1' data-av_iconfont='entypo-fontello' title='' data-avia-related-tooltip='Compartir en Twitter' rel=\"noopener\"><span class='avia_hidden_link_text'>Compartir en Twitter<\/span><\/a><\/li><li class='av-share-link av-social-link-whatsapp' ><a target=\"_blank\" aria-label=\"Compartir en Whatsapp\" href='https:\/\/api.whatsapp.com\/send?text=https:\/\/radiorevelacionfm.cl\/?p=19624' aria-hidden='false' data-av_icon='\uf232' data-av_iconfont='entypo-fontello' title='' data-avia-related-tooltip='Compartir en Whatsapp' rel=\"noopener\"><span class='avia_hidden_link_text'>Compartir en Whatsapp<\/span><\/a><\/li><li class='av-share-link av-social-link-linkedin' ><a target=\"_blank\" aria-label=\"Compartir en LinkedIn\" href='https:\/\/linkedin.com\/shareArticle?mini=true&#038;title=Volver%20al%20jard%C3%ADn%20infantil%3A%20un%20proceso%20de%20adaptaci%C3%B3n%20de%20toda%20la%20familia&#038;url=https:\/\/radiorevelacionfm.cl\/?p=19624' aria-hidden='false' data-av_icon='\ue8fc' data-av_iconfont='entypo-fontello' title='' data-avia-related-tooltip='Compartir en LinkedIn' rel=\"noopener\"><span class='avia_hidden_link_text'>Compartir en LinkedIn<\/span><\/a><\/li><li class='av-share-link av-social-link-mail' ><a  aria-label=\"Compartir por correo\" href='mailto:?subject=Volver%20al%20jard%C3%ADn%20infantil%3A%20un%20proceso%20de%20adaptaci%C3%B3n%20de%20toda%20la%20familia&#038;body=https:\/\/radiorevelacionfm.cl\/?p=19624' aria-hidden='false' data-av_icon='\ue805' data-av_iconfont='entypo-fontello' title='' data-avia-related-tooltip='Compartir por correo'><span class='avia_hidden_link_text'>Compartir por correo<\/span><\/a><\/li><\/ul><\/div><\/div>\n<div  style='height:50px' class='hr hr-invisible   avia-builder-el-8  el_after_av_social_share  el_before_av_comments_list '><span class='hr-inner ' ><span class='hr-inner-style'><\/span><\/span><\/div>\n<div  class='av-buildercomment  av-blog-meta-html-info-disabled av-blog-meta-tag-disabled  '><\/div>\n","protected":false},"excerpt":{"rendered":"","protected":false},"author":1,"featured_media":19625,"comment_status":"open","ping_status":"open","sticky":false,"template":"","format":"standard","meta":{"footnotes":""},"categories":[49],"tags":[],"class_list":["post-19624","post","type-post","status-publish","format-standard","has-post-thumbnail","hentry","category-educacion"],"jetpack_featured_media_url":"https:\/\/radiorevelacionfm.cl\/wp-content\/uploads\/2022\/07\/3-81-1-1.jpg","_links":{"self":[{"href":"https:\/\/radiorevelacionfm.cl\/index.php?rest_route=\/wp\/v2\/posts\/19624","targetHints":{"allow":["GET"]}}],"collection":[{"href":"https:\/\/radiorevelacionfm.cl\/index.php?rest_route=\/wp\/v2\/posts"}],"about":[{"href":"https:\/\/radiorevelacionfm.cl\/index.php?rest_route=\/wp\/v2\/types\/post"}],"author":[{"embeddable":true,"href":"https:\/\/radiorevelacionfm.cl\/index.php?rest_route=\/wp\/v2\/users\/1"}],"replies":[{"embeddable":true,"href":"https:\/\/radiorevelacionfm.cl\/index.php?rest_route=%2Fwp%2Fv2%2Fcomments&post=19624"}],"version-history":[{"count":2,"href":"https:\/\/radiorevelacionfm.cl\/index.php?rest_route=\/wp\/v2\/posts\/19624\/revisions"}],"predecessor-version":[{"id":19649,"href":"https:\/\/radiorevelacionfm.cl\/index.php?rest_route=\/wp\/v2\/posts\/19624\/revisions\/19649"}],"wp:featuredmedia":[{"embeddable":true,"href":"https:\/\/radiorevelacionfm.cl\/index.php?rest_route=\/wp\/v2\/media\/19625"}],"wp:attachment":[{"href":"https:\/\/radiorevelacionfm.cl\/index.php?rest_route=%2Fwp%2Fv2%2Fmedia&parent=19624"}],"wp:term":[{"taxonomy":"category","embeddable":true,"href":"https:\/\/radiorevelacionfm.cl\/index.php?rest_route=%2Fwp%2Fv2%2Fcategories&post=19624"},{"taxonomy":"post_tag","embeddable":true,"href":"https:\/\/radiorevelacionfm.cl\/index.php?rest_route=%2Fwp%2Fv2%2Ftags&post=19624"}],"curies":[{"name":"wp","href":"https:\/\/api.w.org\/{rel}","templated":true}]}}