{"id":19619,"date":"2022-07-25T12:57:21","date_gmt":"2022-07-25T15:57:21","guid":{"rendered":"https:\/\/radiorevelacionfm.cl\/?p=19619"},"modified":"2022-07-25T12:57:21","modified_gmt":"2022-07-25T15:57:21","slug":"invitan-a-dirigentes-sociales-de-coyhaique-a-postular-al-concurso-proyectos-comunitarios-de-ciencia-publica","status":"publish","type":"post","link":"https:\/\/radiorevelacionfm.cl\/?p=19619","title":{"rendered":"Invitan a dirigentes sociales de Coyhaique a postular al concurso Proyectos Comunitarios de Ciencia P\u00fablica"},"content":{"rendered":"<div class=\"flex_column av_one_full  flex_column_div av-zero-column-padding first  avia-builder-el-0  el_before_av_one_full  avia-builder-el-first  \" style='border-radius:0px; '><div  class='avia-image-container  av-styling-    avia-builder-el-1  avia-builder-el-no-sibling  avia-align-center '  itemprop=\"image\" itemscope=\"itemscope\" itemtype=\"https:\/\/schema.org\/ImageObject\"  ><div class='avia-image-container-inner'><div class='avia-image-overlay-wrap'><img decoding=\"async\" class='wp-image-19621 avia-img-lazy-loading-not-19621 avia_image' src=\"https:\/\/radiorevelacionfm.cl\/wp-content\/uploads\/2022\/07\/Dirigentes-sociales-1-1-1.jpeg\" alt='' title='Dirigentes sociales (1) (1)' height=\"600\" width=\"808\"  itemprop=\"thumbnailUrl\" srcset=\"https:\/\/radiorevelacionfm.cl\/wp-content\/uploads\/2022\/07\/Dirigentes-sociales-1-1-1.jpeg 808w, https:\/\/radiorevelacionfm.cl\/wp-content\/uploads\/2022\/07\/Dirigentes-sociales-1-1-1-300x223.jpeg 300w, https:\/\/radiorevelacionfm.cl\/wp-content\/uploads\/2022\/07\/Dirigentes-sociales-1-1-1-768x570.jpeg 768w, https:\/\/radiorevelacionfm.cl\/wp-content\/uploads\/2022\/07\/Dirigentes-sociales-1-1-1-705x524.jpeg 705w, https:\/\/radiorevelacionfm.cl\/wp-content\/uploads\/2022\/07\/Dirigentes-sociales-1-1-1-600x446.jpeg 600w\" sizes=\"(max-width: 808px) 100vw, 808px\" \/><\/div><\/div><\/div><\/div><div class=\"flex_column av_one_full  flex_column_div av-zero-column-padding first  avia-builder-el-2  el_after_av_one_full  el_before_av_one_full  column-top-margin\" style='border-radius:0px; '><section class=\"av_textblock_section \"  itemscope=\"itemscope\" itemtype=\"https:\/\/schema.org\/BlogPosting\" itemprop=\"blogPost\" ><div class='avia_textblock  '   itemprop=\"text\" ><p style=\"text-align: center;\"><strong><span style=\"font-size: 18pt;\">Invitan a dirigentes sociales de Coyhaique a postular al concurso Proyectos Comunitarios de Ciencia P\u00fablica<\/span><\/strong><\/p>\n<div id=\"gtx-trans\" style=\"position: absolute; left: -50px; top: 4.31534px;\">\n<div class=\"gtx-trans-icon\"><\/div>\n<\/div>\n<\/div><\/section><\/div><div class=\"flex_column av_one_full  flex_column_div av-zero-column-padding first  avia-builder-el-4  el_after_av_one_full  el_before_av_hr  column-top-margin\" style='border-radius:0px; '><section class=\"av_textblock_section \"  itemscope=\"itemscope\" itemtype=\"https:\/\/schema.org\/BlogPosting\" itemprop=\"blogPost\" ><div class='avia_textblock  '   itemprop=\"text\" ><p class=\"v1MsoNormal\" style=\"text-align: justify;\"><span lang=\"es\">Con la finalidad de incentivar la postulaci\u00f3n al concurso Proyectos Comunitarios de Divulgaci\u00f3n del Conocimiento 2022, la seremi de Ciencia, Ver\u00f3nica Vallejos, se reuni\u00f3 con un grupo de dirigentes sociales a quienes les entreg\u00f3 mayores antecedentes sobre esta convocatoria, una de las tres que abri\u00f3 Ciencia P\u00fablica este a\u00f1o, y cuyo objetivo es promover el desarrollo de iniciativas que busquen\u00a0generar conocimiento a partir de las necesidades e intereses de las propias comunidades, con el apoyo de profesionales o instituciones vinculadas a la Ciencia, Tecnolog\u00eda, Conocimiento e Innovaci\u00f3n (CTCI).<\/span><\/p>\n<p class=\"v1MsoNormal\" style=\"text-align: justify;\"><span lang=\"es\">En relaci\u00f3n al encuentro, la autoridad macrozonal se\u00f1al\u00f3 la importancia de acercarse a las personas y motivarlos a participar. \u00abEn esta oportunidad quisimos juntarnos y explicarles en qu\u00e9 consiste el concurso, les entregamos ejemplos de proyectos que se est\u00e1n ejecutando en la regi\u00f3n, como es\u00a0<i>Borde del R\u00edo del valle Simpson: Laboratorio Natural para el Rescate Patrimonial<\/i>\u00ab.<\/span><\/p>\n<p class=\"v1MsoNormal\" style=\"text-align: justify;\"><span lang=\"es\">Agreg\u00f3 que es una gran oportunidad para\u00a0<\/span><span lang=\"es\">que el conocimiento se difunda a los territorios y que las comunidades se apropien de \u00e9l. \u00abQuiero invitar a todas las organizaciones y grupos sociales a que\u00a0lean las bases, se asocien con investigadores o centros generadores de conocimiento, y presenten proyectos\u00a0innovadores\u00a0que busquen solucionar a trav\u00e9s de la ciencia alguna problem\u00e1tica que les afecte\u00bb.<\/span><\/p>\n<p class=\"v1MsoNormal\" style=\"text-align: justify;\"><span lang=\"es\">Los Concursos Ciencia P\u00fablica consideran tres instancias de postulaci\u00f3n: la habilitaci\u00f3n de espacios; la creaci\u00f3n de proyectos de difusi\u00f3n de la ciencia, conocimiento, tecnolog\u00eda e innovaci\u00f3n; y la puesta en marcha de proyectos comunitarios. Este \u00faltimo est\u00e1 dirigido a juntas de vecinos y dem\u00e1s organizaciones comunitarias, con personalidad jur\u00eddica vigente, que quieran realizar o elaborar proyectos que contribuyan a resolver problem\u00e1ticas y\/o generar nuevos conocimientos a partir de sus propias necesidades e intereses, trabajando con instituciones o especialistas vinculados a la CTCI.<\/span><\/p>\n<p class=\"v1MsoNormal\" style=\"text-align: justify;\"><span lang=\"es\">Para la convocatoria 2022 se entregar\u00e1 un monto m\u00e1ximo de $8 millones a cada proyecto para financiar el desarrollo y ejecuci\u00f3n de su propuesta. La convocatoria estar\u00e1 abierta hasta las 23:59 horas del 10 de agosto de Chile continental, y 00:59 h del 11 de agosto de Magallanes y la Ant\u00e1rtica Chilena. Las bases, anexos de postulaci\u00f3n y otras informaciones, est\u00e1n disponibles en<\/span><span lang=\"es\"><a href=\"http:\/\/www.cienciapublica.cl\/concursos\" target=\"_blank\" rel=\"noopener noreferrer\">\u00a0<\/a><a href=\"http:\/\/www.cienciapublica.cl\/concursos\" target=\"_blank\" rel=\"noopener noreferrer\">\u00a0www.cienciapublica.cl\/concursos<\/a><\/span><span lang=\"es\">.<\/span><\/p>\n<\/div><\/section><\/div><div  style='height:50px' class='hr hr-invisible   avia-builder-el-6  el_after_av_one_full  el_before_av_social_share '><span class='hr-inner ' ><span class='hr-inner-style'><\/span><\/span><\/div><\/p>\n<div  class='av-social-sharing-box  avia-builder-el-7  el_after_av_hr  el_before_av_hr  '><div class='av-share-box'><h5 class='av-share-link-description av-no-toc '>Compartir esta noticia<\/h5><ul class='av-share-box-list noLightbox'><li class='av-share-link av-social-link-facebook' ><a target=\"_blank\" aria-label=\"Compartir en Facebook\" href='https:\/\/www.facebook.com\/sharer.php?u=https:\/\/radiorevelacionfm.cl\/?p=19619&#038;t=Invitan%20a%20dirigentes%20sociales%20de%20Coyhaique%20a%20postular%20al%20concurso%20Proyectos%20Comunitarios%20de%20Ciencia%20P%C3%BAblica' aria-hidden='false' data-av_icon='\ue8f3' data-av_iconfont='entypo-fontello' title='' data-avia-related-tooltip='Compartir en Facebook' rel=\"noopener\"><span class='avia_hidden_link_text'>Compartir en Facebook<\/span><\/a><\/li><li class='av-share-link av-social-link-twitter' ><a target=\"_blank\" aria-label=\"Compartir en Twitter\" href='https:\/\/twitter.com\/share?text=Invitan%20a%20dirigentes%20sociales%20de%20Coyhaique%20a%20postular%20al%20concurso%20Proyectos%20Comunitarios%20de%20Ciencia%20P%C3%BAblica&#038;url=https:\/\/radiorevelacionfm.cl\/?p=19619' aria-hidden='false' data-av_icon='\ue8f1' data-av_iconfont='entypo-fontello' title='' data-avia-related-tooltip='Compartir en Twitter' rel=\"noopener\"><span class='avia_hidden_link_text'>Compartir en Twitter<\/span><\/a><\/li><li class='av-share-link av-social-link-whatsapp' ><a target=\"_blank\" aria-label=\"Compartir en Whatsapp\" href='https:\/\/api.whatsapp.com\/send?text=https:\/\/radiorevelacionfm.cl\/?p=19619' aria-hidden='false' data-av_icon='\uf232' data-av_iconfont='entypo-fontello' title='' data-avia-related-tooltip='Compartir en Whatsapp' rel=\"noopener\"><span class='avia_hidden_link_text'>Compartir en Whatsapp<\/span><\/a><\/li><li class='av-share-link av-social-link-linkedin' ><a target=\"_blank\" aria-label=\"Compartir en LinkedIn\" href='https:\/\/linkedin.com\/shareArticle?mini=true&#038;title=Invitan%20a%20dirigentes%20sociales%20de%20Coyhaique%20a%20postular%20al%20concurso%20Proyectos%20Comunitarios%20de%20Ciencia%20P%C3%BAblica&#038;url=https:\/\/radiorevelacionfm.cl\/?p=19619' aria-hidden='false' data-av_icon='\ue8fc' data-av_iconfont='entypo-fontello' title='' data-avia-related-tooltip='Compartir en LinkedIn' rel=\"noopener\"><span class='avia_hidden_link_text'>Compartir en LinkedIn<\/span><\/a><\/li><li class='av-share-link av-social-link-mail' ><a  aria-label=\"Compartir por correo\" href='mailto:?subject=Invitan%20a%20dirigentes%20sociales%20de%20Coyhaique%20a%20postular%20al%20concurso%20Proyectos%20Comunitarios%20de%20Ciencia%20P%C3%BAblica&#038;body=https:\/\/radiorevelacionfm.cl\/?p=19619' aria-hidden='false' data-av_icon='\ue805' data-av_iconfont='entypo-fontello' title='' data-avia-related-tooltip='Compartir por correo'><span class='avia_hidden_link_text'>Compartir por correo<\/span><\/a><\/li><\/ul><\/div><\/div>\n<div  style='height:50px' class='hr hr-invisible   avia-builder-el-8  el_after_av_social_share  el_before_av_comments_list '><span class='hr-inner ' ><span class='hr-inner-style'><\/span><\/span><\/div>\n<div  class='av-buildercomment  av-blog-meta-html-info-disabled av-blog-meta-tag-disabled  '><\/div>\n","protected":false},"excerpt":{"rendered":"","protected":false},"author":1,"featured_media":19621,"comment_status":"open","ping_status":"open","sticky":false,"template":"","format":"standard","meta":{"footnotes":""},"categories":[53],"tags":[],"class_list":["post-19619","post","type-post","status-publish","format-standard","has-post-thumbnail","hentry","category-ciencia"],"jetpack_featured_media_url":"https:\/\/radiorevelacionfm.cl\/wp-content\/uploads\/2022\/07\/Dirigentes-sociales-1-1-1.jpeg","_links":{"self":[{"href":"https:\/\/radiorevelacionfm.cl\/index.php?rest_route=\/wp\/v2\/posts\/19619","targetHints":{"allow":["GET"]}}],"collection":[{"href":"https:\/\/radiorevelacionfm.cl\/index.php?rest_route=\/wp\/v2\/posts"}],"about":[{"href":"https:\/\/radiorevelacionfm.cl\/index.php?rest_route=\/wp\/v2\/types\/post"}],"author":[{"embeddable":true,"href":"https:\/\/radiorevelacionfm.cl\/index.php?rest_route=\/wp\/v2\/users\/1"}],"replies":[{"embeddable":true,"href":"https:\/\/radiorevelacionfm.cl\/index.php?rest_route=%2Fwp%2Fv2%2Fcomments&post=19619"}],"version-history":[{"count":2,"href":"https:\/\/radiorevelacionfm.cl\/index.php?rest_route=\/wp\/v2\/posts\/19619\/revisions"}],"predecessor-version":[{"id":19623,"href":"https:\/\/radiorevelacionfm.cl\/index.php?rest_route=\/wp\/v2\/posts\/19619\/revisions\/19623"}],"wp:featuredmedia":[{"embeddable":true,"href":"https:\/\/radiorevelacionfm.cl\/index.php?rest_route=\/wp\/v2\/media\/19621"}],"wp:attachment":[{"href":"https:\/\/radiorevelacionfm.cl\/index.php?rest_route=%2Fwp%2Fv2%2Fmedia&parent=19619"}],"wp:term":[{"taxonomy":"category","embeddable":true,"href":"https:\/\/radiorevelacionfm.cl\/index.php?rest_route=%2Fwp%2Fv2%2Fcategories&post=19619"},{"taxonomy":"post_tag","embeddable":true,"href":"https:\/\/radiorevelacionfm.cl\/index.php?rest_route=%2Fwp%2Fv2%2Ftags&post=19619"}],"curies":[{"name":"wp","href":"https:\/\/api.w.org\/{rel}","templated":true}]}}