{"id":19615,"date":"2022-07-25T12:17:45","date_gmt":"2022-07-25T15:17:45","guid":{"rendered":"https:\/\/radiorevelacionfm.cl\/?p=19615"},"modified":"2022-07-27T23:15:03","modified_gmt":"2022-07-28T02:15:03","slug":"habitantes-de-puerto-gala-y-raul-marin-balmaceda-molestos-por-los-reiterados-cortes-de-energia-electrica-en-sus-localidades","status":"publish","type":"post","link":"https:\/\/radiorevelacionfm.cl\/?p=19615","title":{"rendered":"Habitantes de Puerto Gala y Ra\u00fal Mar\u00edn Balmaceda molestos por los reiterados cortes de energ\u00eda el\u00e9ctrica en sus localidades"},"content":{"rendered":"<div class=\"flex_column av_one_full  flex_column_div av-zero-column-padding first  avia-builder-el-0  el_before_av_one_full  avia-builder-el-first  \" style='border-radius:0px; '><div  class='avia-image-container  av-styling-    avia-builder-el-1  avia-builder-el-no-sibling  avia-align-center '  itemprop=\"image\" itemscope=\"itemscope\" itemtype=\"https:\/\/schema.org\/ImageObject\"  ><div class='avia-image-container-inner'><div class='avia-image-overlay-wrap'><img decoding=\"async\" class='wp-image-19616 avia-img-lazy-loading-not-19616 avia_image' src=\"https:\/\/radiorevelacionfm.cl\/wp-content\/uploads\/2022\/07\/275129493_478704257303893_8811530105819026883_n-1_optimized.jpg\" alt='' title='275129493_478704257303893_8811530105819026883_n-(1)_optimized' height=\"600\" width=\"872\"  itemprop=\"thumbnailUrl\" srcset=\"https:\/\/radiorevelacionfm.cl\/wp-content\/uploads\/2022\/07\/275129493_478704257303893_8811530105819026883_n-1_optimized.jpg 872w, https:\/\/radiorevelacionfm.cl\/wp-content\/uploads\/2022\/07\/275129493_478704257303893_8811530105819026883_n-1_optimized-300x206.jpg 300w, https:\/\/radiorevelacionfm.cl\/wp-content\/uploads\/2022\/07\/275129493_478704257303893_8811530105819026883_n-1_optimized-768x528.jpg 768w, https:\/\/radiorevelacionfm.cl\/wp-content\/uploads\/2022\/07\/275129493_478704257303893_8811530105819026883_n-1_optimized-705x485.jpg 705w, https:\/\/radiorevelacionfm.cl\/wp-content\/uploads\/2022\/07\/275129493_478704257303893_8811530105819026883_n-1_optimized-600x413.jpg 600w\" sizes=\"(max-width: 872px) 100vw, 872px\" \/><\/div><\/div><\/div><\/div>\n<div class=\"flex_column av_one_full  flex_column_div av-zero-column-padding first  avia-builder-el-2  el_after_av_one_full  el_before_av_one_full  column-top-margin\" style='border-radius:0px; '><section class=\"av_textblock_section \"  itemscope=\"itemscope\" itemtype=\"https:\/\/schema.org\/BlogPosting\" itemprop=\"blogPost\" ><div class='avia_textblock  '   itemprop=\"text\" ><p style=\"text-align: center;\"><strong><span style=\"font-size: 18pt;\">Habitantes de Puerto Gala y Ra\u00fal Mar\u00edn Balmaceda molestos por los reiterados cortes de energ\u00eda el\u00e9ctrica en sus localidades<\/span><\/strong><\/p>\n<div id=\"gtx-trans\" style=\"position: absolute; left: -50px; top: 4.31534px;\">\n<div class=\"gtx-trans-icon\"><\/div>\n<\/div>\n<\/div><\/section><\/div>\n<div class=\"flex_column av_one_full  flex_column_div av-zero-column-padding first  avia-builder-el-4  el_after_av_one_full  el_before_av_hr  column-top-margin\" style='border-radius:0px; '><section class=\"av_textblock_section \"  itemscope=\"itemscope\" itemtype=\"https:\/\/schema.org\/BlogPosting\" itemprop=\"blogPost\" ><div class='avia_textblock  '   itemprop=\"text\" ><div class=\"\" data-block=\"true\" data-editor=\"emcd3\" data-offset-key=\"38n5t-0-0\"><\/div>\n<div class=\"\" style=\"text-align: justify;\" data-block=\"true\" data-editor=\"emcd3\" data-offset-key=\"8qlq5-0-0\">\n<div data-offset-key=\"8qlq5-0-0\">\n<p style=\"text-align: justify;\">M\u00e1s de 48 horas sin energ\u00eda el\u00e9ctrica a debido enfrentar nuevamente la comunidad de Ra\u00fal Mar\u00edn Balmaceda, una vez m\u00e1s el generador a presentado fallas dejando a los vecinos sin luz.<\/p>\n<p style=\"text-align: justify;\">Recordemos que en febrero de este a\u00f1o la comunidad en forma de protesta se tom\u00f3 la barcaza de Naviera Austral, como medida de presi\u00f3n para exigir a las autoridades una soluci\u00f3n, desde esa fecha han tenido que enfrentar una serie de inconvenientes que afectan la calidad de vida de la litorale\u00f1a localidad.<\/p>\n<p style=\"text-align: justify;\">En el mes de marzo tras gestiones entre el Comit\u00e9 local, la Municipalidad de Cisnes, y empresas privadas lograron obtener un nuevo generador para la comunidad, tras fallidas instalaciones de otros equipos.<\/p>\n<p style=\"text-align: justify;\">En su momento, el alcalde de la comuna de Cisnes, Francisco Roncagliolo y Concejales, se hicieron presentes y sostuvieron diversas reuniones con los vecinos\/as. Posteriormente la Gobernadora Regional Andrea Mac\u00edas visit\u00f3 la localidad, comprometiendo recursos y una licitaci\u00f3n para nuevos generadores, para una soluci\u00f3n a esta problem\u00e1tica.<\/p>\n<p style=\"text-align: justify;\">Transcurridos los meses la situaci\u00f3n se repite y la comunidad nuevamente vuelve a enfrentar los cortes y la falta de energ\u00eda. Similar situaci\u00f3n viven los habitantes de Puerto Gala, donde el Comit\u00e9 de Agua y Luz trabajan haciendo lo posible para que todo funcione, pero esta situaci\u00f3n escapa a lo que como Comit\u00e9 pueden gestionar, se requiere la intervenci\u00f3n de las autoridades comunales y regionales para una soluci\u00f3n definitiva y que los pobladores no sigan viviendo en estas condiciones, no sigan siendo postergados y olvidados y que los compromisos se cumplan.<\/p>\n<\/div>\n<\/div>\n<div class=\"\" style=\"text-align: justify;\" data-block=\"true\" data-editor=\"emcd3\" data-offset-key=\"at12c-0-0\">\n<div class=\"_1mf _1mj\" data-offset-key=\"at12c-0-0\"><span data-offset-key=\"at12c-0-0\">\u00a0<\/span><\/div>\n<\/div>\n<div class=\"\" data-block=\"true\" data-editor=\"emcd3\" data-offset-key=\"842kj-0-0\">\n<div class=\"_1mf _1mj\" style=\"text-align: justify;\" data-offset-key=\"842kj-0-0\"><\/div>\n<\/div>\n<\/div><\/section><\/div><div  style='height:50px' class='hr hr-invisible   avia-builder-el-6  el_after_av_one_full  el_before_av_social_share '><span class='hr-inner ' ><span class='hr-inner-style'><\/span><\/span><\/div><\/p>\n<div  class='av-social-sharing-box  avia-builder-el-7  el_after_av_hr  el_before_av_hr  '><div class='av-share-box'><h5 class='av-share-link-description av-no-toc '>Compartir esta noticia<\/h5><ul class='av-share-box-list noLightbox'><li class='av-share-link av-social-link-facebook' ><a target=\"_blank\" aria-label=\"Compartir en Facebook\" href='https:\/\/www.facebook.com\/sharer.php?u=https:\/\/radiorevelacionfm.cl\/?p=19615&#038;t=Habitantes%20de%20Puerto%20Gala%20y%20Ra%C3%BAl%20Mar%C3%ADn%20Balmaceda%20molestos%20por%20los%20reiterados%20cortes%20de%20energ%C3%ADa%20el%C3%A9ctrica%20en%20sus%20localidades' aria-hidden='false' data-av_icon='\ue8f3' data-av_iconfont='entypo-fontello' title='' data-avia-related-tooltip='Compartir en Facebook' rel=\"noopener\"><span class='avia_hidden_link_text'>Compartir en Facebook<\/span><\/a><\/li><li class='av-share-link av-social-link-twitter' ><a target=\"_blank\" aria-label=\"Compartir en Twitter\" href='https:\/\/twitter.com\/share?text=Habitantes%20de%20Puerto%20Gala%20y%20Ra%C3%BAl%20Mar%C3%ADn%20Balmaceda%20molestos%20por%20los%20reiterados%20cortes%20de%20energ%C3%ADa%20el%C3%A9ctrica%20en%20sus%20localidades&#038;url=https:\/\/radiorevelacionfm.cl\/?p=19615' aria-hidden='false' data-av_icon='\ue8f1' data-av_iconfont='entypo-fontello' title='' data-avia-related-tooltip='Compartir en Twitter' rel=\"noopener\"><span class='avia_hidden_link_text'>Compartir en Twitter<\/span><\/a><\/li><li class='av-share-link av-social-link-whatsapp' ><a target=\"_blank\" aria-label=\"Compartir en Whatsapp\" href='https:\/\/api.whatsapp.com\/send?text=https:\/\/radiorevelacionfm.cl\/?p=19615' aria-hidden='false' data-av_icon='\uf232' data-av_iconfont='entypo-fontello' title='' data-avia-related-tooltip='Compartir en Whatsapp' rel=\"noopener\"><span class='avia_hidden_link_text'>Compartir en Whatsapp<\/span><\/a><\/li><li class='av-share-link av-social-link-linkedin' ><a target=\"_blank\" aria-label=\"Compartir en LinkedIn\" href='https:\/\/linkedin.com\/shareArticle?mini=true&#038;title=Habitantes%20de%20Puerto%20Gala%20y%20Ra%C3%BAl%20Mar%C3%ADn%20Balmaceda%20molestos%20por%20los%20reiterados%20cortes%20de%20energ%C3%ADa%20el%C3%A9ctrica%20en%20sus%20localidades&#038;url=https:\/\/radiorevelacionfm.cl\/?p=19615' aria-hidden='false' data-av_icon='\ue8fc' data-av_iconfont='entypo-fontello' title='' data-avia-related-tooltip='Compartir en LinkedIn' rel=\"noopener\"><span class='avia_hidden_link_text'>Compartir en LinkedIn<\/span><\/a><\/li><li class='av-share-link av-social-link-mail' ><a  aria-label=\"Compartir por correo\" href='mailto:?subject=Habitantes%20de%20Puerto%20Gala%20y%20Ra%C3%BAl%20Mar%C3%ADn%20Balmaceda%20molestos%20por%20los%20reiterados%20cortes%20de%20energ%C3%ADa%20el%C3%A9ctrica%20en%20sus%20localidades&#038;body=https:\/\/radiorevelacionfm.cl\/?p=19615' aria-hidden='false' data-av_icon='\ue805' data-av_iconfont='entypo-fontello' title='' data-avia-related-tooltip='Compartir por correo'><span class='avia_hidden_link_text'>Compartir por correo<\/span><\/a><\/li><\/ul><\/div><\/div>\n<div  style='height:50px' class='hr hr-invisible   avia-builder-el-8  el_after_av_social_share  el_before_av_comments_list '><span class='hr-inner ' ><span class='hr-inner-style'><\/span><\/span><\/div>\n<div  class='av-buildercomment  av-blog-meta-html-info-disabled av-blog-meta-tag-disabled  '><\/div>\n","protected":false},"excerpt":{"rendered":"","protected":false},"author":1,"featured_media":19616,"comment_status":"open","ping_status":"open","sticky":false,"template":"","format":"standard","meta":{"footnotes":""},"categories":[38],"tags":[],"class_list":["post-19615","post","type-post","status-publish","format-standard","has-post-thumbnail","hentry","category-regional"],"jetpack_featured_media_url":"https:\/\/radiorevelacionfm.cl\/wp-content\/uploads\/2022\/07\/275129493_478704257303893_8811530105819026883_n-1_optimized.jpg","_links":{"self":[{"href":"https:\/\/radiorevelacionfm.cl\/index.php?rest_route=\/wp\/v2\/posts\/19615","targetHints":{"allow":["GET"]}}],"collection":[{"href":"https:\/\/radiorevelacionfm.cl\/index.php?rest_route=\/wp\/v2\/posts"}],"about":[{"href":"https:\/\/radiorevelacionfm.cl\/index.php?rest_route=\/wp\/v2\/types\/post"}],"author":[{"embeddable":true,"href":"https:\/\/radiorevelacionfm.cl\/index.php?rest_route=\/wp\/v2\/users\/1"}],"replies":[{"embeddable":true,"href":"https:\/\/radiorevelacionfm.cl\/index.php?rest_route=%2Fwp%2Fv2%2Fcomments&post=19615"}],"version-history":[{"count":3,"href":"https:\/\/radiorevelacionfm.cl\/index.php?rest_route=\/wp\/v2\/posts\/19615\/revisions"}],"predecessor-version":[{"id":19743,"href":"https:\/\/radiorevelacionfm.cl\/index.php?rest_route=\/wp\/v2\/posts\/19615\/revisions\/19743"}],"wp:featuredmedia":[{"embeddable":true,"href":"https:\/\/radiorevelacionfm.cl\/index.php?rest_route=\/wp\/v2\/media\/19616"}],"wp:attachment":[{"href":"https:\/\/radiorevelacionfm.cl\/index.php?rest_route=%2Fwp%2Fv2%2Fmedia&parent=19615"}],"wp:term":[{"taxonomy":"category","embeddable":true,"href":"https:\/\/radiorevelacionfm.cl\/index.php?rest_route=%2Fwp%2Fv2%2Fcategories&post=19615"},{"taxonomy":"post_tag","embeddable":true,"href":"https:\/\/radiorevelacionfm.cl\/index.php?rest_route=%2Fwp%2Fv2%2Ftags&post=19615"}],"curies":[{"name":"wp","href":"https:\/\/api.w.org\/{rel}","templated":true}]}}